{"id":12579,"date":"2020-05-20T07:50:43","date_gmt":"2020-05-20T07:50:43","guid":{"rendered":"https:\/\/gazetaregionalna.com\/?p=12579"},"modified":"2020-05-20T07:50:47","modified_gmt":"2020-05-20T07:50:47","slug":"dzieci-narysuja-kartki-ktore-pomoga-ich-rowiesnikom","status":"publish","type":"post","link":"https:\/\/gazetaregionalna.com\/?p=12579","title":{"rendered":"Dzieci narysuj\u0105 kartki, kt\u00f3re pomog\u0105 ich r\u00f3wie\u015bnikom"},"content":{"rendered":"\n<p> Samorz\u0105d Radomska og\u0142osi\u0142 w\u015br\u00f3d najm\u0142odszych mieszka\u0144c\u00f3w miasta konkurs na kartk\u0119 pocztow\u0105 &#8211; &#8222;Pozdrowienia z Radomska&#8221;. Swoje prace drog\u0105 mejlow\u0105 mog\u0105 nadsy\u0142a\u0107 przedszkolaki oraz uczniowie radomszcza\u0144skich szk\u00f3\u0142 podstawowych. Nagrodzone poczt\u00f3wki b\u0119d\u0105 rozprowadzana w formie cegie\u0142ek przez lokalne organizacje zbieraj\u0105ce fundusze na rzecz na dzieci chorych i niepe\u0142nosprawnych w mie\u015bcie.<\/p>\n\n\n\n<p><br> Jak informuj\u0105 organizatorzy, kartka ma nawi\u0105zywa\u0107 do miasta \u2013 jego architektury, ludzi, kultury, przesz\u0142o\u015bci historycznej lub aktualnej roli i znaczenia miasta. Prac\u0119 mo\u017cna wykona\u0107 w dowolnej technice. Ka\u017cdy uczestnik mo\u017ce nades\u0142a\u0107 na konkurs tylko jedn\u0105 prac\u0119. Komisja konkursowa wy\u0142oni laureat\u00f3w w trzech kategoriach:<br>     I \u2013 w grupie wiekowej do 6 roku \u017cycia;<br>     II \u2013 uczni\u00f3w szko\u0142y podstawowej w wieku 7\u201310 lat;<br>     III \u2013 uczni\u00f3w szko\u0142y podstawowej w wieku 11 \u2013 15 lat.<\/p>\n\n\n\n<p><br> Kartki nale\u017cy przes\u0142a\u0107 drog\u0105 elektroniczn\u0105 do 25 maja 2020 r. do godz. 15.30 na adres pozdrowieniazradomska@radomsko.pl (mo\u017ce to by\u0107 skan lub zdj\u0119cie pracy). Do wiadomo\u015bci nale\u017cy do\u0142\u0105czy\u0107 wype\u0142nione za\u0142\u0105czniki z refulaminu konkursu, kt\u00f3ry znajduje si\u0119 na stronie internetowej Radomska.<\/p>\n\n\n\n<p><br> Og\u0142oszenie wynik\u00f3w konkursu nast\u0105pi w dniu 1 czerwca 2020 r. na stronie internetowej Miasta Radomska (www.radomsko.pl) oraz na facebooku (Radomsko Miasto Otwarte).<br> (\u0179r\u00f3d\u0142o: UM Radomsko)<\/p>\n\n\n\n<p>(Fot. pixabay)<\/p>\n","protected":false},"excerpt":{"rendered":"<p>Samorz\u0105d Radomska og\u0142osi\u0142 w\u015br\u00f3d najm\u0142odszych mieszka\u0144c\u00f3w miasta konkurs na kartk\u0119 pocztow\u0105 &#8211; &#8222;Pozdrowienia z Radomska&#8221;. Swoje prace drog\u0105 mejlow\u0105 mog\u0105 nadsy\u0142a\u0107 przedszkolaki oraz uczniowie<\/p>\n","protected":false},"author":7,"featured_media":12580,"comment_status":"open","ping_status":"open","sticky":false,"template":"","format":"standard","meta":{"_monsterinsights_skip_tracking":false,"_monsterinsights_sitenote_active":false,"_monsterinsights_sitenote_note":"","_monsterinsights_sitenote_category":0,"_uf_show_specific_survey":0,"_uf_disable_surveys":false,"footnotes":""},"categories":[41,94,28,2],"tags":[],"class_list":["post-12579","post","type-post","status-publish","format-standard","has-post-thumbnail","hentry","category-edukacja","category-polecane","category-radomsko","category-wiadomosci"],"_links":{"self":[{"href":"https:\/\/gazetaregionalna.com\/index.php?rest_route=\/wp\/v2\/posts\/12579","targetHints":{"allow":["GET"]}}],"collection":[{"href":"https:\/\/gazetaregionalna.com\/index.php?rest_route=\/wp\/v2\/posts"}],"about":[{"href":"https:\/\/gazetaregionalna.com\/index.php?rest_route=\/wp\/v2\/types\/post"}],"author":[{"embeddable":true,"href":"https:\/\/gazetaregionalna.com\/index.php?rest_route=\/wp\/v2\/users\/7"}],"replies":[{"embeddable":true,"href":"https:\/\/gazetaregionalna.com\/index.php?rest_route=%2Fwp%2Fv2%2Fcomments&post=12579"}],"version-history":[{"count":1,"href":"https:\/\/gazetaregionalna.com\/index.php?rest_route=\/wp\/v2\/posts\/12579\/revisions"}],"predecessor-version":[{"id":12581,"href":"https:\/\/gazetaregionalna.com\/index.php?rest_route=\/wp\/v2\/posts\/12579\/revisions\/12581"}],"wp:featuredmedia":[{"embeddable":true,"href":"https:\/\/gazetaregionalna.com\/index.php?rest_route=\/wp\/v2\/media\/12580"}],"wp:attachment":[{"href":"https:\/\/gazetaregionalna.com\/index.php?rest_route=%2Fwp%2Fv2%2Fmedia&parent=12579"}],"wp:term":[{"taxonomy":"category","embeddable":true,"href":"https:\/\/gazetaregionalna.com\/index.php?rest_route=%2Fwp%2Fv2%2Fcategories&post=12579"},{"taxonomy":"post_tag","embeddable":true,"href":"https:\/\/gazetaregionalna.com\/index.php?rest_route=%2Fwp%2Fv2%2Ftags&post=12579"}],"curies":[{"name":"wp","href":"https:\/\/api.w.org\/{rel}","templated":true}]}}