{"id":125492,"date":"2024-05-30T09:25:37","date_gmt":"2024-05-30T09:25:37","guid":{"rendered":"https:\/\/gazetaregionalna.com\/?p=125492"},"modified":"2024-05-30T09:25:38","modified_gmt":"2024-05-30T09:25:38","slug":"w-piatkowym-meczu-z-gkm-grudziadz-krono-plast-wlokniarz-wystapi-bez-kontuzjowanego-kacpra-halkiewicza-awizowane-sklady","status":"publish","type":"post","link":"https:\/\/gazetaregionalna.com\/?p=125492","title":{"rendered":"W pi\u0105tkowym meczu z GKM Grudzi\u0105dz Krono-Plast W\u0142\u00f3kniarz wyst\u0105pi bez kontuzjowanego Kacpra Halkiewicza [AWIZOWANE SK\u0141ADY]"},"content":{"rendered":"\n<p>Dru\u017cyny w PGE Ekstralidze ko\u0144cz\u0105 w weekend pierwsz\u0105 cz\u0119\u015b\u0107 rozgrywek. W 7 kolejce Krono-Plast W\u0142\u00f3kniarz podejmuje GKM Grudzi\u0105dz. Przed meczem klub przygotowa\u0142 wiele atrakcji dla najm\u0142odszych kibic\u00f3w z okazji Dnia Dziecka&#8230;<\/p>\n\n\n\n<p>W miniony wtorek \u017cu\u017clowcy Krono-Plast W\u0142\u00f3kniarz pokonali po widowiskowym i pe\u0142nym walki meczu Apator Toru\u0144 i odnie\u015bli pierwsze zwyci\u0119stwo w sezonie. W pi\u0105tek chc\u0105 i\u015b\u0107 za ciosem i wygra\u0107 z GKM-em Grudzi\u0105dz. Trzy najs\u0142absze zespo\u0142y w tabeli maj\u0105 po 3 punkty. S\u0105 to: Fogo Unia Leszno, NowyHotel Falubaz Zielona G\u00f3ra i Krono-Plast W\u0142\u00f3kniarz. Po 4 punkty maj\u0105: GKM Grudzi\u0105dz i Apator Toru\u0144. Je\u015bli cz\u0119stochowscy \u017cu\u017clowcy w pi\u0105tek pokonaj\u0105 GKM to przeskocz\u0105 GKM w tabeli i poprawi\u0105 swoje notowania. Kibice jednak nie zastanawiaj\u0105 si\u0119 czy Krono-Plast wygra tylko jak\u0105 ilo\u015bci\u0105 punkt\u00f3w? Bo te b\u0119d\u0105 potrzebne w rundzie rewan\u017cowej do zdobycia punktu bonusowego&#8230;<\/p>\n\n\n\n<p>W pi\u0105tkowym meczu podopieczni trenera Janusza \u015al\u0105czki b\u0119d\u0105 os\u0142abieni. Nie pojedzie Kacper Halkiewicz, kt\u00f3ry w \u015brodowym Finale Srebrnego Kasku zanotowa\u0142 upadek i z\u0142ama\u0142 obojczyk.<\/p>\n\n\n\n<p>Liderem GKM-u jest Max Fricke, kt\u00f3ry w 5. meczach uzyska\u0142 \u015bredni\u0105 biegow\u0105 2,32 co daje mu 5. miejsce w PGE Ekstralidze. Na 15. miejscu jest Vadim Tarasenko ze \u015bredni\u0105 1,96. Na 27. pozycji jest Jaimon Lidsey (1,58), na 30. Jason Doyle (1,55), na 39. Kacper \u0141obodzi\u0144ski (1,31), na 44. Kevin Ma\u0142kiewicz (1,20), a na 58. Kacper Pludra (0,68). Za Doyla GKM z pewno\u015bci\u0105 zastosuje z\/z.<\/p>\n\n\n\n<p>Niekwestionowanym liderem cz\u0119stochowskich \u201eLw\u00f3w\u201d jest trzeci zawodnik PGE Ekstraligi Leon Madsen (2,35). Na miejscach 23.-25. sklasyfikowani s\u0105 kolejno: Kacper Woryna (1,72), Mads Hansen (1,70) i Mikkel Michelsen (1,69). Maksym Drabik jest na 37. miejscu (1,47), Kajetan Kupiec na 50 (0,94), na 57. Kacper Halkiewicz (0,71), a na 60. Szymon Ludwiczak (0,66).<\/p>\n\n\n\n<p>Z okazji przypadaj\u0105cego na 1 czerwca Dnia Dizecka klub przygotowa\u0142 te\u017c atrakcje dla najm\u0142odszych kibic\u00f3w. &#8211; Na to szczeg\u00f3lne wydarzenie przygotowali\u015bmy mas\u0119 atrakcji dla dzieci, kt\u00f3re dost\u0119pne b\u0119d\u0105 od godziny 18:30 a\u017c do rozpocz\u0119cia \u015bcigania na Krono-Plast Arenie \u2013 informuje rzecznik prasowy klubu Mateusz \u017bes\u0142awski. &#8211; Podczas uroczysto\u015bci nasi najm\u0142odsi fani b\u0119d\u0105 mie\u0107 do dyspozycji mi\u0119dzy innymi animacje dla dzieci w towarzystwie animatorek z firmy Weso\u0142o Mi z Cz\u0119stochowy oraz dmuchany zamek w barwach naszego klubu od firmy Pol-fun. Dodatkowo wystawione zostanie specjalnie stoisko klubu mini\u017cu\u017clowego\/pitbike Stilmar W\u0142\u00f3kniarz Cz\u0119stochowa, a czas umila\u0107 Wam b\u0119dzie klubowa maskotka.<\/p>\n\n\n\n<p>Pocz\u0105tek pi\u0105tkowego meczu zaplanowano o godz. 20:30. O 20:15 rozpocznie si\u0119 prezentacja zawodnik\u00f3w. <\/p>\n\n\n\n<p><strong>MR-K<\/strong>, fot: <strong>AK<\/strong><\/p>\n\n\n\n<p>Partnerami relacji sportowych s\u0105:<\/p>\n\n\n\n<p><strong>DMK Invest<\/strong> materia\u0142y budowlane Konopiska (www.dmkinvest.pl)<\/p>\n\n\n\n<p><strong>Fonex<\/strong>. Alarmy i monitoringi (www.fonex.pl)<\/p>\n\n\n\n<p><strong>Sk\u0142ady awizowane:<\/strong><\/p>\n\n\n\n<p><strong>ZOOleszcz GKM Grudzi\u0105dz<\/strong><\/p>\n\n\n\n<p>1. Max Fricke<\/p>\n\n\n\n<p>2. Jason Doyle<\/p>\n\n\n\n<p>3. Kacper Pludra<\/p>\n\n\n\n<p>4. Jaimon Lidsey<\/p>\n\n\n\n<p>5. Vadim Tarasenko<\/p>\n\n\n\n<p>6. Kacper \u0141obodzi\u0144ski<\/p>\n\n\n\n<p>7. Kevin Ma\u0142kiewicz<\/p>\n\n\n\n<p><strong>KRONO-PLAST W\u0142\u00f3kniarz Cz\u0119stochowa<\/strong><\/p>\n\n\n\n<p>9. Mikkel Michelsen<\/p>\n\n\n\n<p>10. Maksym Drabik<\/p>\n\n\n\n<p>11. Kacper Woryna<\/p>\n\n\n\n<p>12. Mads Hansen<\/p>\n\n\n\n<p>13. Leon Madsen<\/p>\n\n\n\n<p>14. Igor Nabia\u0142kowski<\/p>\n\n\n\n<p>15. Kajetan Kupiec<\/p>\n\n\n\n<figure class=\"wp-block-image size-large\"><img decoding=\"async\" width=\"1024\" height=\"612\" data-src=\"https:\/\/gazetaregionalna.com\/wp-content\/uploads\/2024\/05\/20240528-Wlokniarz-Apator-15-1024x612.jpg\" alt=\"\" class=\"wp-image-125493 lazyload\" data-srcset=\"https:\/\/gazetaregionalna.com\/wp-content\/uploads\/2024\/05\/20240528-Wlokniarz-Apator-15-1024x612.jpg 1024w, https:\/\/gazetaregionalna.com\/wp-content\/uploads\/2024\/05\/20240528-Wlokniarz-Apator-15-300x179.jpg 300w, https:\/\/gazetaregionalna.com\/wp-content\/uploads\/2024\/05\/20240528-Wlokniarz-Apator-15-768x459.jpg 768w, https:\/\/gazetaregionalna.com\/wp-content\/uploads\/2024\/05\/20240528-Wlokniarz-Apator-15-1536x918.jpg 1536w, https:\/\/gazetaregionalna.com\/wp-content\/uploads\/2024\/05\/20240528-Wlokniarz-Apator-15-2048x1224.jpg 2048w, https:\/\/gazetaregionalna.com\/wp-content\/uploads\/2024\/05\/20240528-Wlokniarz-Apator-15-184x109.jpg 184w, https:\/\/gazetaregionalna.com\/wp-content\/uploads\/2024\/05\/20240528-Wlokniarz-Apator-15-scaled.jpg 1600w\" data-sizes=\"(max-width: 1024px) 100vw, 1024px\" src=\"data:image\/svg+xml;base64,PHN2ZyB3aWR0aD0iMSIgaGVpZ2h0PSIxIiB4bWxucz0iaHR0cDovL3d3dy53My5vcmcvMjAwMC9zdmciPjwvc3ZnPg==\" style=\"--smush-placeholder-width: 1024px; --smush-placeholder-aspect-ratio: 1024\/612;\" \/><\/figure>\n\n\n\n<figure class=\"wp-block-image size-large\"><img decoding=\"async\" width=\"1024\" height=\"677\" data-src=\"https:\/\/gazetaregionalna.com\/wp-content\/uploads\/2024\/05\/20240528-Wlokniarz-Apator-0-1024x677.jpg\" alt=\"\" class=\"wp-image-125435 lazyload\" data-srcset=\"https:\/\/gazetaregionalna.com\/wp-content\/uploads\/2024\/05\/20240528-Wlokniarz-Apator-0-1024x677.jpg 1024w, https:\/\/gazetaregionalna.com\/wp-content\/uploads\/2024\/05\/20240528-Wlokniarz-Apator-0-300x198.jpg 300w, https:\/\/gazetaregionalna.com\/wp-content\/uploads\/2024\/05\/20240528-Wlokniarz-Apator-0-768x508.jpg 768w, https:\/\/gazetaregionalna.com\/wp-content\/uploads\/2024\/05\/20240528-Wlokniarz-Apator-0-1536x1015.jpg 1536w, https:\/\/gazetaregionalna.com\/wp-content\/uploads\/2024\/05\/20240528-Wlokniarz-Apator-0-2048x1354.jpg 2048w, https:\/\/gazetaregionalna.com\/wp-content\/uploads\/2024\/05\/20240528-Wlokniarz-Apator-0-scaled.jpg 1600w\" data-sizes=\"(max-width: 1024px) 100vw, 1024px\" src=\"data:image\/svg+xml;base64,PHN2ZyB3aWR0aD0iMSIgaGVpZ2h0PSIxIiB4bWxucz0iaHR0cDovL3d3dy53My5vcmcvMjAwMC9zdmciPjwvc3ZnPg==\" style=\"--smush-placeholder-width: 1024px; --smush-placeholder-aspect-ratio: 1024\/677;\" \/><\/figure>\n\n\n\n<figure class=\"wp-block-image size-large\"><img decoding=\"async\" width=\"1024\" height=\"1024\" data-src=\"https:\/\/gazetaregionalna.com\/wp-content\/uploads\/2024\/04\/DMK-Invest-3-1024x1024.jpg\" alt=\"\" class=\"wp-image-123884 lazyload\" data-srcset=\"https:\/\/gazetaregionalna.com\/wp-content\/uploads\/2024\/04\/DMK-Invest-3-1024x1024.jpg 1024w, https:\/\/gazetaregionalna.com\/wp-content\/uploads\/2024\/04\/DMK-Invest-3-300x300.jpg 300w, https:\/\/gazetaregionalna.com\/wp-content\/uploads\/2024\/04\/DMK-Invest-3-150x150.jpg 150w, https:\/\/gazetaregionalna.com\/wp-content\/uploads\/2024\/04\/DMK-Invest-3-768x768.jpg 768w, https:\/\/gazetaregionalna.com\/wp-content\/uploads\/2024\/04\/DMK-Invest-3-1536x1536.jpg 1536w, https:\/\/gazetaregionalna.com\/wp-content\/uploads\/2024\/04\/DMK-Invest-3-2048x2048.jpg 2048w, https:\/\/gazetaregionalna.com\/wp-content\/uploads\/2024\/04\/DMK-Invest-3-215x215.jpg 215w, https:\/\/gazetaregionalna.com\/wp-content\/uploads\/2024\/04\/DMK-Invest-3-scaled.jpg 1600w\" data-sizes=\"(max-width: 1024px) 100vw, 1024px\" src=\"data:image\/svg+xml;base64,PHN2ZyB3aWR0aD0iMSIgaGVpZ2h0PSIxIiB4bWxucz0iaHR0cDovL3d3dy53My5vcmcvMjAwMC9zdmciPjwvc3ZnPg==\" style=\"--smush-placeholder-width: 1024px; --smush-placeholder-aspect-ratio: 1024\/1024;\" \/><\/figure>\n\n\n\n<figure class=\"wp-block-image size-large\"><img decoding=\"async\" width=\"1024\" height=\"1024\" data-src=\"https:\/\/gazetaregionalna.com\/wp-content\/uploads\/2024\/04\/FONEX-1024x1024.jpg\" alt=\"\" class=\"wp-image-123881 lazyload\" data-srcset=\"https:\/\/gazetaregionalna.com\/wp-content\/uploads\/2024\/04\/FONEX-1024x1024.jpg 1024w, https:\/\/gazetaregionalna.com\/wp-content\/uploads\/2024\/04\/FONEX-300x300.jpg 300w, https:\/\/gazetaregionalna.com\/wp-content\/uploads\/2024\/04\/FONEX-150x150.jpg 150w, https:\/\/gazetaregionalna.com\/wp-content\/uploads\/2024\/04\/FONEX-768x768.jpg 768w, https:\/\/gazetaregionalna.com\/wp-content\/uploads\/2024\/04\/FONEX-215x215.jpg 215w, https:\/\/gazetaregionalna.com\/wp-content\/uploads\/2024\/04\/FONEX.jpg 1080w\" data-sizes=\"(max-width: 1024px) 100vw, 1024px\" src=\"data:image\/svg+xml;base64,PHN2ZyB3aWR0aD0iMSIgaGVpZ2h0PSIxIiB4bWxucz0iaHR0cDovL3d3dy53My5vcmcvMjAwMC9zdmciPjwvc3ZnPg==\" style=\"--smush-placeholder-width: 1024px; --smush-placeholder-aspect-ratio: 1024\/1024;\" \/><\/figure>\n","protected":false},"excerpt":{"rendered":"<p>Dru\u017cyny w PGE Ekstralidze ko\u0144cz\u0105 w weekend pierwsz\u0105 cz\u0119\u015b\u0107 rozgrywek. W 7 kolejce Krono-Plast W\u0142\u00f3kniarz podejmuje GKM Grudzi\u0105dz. Przed meczem klub przygotowa\u0142 wiele atrakcji<\/p>\n","protected":false},"author":15,"featured_media":125493,"comment_status":"closed","ping_status":"open","sticky":false,"template":"","format":"standard","meta":{"_monsterinsights_skip_tracking":false,"_monsterinsights_sitenote_active":false,"_monsterinsights_sitenote_note":"","_monsterinsights_sitenote_category":0,"_uf_show_specific_survey":0,"_uf_disable_surveys":false,"footnotes":""},"categories":[94,5,7],"tags":[],"class_list":["post-125492","post","type-post","status-publish","format-standard","has-post-thumbnail","hentry","category-polecane","category-sport","category-zuzel"],"_links":{"self":[{"href":"https:\/\/gazetaregionalna.com\/index.php?rest_route=\/wp\/v2\/posts\/125492","targetHints":{"allow":["GET"]}}],"collection":[{"href":"https:\/\/gazetaregionalna.com\/index.php?rest_route=\/wp\/v2\/posts"}],"about":[{"href":"https:\/\/gazetaregionalna.com\/index.php?rest_route=\/wp\/v2\/types\/post"}],"author":[{"embeddable":true,"href":"https:\/\/gazetaregionalna.com\/index.php?rest_route=\/wp\/v2\/users\/15"}],"replies":[{"embeddable":true,"href":"https:\/\/gazetaregionalna.com\/index.php?rest_route=%2Fwp%2Fv2%2Fcomments&post=125492"}],"version-history":[{"count":1,"href":"https:\/\/gazetaregionalna.com\/index.php?rest_route=\/wp\/v2\/posts\/125492\/revisions"}],"predecessor-version":[{"id":125494,"href":"https:\/\/gazetaregionalna.com\/index.php?rest_route=\/wp\/v2\/posts\/125492\/revisions\/125494"}],"wp:featuredmedia":[{"embeddable":true,"href":"https:\/\/gazetaregionalna.com\/index.php?rest_route=\/wp\/v2\/media\/125493"}],"wp:attachment":[{"href":"https:\/\/gazetaregionalna.com\/index.php?rest_route=%2Fwp%2Fv2%2Fmedia&parent=125492"}],"wp:term":[{"taxonomy":"category","embeddable":true,"href":"https:\/\/gazetaregionalna.com\/index.php?rest_route=%2Fwp%2Fv2%2Fcategories&post=125492"},{"taxonomy":"post_tag","embeddable":true,"href":"https:\/\/gazetaregionalna.com\/index.php?rest_route=%2Fwp%2Fv2%2Ftags&post=125492"}],"curies":[{"name":"wp","href":"https:\/\/api.w.org\/{rel}","templated":true}]}}