{"id":125488,"date":"2024-05-29T20:23:51","date_gmt":"2024-05-29T20:23:51","guid":{"rendered":"https:\/\/gazetaregionalna.com\/?p=125488"},"modified":"2024-05-29T20:24:09","modified_gmt":"2024-05-29T20:24:09","slug":"uroczystosci-bozego-ciala-na-jasnej-gorze","status":"publish","type":"post","link":"https:\/\/gazetaregionalna.com\/?p=125488","title":{"rendered":"Uroczysto\u015bci Bo\u017cego Cia\u0142a na Jasnej G\u00f3rze"},"content":{"rendered":"\n<h2 class=\"wp-block-heading\">Na czwartek, 30 maja przypadaj\u0105 uroczysto\u015bci Naj\u015bwi\u0119tszego Cia\u0142a i Krwi Chrystusa. Procesja eucharystyczna dotrze na Jasn\u0105 G\u00f3r\u0119, Alejami NMP, od Archikatedry \u015bw. Rodziny. <\/h2>\n\n\n\n<p>Jasna G\u00f3ra jest w tym roku miejscem zako\u0144czenia centralnych obchod\u00f3w uroczysto\u015bci Bo\u017cego Cia\u0142a dla miasta Cz\u0119stochowy. Procesja eucharystyczna dotrze tu, Alejami NMP, od Archikatedry \u015bw. Rodziny. Ze Szczytu, gdzie usytuowany b\u0119dzie czwarty o\u0142tarz, uroczystego b\u0142ogos\u0142awie\u0144stwa udzieli abp Wac\u0142aw Depo, metropolita cz\u0119stochowski. <\/p>\n\n\n\n<p>To ju\u017c wieloletni zwyczaj, \u017ce sanktuarium wpisane jest w obchody uroczysto\u015bci Naj\u015bwi\u0119tszego Cia\u0142a i Krwi Chrystusa. <\/p>\n\n\n\n<p>Od lat procesje Bo\u017cego Cia\u0142a w Cz\u0119stochowie odbywaj\u0105 si\u0119 naprzemiennie z Jasnej G\u00f3ry do archikatedry lub z archikatedry do sanktuarium. Po niej, odprawione zostan\u0105 Msze \u015bw. o godz. 13 w Bazylice i o godz. 14 w Kaplicy Matki Bo\u017cej. Natomiast przez ca\u0142\u0105 oktaw\u0119 uroczysto\u015bci Naj\u015bwi\u0119tszego Cia\u0142a i Krwi Chrystusa w Bazylice o godz. 19.00 celebrowane b\u0119d\u0105 nieszpory eucharystyczne z procesj\u0105 z Naj\u015bwi\u0119tszym Sakramentem.<\/p>\n\n\n\n<p><strong>mat. Biura Prasowego Jasnej G\u00f3ry<\/strong><\/p>\n","protected":false},"excerpt":{"rendered":"<p>Na czwartek, 30 maja przypadaj\u0105 uroczysto\u015bci Naj\u015bwi\u0119tszego Cia\u0142a i Krwi Chrystusa. Procesja eucharystyczna dotrze na Jasn\u0105 G\u00f3r\u0119, Alejami NMP, od Archikatedry \u015bw. Rodziny. Jasna<\/p>\n","protected":false},"author":11,"featured_media":125490,"comment_status":"closed","ping_status":"open","sticky":false,"template":"","format":"standard","meta":{"_monsterinsights_skip_tracking":false,"_monsterinsights_sitenote_active":false,"_monsterinsights_sitenote_note":"","_monsterinsights_sitenote_category":0,"_uf_show_specific_survey":0,"_uf_disable_surveys":false,"footnotes":""},"categories":[3,2],"tags":[7940,144,200],"class_list":["post-125488","post","type-post","status-publish","format-standard","has-post-thumbnail","hentry","category-czestochowa-informacje","category-wiadomosci","tag-boze-cialo","tag-czestochowa","tag-jasna-gora"],"_links":{"self":[{"href":"https:\/\/gazetaregionalna.com\/index.php?rest_route=\/wp\/v2\/posts\/125488","targetHints":{"allow":["GET"]}}],"collection":[{"href":"https:\/\/gazetaregionalna.com\/index.php?rest_route=\/wp\/v2\/posts"}],"about":[{"href":"https:\/\/gazetaregionalna.com\/index.php?rest_route=\/wp\/v2\/types\/post"}],"author":[{"embeddable":true,"href":"https:\/\/gazetaregionalna.com\/index.php?rest_route=\/wp\/v2\/users\/11"}],"replies":[{"embeddable":true,"href":"https:\/\/gazetaregionalna.com\/index.php?rest_route=%2Fwp%2Fv2%2Fcomments&post=125488"}],"version-history":[{"count":1,"href":"https:\/\/gazetaregionalna.com\/index.php?rest_route=\/wp\/v2\/posts\/125488\/revisions"}],"predecessor-version":[{"id":125489,"href":"https:\/\/gazetaregionalna.com\/index.php?rest_route=\/wp\/v2\/posts\/125488\/revisions\/125489"}],"wp:featuredmedia":[{"embeddable":true,"href":"https:\/\/gazetaregionalna.com\/index.php?rest_route=\/wp\/v2\/media\/125490"}],"wp:attachment":[{"href":"https:\/\/gazetaregionalna.com\/index.php?rest_route=%2Fwp%2Fv2%2Fmedia&parent=125488"}],"wp:term":[{"taxonomy":"category","embeddable":true,"href":"https:\/\/gazetaregionalna.com\/index.php?rest_route=%2Fwp%2Fv2%2Fcategories&post=125488"},{"taxonomy":"post_tag","embeddable":true,"href":"https:\/\/gazetaregionalna.com\/index.php?rest_route=%2Fwp%2Fv2%2Ftags&post=125488"}],"curies":[{"name":"wp","href":"https:\/\/api.w.org\/{rel}","templated":true}]}}