{"id":125485,"date":"2024-05-29T20:07:09","date_gmt":"2024-05-29T20:07:09","guid":{"rendered":"https:\/\/gazetaregionalna.com\/?p=125485"},"modified":"2024-05-29T20:07:10","modified_gmt":"2024-05-29T20:07:10","slug":"czestochowianie-daleko-w-finale-srebrnego-kasku","status":"publish","type":"post","link":"https:\/\/gazetaregionalna.com\/?p=125485","title":{"rendered":"Cz\u0119stochowianie daleko w Finale Srebrnego Kasku"},"content":{"rendered":"\n<p>W \u015brod\u0119 na torze w Grudzi\u0105dzu zosta\u0142 rozegrany fina\u0142 Srebrnego Kasku. Reprezentanci cz\u0119stochowskiego W\u0142\u00f3kniarza uplasowali si\u0119 na dole stawki&#8230;<\/p>\n\n\n\n<p>W finale pojechali Szymon Ludwiczak i Kacper Halkiewicz, a rezerwowym by\u0142 Kajetan Kupiec. Ludwiczak z 4 punktami (0,1,0,3,u) uplasowa\u0142 si\u0119 na 14 pozycji. Halkiewicz z 2 punktami (0,1,1,w,-) zako\u0144czy\u0142 fina\u0142 na 16. miejscu. Rezerwowy Kupiec na torze pojawi\u0142 si\u0119 2 razy i zdoby\u0142 1 punkt (w,1).<\/p>\n\n\n\n<p>Srebrny Kask wygra\u0142 Bartosz Ba\u0144bor (13 punkt\u00f3w). O drugim miejscu zadecydowa\u0142 bieg bara\u017cowy, w kt\u00f3rym pojechali \u017cu\u017clowcy, kt\u00f3rzy zdobyli po 12 punkt\u00f3w. Kacper \u0141obodzi\u0144ski pokona\u0142 Jakuba Krawczyka i zaj\u0105\u0142 2. miejsce.<\/p>\n\n\n\n<p>Tu\u017c za podium uplasowa\u0142 si\u0119 Wiktor Przyjemski.<\/p>\n\n\n\n<p>Cz\u0119stochowscy juniorzy ju\u017c w pi\u0105tek w meczu PGE Ekstraligi zmierz\u0105 si\u0119 ze swoimi r\u00f3wie\u015bnikami z GKM Grudzi\u0105dz. Ten mecz zaplanowano na godz. 20:30.<\/p>\n\n\n\n<p>AK, fot: AK<\/p>\n\n\n\n<figure class=\"wp-block-image size-large\"><img decoding=\"async\" width=\"1024\" height=\"564\" data-src=\"https:\/\/gazetaregionalna.com\/wp-content\/uploads\/2024\/05\/20240528-Wlokniarz-Apator-25-1024x564.jpg\" alt=\"\" class=\"wp-image-125453 lazyload\" data-srcset=\"https:\/\/gazetaregionalna.com\/wp-content\/uploads\/2024\/05\/20240528-Wlokniarz-Apator-25-1024x564.jpg 1024w, https:\/\/gazetaregionalna.com\/wp-content\/uploads\/2024\/05\/20240528-Wlokniarz-Apator-25-300x165.jpg 300w, https:\/\/gazetaregionalna.com\/wp-content\/uploads\/2024\/05\/20240528-Wlokniarz-Apator-25-768x423.jpg 768w, https:\/\/gazetaregionalna.com\/wp-content\/uploads\/2024\/05\/20240528-Wlokniarz-Apator-25-1536x846.jpg 1536w, https:\/\/gazetaregionalna.com\/wp-content\/uploads\/2024\/05\/20240528-Wlokniarz-Apator-25-2048x1128.jpg 2048w, https:\/\/gazetaregionalna.com\/wp-content\/uploads\/2024\/05\/20240528-Wlokniarz-Apator-25-scaled.jpg 1600w\" data-sizes=\"(max-width: 1024px) 100vw, 1024px\" src=\"data:image\/svg+xml;base64,PHN2ZyB3aWR0aD0iMSIgaGVpZ2h0PSIxIiB4bWxucz0iaHR0cDovL3d3dy53My5vcmcvMjAwMC9zdmciPjwvc3ZnPg==\" style=\"--smush-placeholder-width: 1024px; --smush-placeholder-aspect-ratio: 1024\/564;\" \/><\/figure>\n\n\n\n<figure class=\"wp-block-image size-large\"><img decoding=\"async\" width=\"1024\" height=\"1024\" data-src=\"https:\/\/gazetaregionalna.com\/wp-content\/uploads\/2024\/04\/DMK-Invest-2-1024x1024.jpg\" alt=\"\" class=\"wp-image-123883 lazyload\" data-srcset=\"https:\/\/gazetaregionalna.com\/wp-content\/uploads\/2024\/04\/DMK-Invest-2-1024x1024.jpg 1024w, https:\/\/gazetaregionalna.com\/wp-content\/uploads\/2024\/04\/DMK-Invest-2-300x300.jpg 300w, https:\/\/gazetaregionalna.com\/wp-content\/uploads\/2024\/04\/DMK-Invest-2-150x150.jpg 150w, https:\/\/gazetaregionalna.com\/wp-content\/uploads\/2024\/04\/DMK-Invest-2-768x768.jpg 768w, https:\/\/gazetaregionalna.com\/wp-content\/uploads\/2024\/04\/DMK-Invest-2-1536x1536.jpg 1536w, https:\/\/gazetaregionalna.com\/wp-content\/uploads\/2024\/04\/DMK-Invest-2-2048x2048.jpg 2048w, https:\/\/gazetaregionalna.com\/wp-content\/uploads\/2024\/04\/DMK-Invest-2-215x215.jpg 215w, https:\/\/gazetaregionalna.com\/wp-content\/uploads\/2024\/04\/DMK-Invest-2-scaled.jpg 1600w\" data-sizes=\"(max-width: 1024px) 100vw, 1024px\" src=\"data:image\/svg+xml;base64,PHN2ZyB3aWR0aD0iMSIgaGVpZ2h0PSIxIiB4bWxucz0iaHR0cDovL3d3dy53My5vcmcvMjAwMC9zdmciPjwvc3ZnPg==\" style=\"--smush-placeholder-width: 1024px; --smush-placeholder-aspect-ratio: 1024\/1024;\" \/><\/figure>\n\n\n\n<figure class=\"wp-block-image size-large\"><img decoding=\"async\" width=\"1024\" height=\"1024\" data-src=\"https:\/\/gazetaregionalna.com\/wp-content\/uploads\/2024\/04\/FONEX-1024x1024.jpg\" alt=\"\" class=\"wp-image-123881 lazyload\" data-srcset=\"https:\/\/gazetaregionalna.com\/wp-content\/uploads\/2024\/04\/FONEX-1024x1024.jpg 1024w, https:\/\/gazetaregionalna.com\/wp-content\/uploads\/2024\/04\/FONEX-300x300.jpg 300w, https:\/\/gazetaregionalna.com\/wp-content\/uploads\/2024\/04\/FONEX-150x150.jpg 150w, https:\/\/gazetaregionalna.com\/wp-content\/uploads\/2024\/04\/FONEX-768x768.jpg 768w, https:\/\/gazetaregionalna.com\/wp-content\/uploads\/2024\/04\/FONEX-215x215.jpg 215w, https:\/\/gazetaregionalna.com\/wp-content\/uploads\/2024\/04\/FONEX.jpg 1080w\" data-sizes=\"(max-width: 1024px) 100vw, 1024px\" src=\"data:image\/svg+xml;base64,PHN2ZyB3aWR0aD0iMSIgaGVpZ2h0PSIxIiB4bWxucz0iaHR0cDovL3d3dy53My5vcmcvMjAwMC9zdmciPjwvc3ZnPg==\" style=\"--smush-placeholder-width: 1024px; --smush-placeholder-aspect-ratio: 1024\/1024;\" \/><\/figure>\n","protected":false},"excerpt":{"rendered":"<p>W \u015brod\u0119 na torze w Grudzi\u0105dzu zosta\u0142 rozegrany fina\u0142 Srebrnego Kasku. Reprezentanci cz\u0119stochowskiego W\u0142\u00f3kniarza uplasowali si\u0119 na dole stawki&#8230; W finale pojechali Szymon Ludwiczak<\/p>\n","protected":false},"author":15,"featured_media":125453,"comment_status":"closed","ping_status":"open","sticky":false,"template":"","format":"standard","meta":{"_monsterinsights_skip_tracking":false,"_monsterinsights_sitenote_active":false,"_monsterinsights_sitenote_note":"","_monsterinsights_sitenote_category":0,"_uf_show_specific_survey":0,"_uf_disable_surveys":false,"footnotes":""},"categories":[5,7],"tags":[],"class_list":["post-125485","post","type-post","status-publish","format-standard","has-post-thumbnail","hentry","category-sport","category-zuzel"],"_links":{"self":[{"href":"https:\/\/gazetaregionalna.com\/index.php?rest_route=\/wp\/v2\/posts\/125485","targetHints":{"allow":["GET"]}}],"collection":[{"href":"https:\/\/gazetaregionalna.com\/index.php?rest_route=\/wp\/v2\/posts"}],"about":[{"href":"https:\/\/gazetaregionalna.com\/index.php?rest_route=\/wp\/v2\/types\/post"}],"author":[{"embeddable":true,"href":"https:\/\/gazetaregionalna.com\/index.php?rest_route=\/wp\/v2\/users\/15"}],"replies":[{"embeddable":true,"href":"https:\/\/gazetaregionalna.com\/index.php?rest_route=%2Fwp%2Fv2%2Fcomments&post=125485"}],"version-history":[{"count":1,"href":"https:\/\/gazetaregionalna.com\/index.php?rest_route=\/wp\/v2\/posts\/125485\/revisions"}],"predecessor-version":[{"id":125486,"href":"https:\/\/gazetaregionalna.com\/index.php?rest_route=\/wp\/v2\/posts\/125485\/revisions\/125486"}],"wp:featuredmedia":[{"embeddable":true,"href":"https:\/\/gazetaregionalna.com\/index.php?rest_route=\/wp\/v2\/media\/125453"}],"wp:attachment":[{"href":"https:\/\/gazetaregionalna.com\/index.php?rest_route=%2Fwp%2Fv2%2Fmedia&parent=125485"}],"wp:term":[{"taxonomy":"category","embeddable":true,"href":"https:\/\/gazetaregionalna.com\/index.php?rest_route=%2Fwp%2Fv2%2Fcategories&post=125485"},{"taxonomy":"post_tag","embeddable":true,"href":"https:\/\/gazetaregionalna.com\/index.php?rest_route=%2Fwp%2Fv2%2Ftags&post=125485"}],"curies":[{"name":"wp","href":"https:\/\/api.w.org\/{rel}","templated":true}]}}