{"id":12548,"date":"2020-05-19T09:42:58","date_gmt":"2020-05-19T09:42:58","guid":{"rendered":"https:\/\/gazetaregionalna.com\/?p=12548"},"modified":"2020-05-19T09:45:58","modified_gmt":"2020-05-19T09:45:58","slug":"zbieraja-na-cysterne-dla-druhow-z-osp-lagiewniki-malych","status":"publish","type":"post","link":"https:\/\/gazetaregionalna.com\/?p=12548","title":{"rendered":"Zbieraj\u0105 na cystern\u0119 dla druh\u00f3w z OSP \u0141agiewniki Ma\u0142e"},"content":{"rendered":"\n<p> W powiecie lublinieckim trwa zbi\u00f3rka pieni\u0119dzy na zakup autocysterny dla Ochotniczej Stra\u017cy Po\u017carnej z \u0141agiewnik Ma\u0142ych w gminie Pawonk\u00f3w. Na stornie zrzutka.pl uruchomiono specjaln\u0105 akcj\u0119 na rzecz druh\u00f3w z tej jednostki. Na 23 maja natomiast zaplanowano pokaz filmu w ramach kina samochodowego w Lubli\u0144cu.<\/p>\n\n\n\n<p><br> Na parkingu przed lublinieck\u0105 Galeri\u0105 &#8222;Jedenastka&#8221; w najbli\u017csz\u0105 sobot\u0119, o godzinie 21 wy\u015bwietlony zostanie film &#8222;Klucz do wieczno\u015bci&#8221; z 2015 roku z Rayanem Rynoldsem w roli g\u0142\u00f3wnej.<br> Cena biletu na pokaz w auto kinie wynosi 15 z\u0142otych. Ca\u0142y doch\u00f3d z seansu zasili konto OSP \u0141agiewniki Ma\u0142e.<\/p>\n\n\n\n<figure class=\"wp-block-image size-large\"><img decoding=\"async\" width=\"679\" height=\"960\" data-src=\"https:\/\/gazetaregionalna.com\/wp-content\/uploads\/2020\/05\/98075998_3029922330384713_7026151692609519616_n.jpg\" alt=\"\" class=\"wp-image-12551 lazyload\" data-srcset=\"https:\/\/gazetaregionalna.com\/wp-content\/uploads\/2020\/05\/98075998_3029922330384713_7026151692609519616_n.jpg 679w, https:\/\/gazetaregionalna.com\/wp-content\/uploads\/2020\/05\/98075998_3029922330384713_7026151692609519616_n-212x300.jpg 212w, https:\/\/gazetaregionalna.com\/wp-content\/uploads\/2020\/05\/98075998_3029922330384713_7026151692609519616_n-297x420.jpg 297w\" data-sizes=\"(max-width: 679px) 100vw, 679px\" src=\"data:image\/svg+xml;base64,PHN2ZyB3aWR0aD0iMSIgaGVpZ2h0PSIxIiB4bWxucz0iaHR0cDovL3d3dy53My5vcmcvMjAwMC9zdmciPjwvc3ZnPg==\" style=\"--smush-placeholder-width: 679px; --smush-placeholder-aspect-ratio: 679\/960;\" \/><\/figure>\n\n\n\n<p>Kto woli pom\u00f3c stra\u017cakom w innych spos\u00f3b ni\u017c wizyta w kinie samochodowym, mo\u017ce r\u00f3wnie\u017c wej\u015b\u0107 na stron\u0119:  <a href=\"https:\/\/zrzutka.pl\/7j7yjp?utm_medium=social&amp;utm_source=facebook&amp;utm_campaign=sharing_button&amp;fbclid=IwAR0tSWyx4Gz7hvfab3wukYd5_11BxVpWNYf-LtIibJhD1-LeZ4lVvUOJ-jY\" class=\"rank-math-link\" target=\"_blank\" rel=\"noopener\">https:\/\/zrzutka.pl\/7j7yjp?utm_medium=social&amp;utm_source=facebook&amp;utm_campaign=sharing_button&amp;fbclid=IwAR0tSWyx4Gz7hvfab3wukYd5_11BxVpWNYf-LtIibJhD1-LeZ4lVvUOJ-jY<\/a> i dokona\u0107 wp\u0142aty.<\/p>\n","protected":false},"excerpt":{"rendered":"<p>W powiecie lublinieckim trwa zbi\u00f3rka pieni\u0119dzy na zakup autocysterny dla Ochotniczej Stra\u017cy Po\u017carnej z \u0141agiewnik Ma\u0142ych w gminie Pawonk\u00f3w. Na stornie zrzutka.pl uruchomiono specjaln\u0105<\/p>\n","protected":false},"author":7,"featured_media":12549,"comment_status":"open","ping_status":"open","sticky":false,"template":"","format":"standard","meta":{"_monsterinsights_skip_tracking":false,"_monsterinsights_sitenote_active":false,"_monsterinsights_sitenote_note":"","_monsterinsights_sitenote_category":0,"_uf_show_specific_survey":0,"_uf_disable_surveys":false,"footnotes":""},"categories":[94,25,2],"tags":[],"class_list":["post-12548","post","type-post","status-publish","format-standard","has-post-thumbnail","hentry","category-polecane","category-lubliniec","category-wiadomosci"],"_links":{"self":[{"href":"https:\/\/gazetaregionalna.com\/index.php?rest_route=\/wp\/v2\/posts\/12548","targetHints":{"allow":["GET"]}}],"collection":[{"href":"https:\/\/gazetaregionalna.com\/index.php?rest_route=\/wp\/v2\/posts"}],"about":[{"href":"https:\/\/gazetaregionalna.com\/index.php?rest_route=\/wp\/v2\/types\/post"}],"author":[{"embeddable":true,"href":"https:\/\/gazetaregionalna.com\/index.php?rest_route=\/wp\/v2\/users\/7"}],"replies":[{"embeddable":true,"href":"https:\/\/gazetaregionalna.com\/index.php?rest_route=%2Fwp%2Fv2%2Fcomments&post=12548"}],"version-history":[{"count":3,"href":"https:\/\/gazetaregionalna.com\/index.php?rest_route=\/wp\/v2\/posts\/12548\/revisions"}],"predecessor-version":[{"id":12553,"href":"https:\/\/gazetaregionalna.com\/index.php?rest_route=\/wp\/v2\/posts\/12548\/revisions\/12553"}],"wp:featuredmedia":[{"embeddable":true,"href":"https:\/\/gazetaregionalna.com\/index.php?rest_route=\/wp\/v2\/media\/12549"}],"wp:attachment":[{"href":"https:\/\/gazetaregionalna.com\/index.php?rest_route=%2Fwp%2Fv2%2Fmedia&parent=12548"}],"wp:term":[{"taxonomy":"category","embeddable":true,"href":"https:\/\/gazetaregionalna.com\/index.php?rest_route=%2Fwp%2Fv2%2Fcategories&post=12548"},{"taxonomy":"post_tag","embeddable":true,"href":"https:\/\/gazetaregionalna.com\/index.php?rest_route=%2Fwp%2Fv2%2Ftags&post=12548"}],"curies":[{"name":"wp","href":"https:\/\/api.w.org\/{rel}","templated":true}]}}