{"id":125459,"date":"2024-05-29T10:39:59","date_gmt":"2024-05-29T10:39:59","guid":{"rendered":"https:\/\/gazetaregionalna.com\/?p=125459"},"modified":"2024-05-29T10:40:01","modified_gmt":"2024-05-29T10:40:01","slug":"cyrk-korona-2","status":"publish","type":"post","link":"https:\/\/gazetaregionalna.com\/?p=125459","title":{"rendered":"Cyrk Korona zaprasza do Lubli\u0144ca na sw\u00f3j kolejny program \u201eNowe Show jak z bajki\u201d. Pokaz widowiska ju\u017c 5 czerwca. Mamy wej\u015bci\u00f3wki do wygrania w konkursie!"},"content":{"rendered":"\n<h2 class=\"wp-block-heading\"><strong>We \u015brod\u0119, 5 czerwca Cyrk Korona zaprezentuje w Lubli\u0144cu swoj\u0105 najnowsz\u0105 produkcj\u0119 \u2013 \u201eNowe Show jak z bajki\u201d. Pasjonuj\u0105ce spotkanie z akrobatami, kaskaderami, \u017conglerami i klaunami rozpocznie si\u0119 o godz. 17 przy ul. Lisowickiej (obok Aldi).<\/strong><\/h2>\n\n\n\n<p>Najnowsze widowisko Cyrku Korona to idealna propozycja na sp\u0119dzenie wsp\u00f3lnie z rodzin\u0105 udanego popo\u0142udnia. \u2013 \u201eNowe Show jak z bajki\u201d \u2013 tegoroczna produkcja Cyrku Korona to plejada \u015bwiatowych artyst\u00f3w z Chile, Ukrainy, Kenii, W\u0119gier, Czech, Brazylii i Polski. Nieustraszeni kaskaderzy, akrobaci napowietrzni, \u017conglerzy, gimnastycy i iluzjoni\u015bci zapewni\u0105 widzom pot\u0119\u017cn\u0105 dawk\u0119 emocji, ulubione postacie z bajek podbij\u0105 serca najm\u0142odszych a o dobry humor zadba niekwestionowany mistrz humoru, powracaj\u0105cy na specjalne \u017cyczenie publiczno\u015bci, clown Carlin Chico. Ca\u0142o\u015bci dope\u0142ni wspania\u0142a gra \u015bwiate\u0142, starannie dobrana muzyka oraz kostiumy uszyte specjalnie na potrzeby spektaklu. \u2013 Zapraszamy na widowisko najwy\u017cszej klasy, kt\u00f3rego wr\u0119cz nie mo\u017cna przegapi\u0107! \u2013 zach\u0119caj\u0105 do obejrzenia widowiska organizatorzy.<\/p>\n\n\n\n<p>Co b\u0119dzie mo\u017cna zobaczy\u0107 na arenie Cyrku Korona? Publiczno\u015bci zaprezentuj\u0105 si\u0119 nieustraszeni kaskaderzy na trampolinie, Elsa z \u201eKrainy lodu&#8221; \u2013 napowietrzna gimnastyka na sztrabatach i Dziewczyna Tarzana \u2013 zapieraj\u0105ca dech w piersiach kontorsjonistyka!. Nie zabraknie b\u0142yskawicznej \u017conglerki rakietami tenisowymi, rozta\u0144czonej Barbie i jej magicznych sukienek, Supermana w brawurowym pokazie na trapezie czy pi\u0119cioosobowej grupy akrobat\u00f3w w numerze \u2013 Piraci z nieznanych ocean\u00f3w. B\u0119dzie te\u017c Wielkie show \u201eperfekcyjnej&#8221; iluzji oraz niezast\u0105piony Mistrz Humoru \u2013 Clown Chico, a najm\u0142odszych widz\u00f3w zadowoli na pewno plejada ulubie\u0144c\u00f3w z bajek.<\/p>\n\n\n\n<p>Cyrk stacjonowa\u0142 b\u0119dzie przy ul. Lisowickiej (obok Aldi). Spektakl zaplanowano na godz. 17, bilety dost\u0119pne na <a href=\"http:\/\/www.cyrk-korona.com.pl\/\" target=\"_blank\" rel=\"noreferrer noopener\">www.cyrk-korona.com.pl<\/a> (dzieci do 2 lat maj\u0105 zapewnione bezp\u0142atne wej\u015bcie)<\/p>\n\n\n\n<p>Dyrekcja cyrku zastrzega sobie prawo do zmian w programie.<\/p>\n\n\n\n<h3 class=\"wp-block-heading\"><strong>Wygraj zaproszenie na wyst\u0119p Cyrku Korona w Lubli\u0144cu<\/strong><\/h3>\n\n\n\n<p>Mamy dla czytelnik\u00f3w osiem pojedynczych wej\u015bci\u00f3wki na wyst\u0119p Cyrku Korona. Aby je wygra\u0107 nale\u017cy odpowiedzie\u0107 na poni\u017csze pytanie:<\/p>\n\n\n\n<p><strong>Jaki tytu\u0142 nosi najnowszy spektakl Cyrku Korona?<\/strong><\/p>\n\n\n\n<p>Odpowied\u017a nale\u017cy wys\u0142a\u0107 mailowo na adres: <strong>konkursy@gazetaregionalna.com<\/strong>, w tytule podaj\u0105c \u201eCyrk Korona\u201d, a w tre\u015bci tak\u017ce swoje imi\u0119 i nazwisko (wym\u00f3g konieczny do odebrania nagrody). <strong>Zadanie nale\u017cy wykona\u0107 w terminie od 29 maja od godz. 13 do 3 czerwca do godz. 15.<\/strong><\/p>\n\n\n\n<p>Zwyci\u0119zcy Konkursu zostan\u0105 powiadomieni o wygranej i o formie jej odbioru w wiadomo\u015bci mailowej wys\u0142anej najp\u00f3\u017aniej do 3 czerwca do godz. 16. Nieotrzymanie e-maila jest r\u00f3wnoznaczne z brakiem nagrody.<\/p>\n\n\n\n<figure class=\"wp-block-gallery has-nested-images columns-default is-cropped wp-block-gallery-1 is-layout-flex wp-block-gallery-is-layout-flex\">\n<figure class=\"wp-block-image size-large\"><img decoding=\"async\" width=\"1024\" height=\"683\" data-id=\"125463\" data-src=\"https:\/\/gazetaregionalna.com\/wp-content\/uploads\/2024\/05\/IMG_0460-1-1024x683.jpg\" alt=\"\" class=\"wp-image-125463 lazyload\" data-srcset=\"https:\/\/gazetaregionalna.com\/wp-content\/uploads\/2024\/05\/IMG_0460-1-1024x683.jpg 1024w, https:\/\/gazetaregionalna.com\/wp-content\/uploads\/2024\/05\/IMG_0460-1-300x200.jpg 300w, https:\/\/gazetaregionalna.com\/wp-content\/uploads\/2024\/05\/IMG_0460-1-768x512.jpg 768w, https:\/\/gazetaregionalna.com\/wp-content\/uploads\/2024\/05\/IMG_0460-1-1536x1025.jpg 1536w, https:\/\/gazetaregionalna.com\/wp-content\/uploads\/2024\/05\/IMG_0460-1-2048x1366.jpg 2048w, https:\/\/gazetaregionalna.com\/wp-content\/uploads\/2024\/05\/IMG_0460-1-scaled.jpg 1600w\" data-sizes=\"(max-width: 1024px) 100vw, 1024px\" src=\"data:image\/svg+xml;base64,PHN2ZyB3aWR0aD0iMSIgaGVpZ2h0PSIxIiB4bWxucz0iaHR0cDovL3d3dy53My5vcmcvMjAwMC9zdmciPjwvc3ZnPg==\" style=\"--smush-placeholder-width: 1024px; --smush-placeholder-aspect-ratio: 1024\/683;\" \/><\/figure>\n\n\n\n<figure class=\"wp-block-image size-large\"><img decoding=\"async\" width=\"1024\" height=\"684\" data-id=\"125464\" data-src=\"https:\/\/gazetaregionalna.com\/wp-content\/uploads\/2024\/05\/IMG_0703-1024x684.jpg\" alt=\"\" class=\"wp-image-125464 lazyload\" data-srcset=\"https:\/\/gazetaregionalna.com\/wp-content\/uploads\/2024\/05\/IMG_0703-1024x684.jpg 1024w, https:\/\/gazetaregionalna.com\/wp-content\/uploads\/2024\/05\/IMG_0703-300x200.jpg 300w, https:\/\/gazetaregionalna.com\/wp-content\/uploads\/2024\/05\/IMG_0703-768x513.jpg 768w, https:\/\/gazetaregionalna.com\/wp-content\/uploads\/2024\/05\/IMG_0703-1536x1026.jpg 1536w, https:\/\/gazetaregionalna.com\/wp-content\/uploads\/2024\/05\/IMG_0703.jpg 1600w\" data-sizes=\"(max-width: 1024px) 100vw, 1024px\" src=\"data:image\/svg+xml;base64,PHN2ZyB3aWR0aD0iMSIgaGVpZ2h0PSIxIiB4bWxucz0iaHR0cDovL3d3dy53My5vcmcvMjAwMC9zdmciPjwvc3ZnPg==\" style=\"--smush-placeholder-width: 1024px; --smush-placeholder-aspect-ratio: 1024\/684;\" \/><\/figure>\n\n\n\n<figure class=\"wp-block-image size-large\"><img decoding=\"async\" width=\"1024\" height=\"683\" data-id=\"125468\" data-src=\"https:\/\/gazetaregionalna.com\/wp-content\/uploads\/2024\/05\/IMG_1039-1024x683.jpg\" alt=\"\" class=\"wp-image-125468 lazyload\" data-srcset=\"https:\/\/gazetaregionalna.com\/wp-content\/uploads\/2024\/05\/IMG_1039-1024x683.jpg 1024w, https:\/\/gazetaregionalna.com\/wp-content\/uploads\/2024\/05\/IMG_1039-300x200.jpg 300w, https:\/\/gazetaregionalna.com\/wp-content\/uploads\/2024\/05\/IMG_1039-768x512.jpg 768w, https:\/\/gazetaregionalna.com\/wp-content\/uploads\/2024\/05\/IMG_1039-1536x1024.jpg 1536w, https:\/\/gazetaregionalna.com\/wp-content\/uploads\/2024\/05\/IMG_1039-2048x1365.jpg 2048w, https:\/\/gazetaregionalna.com\/wp-content\/uploads\/2024\/05\/IMG_1039-scaled.jpg 1600w\" data-sizes=\"(max-width: 1024px) 100vw, 1024px\" src=\"data:image\/svg+xml;base64,PHN2ZyB3aWR0aD0iMSIgaGVpZ2h0PSIxIiB4bWxucz0iaHR0cDovL3d3dy53My5vcmcvMjAwMC9zdmciPjwvc3ZnPg==\" style=\"--smush-placeholder-width: 1024px; --smush-placeholder-aspect-ratio: 1024\/683;\" \/><\/figure>\n\n\n\n<figure class=\"wp-block-image size-large\"><img decoding=\"async\" width=\"697\" height=\"1024\" data-id=\"125471\" data-src=\"https:\/\/gazetaregionalna.com\/wp-content\/uploads\/2024\/05\/PLAKAT-2024_6b-697x1024.jpg\" alt=\"\" class=\"wp-image-125471 lazyload\" data-srcset=\"https:\/\/gazetaregionalna.com\/wp-content\/uploads\/2024\/05\/PLAKAT-2024_6b-697x1024.jpg 697w, https:\/\/gazetaregionalna.com\/wp-content\/uploads\/2024\/05\/PLAKAT-2024_6b-204x300.jpg 204w, https:\/\/gazetaregionalna.com\/wp-content\/uploads\/2024\/05\/PLAKAT-2024_6b-768x1129.jpg 768w, https:\/\/gazetaregionalna.com\/wp-content\/uploads\/2024\/05\/PLAKAT-2024_6b.jpg 905w\" data-sizes=\"(max-width: 697px) 100vw, 697px\" src=\"data:image\/svg+xml;base64,PHN2ZyB3aWR0aD0iMSIgaGVpZ2h0PSIxIiB4bWxucz0iaHR0cDovL3d3dy53My5vcmcvMjAwMC9zdmciPjwvc3ZnPg==\" style=\"--smush-placeholder-width: 697px; --smush-placeholder-aspect-ratio: 697\/1024;\" \/><\/figure>\n\n\n\n<figure class=\"wp-block-image size-large\"><img decoding=\"async\" width=\"1024\" height=\"683\" data-id=\"125465\" data-src=\"https:\/\/gazetaregionalna.com\/wp-content\/uploads\/2024\/05\/IMG_2007-1024x683.jpg\" alt=\"\" class=\"wp-image-125465 lazyload\" data-srcset=\"https:\/\/gazetaregionalna.com\/wp-content\/uploads\/2024\/05\/IMG_2007-1024x683.jpg 1024w, https:\/\/gazetaregionalna.com\/wp-content\/uploads\/2024\/05\/IMG_2007-300x200.jpg 300w, https:\/\/gazetaregionalna.com\/wp-content\/uploads\/2024\/05\/IMG_2007-768x512.jpg 768w, https:\/\/gazetaregionalna.com\/wp-content\/uploads\/2024\/05\/IMG_2007-1536x1025.jpg 1536w, https:\/\/gazetaregionalna.com\/wp-content\/uploads\/2024\/05\/IMG_2007-2048x1366.jpg 2048w, https:\/\/gazetaregionalna.com\/wp-content\/uploads\/2024\/05\/IMG_2007-scaled.jpg 1600w\" data-sizes=\"(max-width: 1024px) 100vw, 1024px\" src=\"data:image\/svg+xml;base64,PHN2ZyB3aWR0aD0iMSIgaGVpZ2h0PSIxIiB4bWxucz0iaHR0cDovL3d3dy53My5vcmcvMjAwMC9zdmciPjwvc3ZnPg==\" style=\"--smush-placeholder-width: 1024px; --smush-placeholder-aspect-ratio: 1024\/683;\" \/><\/figure>\n\n\n\n<figure class=\"wp-block-image size-large\"><img decoding=\"async\" width=\"683\" height=\"1024\" data-id=\"125469\" data-src=\"https:\/\/gazetaregionalna.com\/wp-content\/uploads\/2024\/05\/IMG_9370-683x1024.jpg\" alt=\"\" class=\"wp-image-125469 lazyload\" data-srcset=\"https:\/\/gazetaregionalna.com\/wp-content\/uploads\/2024\/05\/IMG_9370-683x1024.jpg 683w, https:\/\/gazetaregionalna.com\/wp-content\/uploads\/2024\/05\/IMG_9370-200x300.jpg 200w, https:\/\/gazetaregionalna.com\/wp-content\/uploads\/2024\/05\/IMG_9370-768x1152.jpg 768w, https:\/\/gazetaregionalna.com\/wp-content\/uploads\/2024\/05\/IMG_9370-1024x1536.jpg 1024w, https:\/\/gazetaregionalna.com\/wp-content\/uploads\/2024\/05\/IMG_9370.jpg 1067w\" data-sizes=\"(max-width: 683px) 100vw, 683px\" src=\"data:image\/svg+xml;base64,PHN2ZyB3aWR0aD0iMSIgaGVpZ2h0PSIxIiB4bWxucz0iaHR0cDovL3d3dy53My5vcmcvMjAwMC9zdmciPjwvc3ZnPg==\" style=\"--smush-placeholder-width: 683px; --smush-placeholder-aspect-ratio: 683\/1024;\" \/><\/figure>\n\n\n\n<figure class=\"wp-block-image size-large\"><img decoding=\"async\" width=\"1024\" height=\"683\" data-id=\"125466\" data-src=\"https:\/\/gazetaregionalna.com\/wp-content\/uploads\/2024\/05\/IMG_9514-1024x683.jpg\" alt=\"\" class=\"wp-image-125466 lazyload\" data-srcset=\"https:\/\/gazetaregionalna.com\/wp-content\/uploads\/2024\/05\/IMG_9514-1024x683.jpg 1024w, https:\/\/gazetaregionalna.com\/wp-content\/uploads\/2024\/05\/IMG_9514-300x200.jpg 300w, https:\/\/gazetaregionalna.com\/wp-content\/uploads\/2024\/05\/IMG_9514-768x512.jpg 768w, https:\/\/gazetaregionalna.com\/wp-content\/uploads\/2024\/05\/IMG_9514-1536x1025.jpg 1536w, https:\/\/gazetaregionalna.com\/wp-content\/uploads\/2024\/05\/IMG_9514-2048x1366.jpg 2048w, https:\/\/gazetaregionalna.com\/wp-content\/uploads\/2024\/05\/IMG_9514-scaled.jpg 1600w\" data-sizes=\"(max-width: 1024px) 100vw, 1024px\" src=\"data:image\/svg+xml;base64,PHN2ZyB3aWR0aD0iMSIgaGVpZ2h0PSIxIiB4bWxucz0iaHR0cDovL3d3dy53My5vcmcvMjAwMC9zdmciPjwvc3ZnPg==\" style=\"--smush-placeholder-width: 1024px; --smush-placeholder-aspect-ratio: 1024\/683;\" \/><\/figure>\n\n\n\n<figure class=\"wp-block-image size-large\"><img decoding=\"async\" width=\"681\" height=\"1024\" data-id=\"125467\" data-src=\"https:\/\/gazetaregionalna.com\/wp-content\/uploads\/2024\/05\/IMG_9574-681x1024.jpg\" alt=\"\" class=\"wp-image-125467 lazyload\" data-srcset=\"https:\/\/gazetaregionalna.com\/wp-content\/uploads\/2024\/05\/IMG_9574-681x1024.jpg 681w, https:\/\/gazetaregionalna.com\/wp-content\/uploads\/2024\/05\/IMG_9574-200x300.jpg 200w, https:\/\/gazetaregionalna.com\/wp-content\/uploads\/2024\/05\/IMG_9574-768x1155.jpg 768w, https:\/\/gazetaregionalna.com\/wp-content\/uploads\/2024\/05\/IMG_9574-1021x1536.jpg 1021w, https:\/\/gazetaregionalna.com\/wp-content\/uploads\/2024\/05\/IMG_9574.jpg 1064w\" data-sizes=\"(max-width: 681px) 100vw, 681px\" src=\"data:image\/svg+xml;base64,PHN2ZyB3aWR0aD0iMSIgaGVpZ2h0PSIxIiB4bWxucz0iaHR0cDovL3d3dy53My5vcmcvMjAwMC9zdmciPjwvc3ZnPg==\" style=\"--smush-placeholder-width: 681px; --smush-placeholder-aspect-ratio: 681\/1024;\" \/><\/figure>\n\n\n\n<figure class=\"wp-block-image size-large\"><img decoding=\"async\" width=\"683\" height=\"1024\" data-id=\"125470\" data-src=\"https:\/\/gazetaregionalna.com\/wp-content\/uploads\/2024\/05\/IMG_9588-683x1024.jpg\" alt=\"\" class=\"wp-image-125470 lazyload\" data-srcset=\"https:\/\/gazetaregionalna.com\/wp-content\/uploads\/2024\/05\/IMG_9588-683x1024.jpg 683w, https:\/\/gazetaregionalna.com\/wp-content\/uploads\/2024\/05\/IMG_9588-200x300.jpg 200w, https:\/\/gazetaregionalna.com\/wp-content\/uploads\/2024\/05\/IMG_9588-768x1152.jpg 768w, https:\/\/gazetaregionalna.com\/wp-content\/uploads\/2024\/05\/IMG_9588-1024x1536.jpg 1024w, https:\/\/gazetaregionalna.com\/wp-content\/uploads\/2024\/05\/IMG_9588.jpg 1067w\" data-sizes=\"(max-width: 683px) 100vw, 683px\" src=\"data:image\/svg+xml;base64,PHN2ZyB3aWR0aD0iMSIgaGVpZ2h0PSIxIiB4bWxucz0iaHR0cDovL3d3dy53My5vcmcvMjAwMC9zdmciPjwvc3ZnPg==\" style=\"--smush-placeholder-width: 683px; --smush-placeholder-aspect-ratio: 683\/1024;\" \/><\/figure>\n<\/figure>\n\n\n\n<p>red., mat. Cyrk Korona<\/p>\n\n\n\n<h4 class=\"wp-block-heading\">Regulamin konkursu \u201cCyrk Korona\u201d<\/h4>\n\n\n\n<p><strong>\u00a7 1. POSTANOWIENIA OG\u00d3LNE<\/strong><\/p>\n\n\n\n<p>1. Organizatorem konkurs\u00f3w jest Gazeta Regionalna.com, ul. Andersena 3, lok. 43, 42-200 Cz\u0119stochowa, (zwana dalej \u201eOrganizatorem\u201d).<br>2. Fundatorem nagrody jest Cyrk Korona.<br>3. Niniejszy regulamin (dalej \u201eRegulamin\u201d) stanowi podstaw\u0119 organizacji oraz okre\u015bla warunki Konkursu.<br>4. Konkurs nie jest stworzony, administrowany, wspierany ani sponsorowany przez Facebook.<br>5. Konkurs jest prowadzony na stronie <a href=\"https:\/\/www.gazetaregionalna.com\">www.gazetaregionalna.com<\/a>.<\/p>\n\n\n\n<p>6. Administratorem danych osobowych udost\u0119pnianych przez Uczestnik\u00f3w Konkursu jest Organizator. Podanie danych osobowych ma charakter dowolny, lecz niezb\u0119dny do przyst\u0105pienia przez Uczestnika do Konkursu. Osobom udost\u0119pniaj\u0105cym dane przys\u0142uguje prawo dost\u0119pu do tych danych, ich zmian b\u0105d\u017a usuni\u0119cia.<\/p>\n\n\n\n<p><strong>\u00a7 2. MIEJSCE, CZAS I ZASADY KONKURSU<\/strong><\/p>\n\n\n\n<p>1. Konkurs jest dost\u0119pny w formie tekstu konkursowego na portalu organizatora gazetaregionalna.com<br><strong>2. Konkurs trwa od 29 maja 2024 r. od godz. 13 do 3 czerwca 2024 r. do godz. 15.<\/strong><\/p>\n\n\n\n<p>W wyj\u0105tkowych sytuacjach Organizator konkursu mo\u017ce przed\u0142u\u017cy\u0107 lub przerwa\u0107 trwanie konkursu, w&nbsp;okre\u015blonym przez siebie zakresie, o czym poinformuje uczestnik\u00f3w konkursu na profilu wskazanym w \u00a71 pkt.6 Regulaminu.<\/p>\n\n\n\n<p><strong>\u00a7 3. UCZESTNICY KONKURSU<\/strong><\/p>\n\n\n\n<p>1. Uczestnikami Konkursu mog\u0105 by\u0107 wy\u0142\u0105cznie osoby fizyczne, konsumenci w rozumieniu art. 221 kodeksu cywilnego, posiadaj\u0105ce pe\u0142n\u0105 zdolno\u015bci do czynno\u015bci prawnych, kt\u00f3re zaakceptowa\u0142y niniejszy Regulamin (dalej: \u201eUczestnik\u201d).<br>2. Uczestnik o\u015bwiadcza, \u017ce:<br>a. jest osob\u0105 fizyczn\u0105, posiadaj\u0105c\u0105 pe\u0142n\u0105 zdolno\u015b\u0107 do czynno\u015bci prawnych;<\/p>\n\n\n\n<p>b. jest osob\u0105 pe\u0142noletni\u0105;<br>c. zapozna\u0142 si\u0119 z tre\u015bci\u0105 niniejszego Regulaminu i w spos\u00f3b dobrowolny przyst\u0119puje do Konkursu;<br>d. wyra\u017ca zgod\u0119 i akceptuje warunki Regulaminu, w tym zapozna\u0142 si\u0119 z tre\u015bci\u0105 dotycz\u0105c\u0105 procedury odbioru nagrody i j\u0105 w pe\u0142ni akceptuje;<br>e. zobowi\u0105zuje si\u0119 do przestrzegania postanowie\u0144 Regulaminu;<br>f. wyrazi\u0142 zgod\u0119 na przetwarzanie danych osobowych dla cel\u00f3w zwi\u0105zanych z uczestnictwem w Konkursie;<br>3. Uczestnik zobowi\u0105zuje si\u0119 do przestrzegania okre\u015blonych w Regulaminie zasad, jak r\u00f3wnie\u017c potwierdza, i\u017c spe\u0142nia wszystkie warunki, kt\u00f3re uprawniaj\u0105 go do udzia\u0142u w Konkursie.<\/p>\n\n\n\n<p>4. W Konkursie nie mog\u0105 uczestniczy\u0107 pracownicy i wsp\u00f3\u0142pracownicy Organizatora.<\/p>\n\n\n\n<p><strong>\u00a7 4. NAGRODA<\/strong><\/p>\n\n\n\n<p><strong>1. Nagrod\u0105 w Konkursie jest 8 jednoosobowych wej\u015bci\u00f3wek na spektakl Cyrku Korona, kt\u00f3ry odb\u0119dzie si\u0119 5 czerwca 2024 r. w Lubli\u0144cu dla o\u015bmiu os\u00f3b wy\u0142onionych w spos\u00f3b wskazany w \u00a76.<\/strong><strong><br><\/strong>2. Informacja o Nagrodzie b\u0119dzie zawarta w wiadomo\u015bci mailowej wys\u0142anej najp\u00f3\u017aniej do dnia 3 czerwca do godz. 15.&nbsp;<br>3. Laureatowi nie przys\u0142uguje prawo wymiany Nagrody na got\u00f3wk\u0119 ani nagrod\u0119 innego rodzaju.<br>4. Zwyci\u0119zca mo\u017ce zrzec si\u0119 Nagrody, ale w zamian nie przys\u0142uguje mu ekwiwalent pieni\u0119\u017cny ani jakakolwiek inna nagroda.<\/p>\n\n\n\n<p><strong>\u00a7 5. ZASADY UCZESTNICTWA W KONKURSIE<\/strong><\/p>\n\n\n\n<p><strong>1. Zadaniem Uczestnika Konkursu jest:<\/strong><br>odpowied\u017a na zadanie\/pytanie konkursowe przedstawione na stronie gazetaregionalna.com. Jest ono nast\u0119puj\u0105ce:<\/p>\n\n\n\n<p><strong>Jaki tytu\u0142 nosi najnowszy spektakl Cyrku Korona?<\/strong><\/p>\n\n\n\n<p>Odpowied\u017a nale\u017cy wys\u0142a\u0107 mailowo na adres <a href=\"mailto:konkursy@gazetaregionalna.com\">konkursy@gazetaregionalna.com<\/a>, w tytule podaj\u0105c \u201cCyrk Korona\u201d, a w tre\u015bci swoje imi\u0119 i nazwisko (wym\u00f3g konieczny do odebrania nagrody). Zadanie nale\u017cy wykona\u0107 w terminie <strong>od 29 maja od godz. 13 do 3 czerwca do godz. 15.<\/strong><\/p>\n\n\n\n<p>1. Warunkiem uczestnictwa w Konkursie jest poprawne wykonanie wszystkich zada\u0144 opisanych w \u00a7 5. ust. 1 Regulaminu.<br>2. O przyznaniu nagrody decyduje Organizator w drodze analizy poprawno\u015bci wykonania zada\u0144 opisanych w \u00a7 5. ust. 1 Regulaminu przez Uczestnik\u00f3w Konkursu<br><strong>3. Spo\u015br\u00f3d nades\u0142anych odpowiedzi Organizator wy\u0142oni o\u015bmiu zwyci\u0119zc\u00f3w.<\/strong><strong><br>4. Zwyci\u0119zca Konkursu zostanie powiadomiony o wygranej i o formie jej odbioru w wiadomo\u015bci mailowej wys\u0142anej z adresu <a href=\"mailto:konkursy@gazetaregionalna.com\">konkursy@gazetaregionalna.com<\/a> najp\u00f3\u017aniej do 3 czerwca do godz. 16.<\/strong><\/p>\n\n\n\n<p><strong>\u00a7 7. ZAKRES ODPOWIEDZIALNO\u015aCI ORGANIZATORA<\/strong><\/p>\n\n\n\n<p>1. Organizator nie ponosi odpowiedzialno\u015bci za rzetelno\u015b\u0107 i prawdziwo\u015b\u0107 danych Uczestnik\u00f3w Konkursu, w tym za brak mo\u017cliwo\u015bci przekazania nagr\u00f3d, z przyczyny le\u017c\u0105cych po stronie Uczestnika, w szczeg\u00f3lno\u015bci, je\u015bli ten nie poda\u0142 prawdziwego adresu do korespondencji lub podane dane s\u0105 niepe\u0142ne lub nieaktualne.<br>2. Organizator o\u015bwiadcza, \u017ce nie prowadzi kontroli, ani monitoringu tre\u015bci umieszczanych przez Uczestnik\u00f3w w&nbsp;zakresie rzetelno\u015bci i prawdziwo\u015bci, z zastrze\u017ceniem dzia\u0142a\u0144 zwi\u0105zanych z usuni\u0119ciem narusze\u0144 Regulaminu lub przepis\u00f3w powszechnie obowi\u0105zuj\u0105cych.<br>3. Organizator zastrzega sobie prawo do wykluczenia z udzia\u0142u w Konkursie Uczestnik\u00f3w, kt\u00f3rych dzia\u0142ania s\u0105 sprzeczne z prawem lub Regulaminem.<br>4. Organizator nie ponosi odpowiedzialno\u015bci za jakiekolwiek zak\u0142\u00f3cenia w dzia\u0142aniu \u0142\u0105cz teleinformatycznych, serwer\u00f3w, interfejs\u00f3w oraz przegl\u0105darek.<br><strong>\u00a7 8. PRZETWARZANIE DANYCH OSOBOWYCH<\/strong><\/p>\n\n\n\n<p>1. Dane osobowe Uczestnik\u00f3w Konkursu b\u0119d\u0105 przetwarzane przez Organizatora wy\u0142\u0105cznie w celu dokonania czynno\u015bci niezb\u0119dnych do prawid\u0142owego przeprowadzenia Konkursu.<br>2. Dane osobowe Uczestnik\u00f3w Konkursu b\u0119d\u0105 przechowywane przez Organizatora tylko przez okres niezb\u0119dny do przeprowadzenia Konkursu i wydania nagr\u00f3d wyr\u00f3\u017cnionym Uczestnikom.<br>3. Uczestnicy maj\u0105 prawo wgl\u0105du do przetwarzanych danych i ich poprawiania oraz usuwania. Dane s\u0105 podawane na zasadach dobrowolno\u015bci.<\/p>\n\n\n\n<p>4. W momencie usuni\u0119cia danych U\u017cytkownik traci mo\u017cliwo\u015b\u0107 Uczestnictwa w Konkursie.<\/p>\n\n\n\n<p><strong>\u00a7 9. PRAWA AUTORSKIE<\/strong><\/p>\n\n\n\n<p>1. Wszelkie prawa w\u0142asno\u015bci intelektualnej do Konkursu przys\u0142uguj\u0105 Organizatorowi. Uczestnictwo w&nbsp;Konkursie nie skutkuje w \u017cadnym zakresie nabyciem przez Uczestnik\u00f3w jakichkolwiek praw w\u0142asno\u015bci intelektualnej. Zabronione jest naruszanie w jakikolwiek spos\u00f3b praw w\u0142asno\u015bci intelektualnej w Konkursie, w&nbsp;szczeg\u00f3lno\u015bci:<br>a) kopiowanie, modyfikowanie oraz transmitowanie elektronicznie lub rozpowszechnianie w inny spos\u00f3b mechanizmu Konkursu lub jego cz\u0119\u015bci, a tak\u017ce poszczeg\u00f3lnych utwor\u00f3w<br>i baz danych, bez wyra\u017anej pisemnej zgody Administratora;<br>b) korzystanie z Konkursu w spos\u00f3b niezgodny z Regulaminem lub powszechnie obowi\u0105zuj\u0105cymi przepisami.<\/p>\n\n\n\n<p><strong>\u00a7 10. REKLAMACJE I ZG\u0141OSZENIA NARUSZE\u0143<\/strong><\/p>\n\n\n\n<p>1. Wszelkie reklamacje dotycz\u0105ce sposobu przeprowadzania Konkursu, Uczestnicy winni zg\u0142asza\u0107 na pi\u015bmie w\u00a0czasie trwania Konkursu, jednak nie p\u00f3\u017aniej ni\u017c w terminie 7 (siedmiu) dni od dnia wydania Nagr\u00f3d.<br>2. Reklamacja zg\u0142oszona po wyznaczonym terminie nie wywo\u0142uje skutk\u00f3w prawnych.<br>3. Pisemna reklamacja powinna zawiera\u0107 imi\u0119, nazwisko, dok\u0142adny adres Uczestnika oraz dok\u0142adny opis i\u00a0uzasadnienie reklamacji.<br><strong>4. Reklamacja powinna by\u0107 przes\u0142ana listem poleconym na adres Organizatora z dopiskiem \u201eKonkurs z dnia 29 maja 2024 r.\u201d.<\/strong><\/p>\n\n\n\n<p>5. Reklamacje rozpatrywane b\u0119d\u0105 pisemnie w terminie 30 dni.<br><strong>\u00a7 11. POSTANOWIENIA KO\u0143COWE<\/strong><\/p>\n\n\n\n<p>1. Regulamin wchodzi w \u017cycie z dniem 29 maja 2024 r. i obowi\u0105zuje do 3 czerwca 2024 r.<\/p>\n\n\n\n<ol class=\"wp-block-list\" start=\"2\">\n<li>W kwestiach nieuregulowanych niniejszym Regulaminem stosuje si\u0119 przepisy Kodeksu cywilnego i inne przepisy prawa.<\/li>\n\n\n\n<li>Spory odnosz\u0105ce si\u0119 i wynikaj\u0105ce z Konkursu b\u0119d\u0105 rozwi\u0105zywane przez s\u0105d powszechny w\u0142a\u015bciwy miejscowo dla siedziby Organizatora.<\/li>\n\n\n\n<li>Organizator zastrzega sobie prawo do zmiany zasad Konkursu w trakcie jego trwania. Informacja o zmianach b\u0119dzie zamieszczona na stronie gazetaregionalna.com.<\/li>\n<\/ol>\n","protected":false},"excerpt":{"rendered":"<p>We \u015brod\u0119, 5 czerwca Cyrk Korona zaprezentuje w Lubli\u0144cu swoj\u0105 najnowsz\u0105 produkcj\u0119 \u2013 \u201eNowe Show jak z bajki\u201d. Pasjonuj\u0105ce spotkanie z akrobatami, kaskaderami, \u017conglerami<\/p>\n","protected":false},"author":5,"featured_media":125461,"comment_status":"closed","ping_status":"open","sticky":false,"template":"","format":"standard","meta":{"_monsterinsights_skip_tracking":false,"_monsterinsights_sitenote_active":false,"_monsterinsights_sitenote_note":"","_monsterinsights_sitenote_category":0,"_uf_show_specific_survey":0,"_uf_disable_surveys":false,"footnotes":""},"categories":[25,12],"tags":[9017,5392],"class_list":["post-125459","post","type-post","status-publish","format-standard","has-post-thumbnail","hentry","category-lubliniec","category-kultura-i-rozrywka","tag-pokaz-cyrkowy","tag-widowisko"],"_links":{"self":[{"href":"https:\/\/gazetaregionalna.com\/index.php?rest_route=\/wp\/v2\/posts\/125459","targetHints":{"allow":["GET"]}}],"collection":[{"href":"https:\/\/gazetaregionalna.com\/index.php?rest_route=\/wp\/v2\/posts"}],"about":[{"href":"https:\/\/gazetaregionalna.com\/index.php?rest_route=\/wp\/v2\/types\/post"}],"author":[{"embeddable":true,"href":"https:\/\/gazetaregionalna.com\/index.php?rest_route=\/wp\/v2\/users\/5"}],"replies":[{"embeddable":true,"href":"https:\/\/gazetaregionalna.com\/index.php?rest_route=%2Fwp%2Fv2%2Fcomments&post=125459"}],"version-history":[{"count":5,"href":"https:\/\/gazetaregionalna.com\/index.php?rest_route=\/wp\/v2\/posts\/125459\/revisions"}],"predecessor-version":[{"id":125474,"href":"https:\/\/gazetaregionalna.com\/index.php?rest_route=\/wp\/v2\/posts\/125459\/revisions\/125474"}],"wp:featuredmedia":[{"embeddable":true,"href":"https:\/\/gazetaregionalna.com\/index.php?rest_route=\/wp\/v2\/media\/125461"}],"wp:attachment":[{"href":"https:\/\/gazetaregionalna.com\/index.php?rest_route=%2Fwp%2Fv2%2Fmedia&parent=125459"}],"wp:term":[{"taxonomy":"category","embeddable":true,"href":"https:\/\/gazetaregionalna.com\/index.php?rest_route=%2Fwp%2Fv2%2Fcategories&post=125459"},{"taxonomy":"post_tag","embeddable":true,"href":"https:\/\/gazetaregionalna.com\/index.php?rest_route=%2Fwp%2Fv2%2Ftags&post=125459"}],"curies":[{"name":"wp","href":"https:\/\/api.w.org\/{rel}","templated":true}]}}