{"id":125457,"date":"2024-05-29T06:38:18","date_gmt":"2024-05-29T06:38:18","guid":{"rendered":"https:\/\/gazetaregionalna.com\/?p=125457"},"modified":"2024-05-29T06:38:19","modified_gmt":"2024-05-29T06:38:19","slug":"kradl-elementy-metalowe-z-przebudowy-ul-krakowskiej","status":"publish","type":"post","link":"https:\/\/gazetaregionalna.com\/?p=125457","title":{"rendered":"Krad\u0142 elementy metalowe z przebudowy ul. Krakowskiej"},"content":{"rendered":"\n<p>Dzi\u0119ki informacjom od operator\u00f3w miejskiego monitoringu wizyjnego cz\u0119stochowscy stra\u017cnicy miejscy uj\u0119li m\u0119\u017cczyzn\u0119, kt\u00f3ry krad\u0142 elementy metalowe z budowy przy ul. Krakowskiej.<\/p>\n\n\n\n<p>Pracownicy cywilni Stra\u017cy Miejskiej z referatu ds. miejskiego monitoringu wizyjnego zaobserwowali m\u0119\u017cczyzn\u0119, jak wi\u00f3z\u0142 na w\u00f3zku metalowe s\u0142upki, bariery oraz metalowe parapety. Zasz\u0142o podejrzenie, \u017ce elementy zosta\u0142y skradzione z budowy przy ul. Krakowskiej. Stra\u017cnicy miejscy uj\u0119li m\u0119\u017cczyzn\u0119 oraz powiadomili Policj\u0119 i kierownika budowy. Przedstawiciel firmy potwierdzi\u0142, \u017ce elementy pochodz\u0105 z terenu prac budowlanych i wyceni\u0142 ich warto\u015b\u0107. Stra\u017cnicy miejscy przekazali m\u0119\u017cczyzn\u0119 policjantom z IV KP, kt\u00f3rzy przej\u0119li spraw\u0119.<\/p>\n\n\n\n<p>\u0179r\u00f3d\u0142o: www.sm.czestochowa.pl<\/p>\n","protected":false},"excerpt":{"rendered":"<p>Dzi\u0119ki informacjom od operator\u00f3w miejskiego monitoringu wizyjnego cz\u0119stochowscy stra\u017cnicy miejscy uj\u0119li m\u0119\u017cczyzn\u0119, kt\u00f3ry krad\u0142 elementy metalowe z budowy przy ul. Krakowskiej. Pracownicy cywilni Stra\u017cy<\/p>\n","protected":false},"author":25,"featured_media":74472,"comment_status":"closed","ping_status":"open","sticky":false,"template":"","format":"standard","meta":{"_monsterinsights_skip_tracking":false,"_monsterinsights_sitenote_active":false,"_monsterinsights_sitenote_note":"","_monsterinsights_sitenote_category":0,"_uf_show_specific_survey":0,"_uf_disable_surveys":false,"footnotes":""},"categories":[2,3],"tags":[],"class_list":["post-125457","post","type-post","status-publish","format-standard","has-post-thumbnail","hentry","category-wiadomosci","category-czestochowa-informacje"],"_links":{"self":[{"href":"https:\/\/gazetaregionalna.com\/index.php?rest_route=\/wp\/v2\/posts\/125457","targetHints":{"allow":["GET"]}}],"collection":[{"href":"https:\/\/gazetaregionalna.com\/index.php?rest_route=\/wp\/v2\/posts"}],"about":[{"href":"https:\/\/gazetaregionalna.com\/index.php?rest_route=\/wp\/v2\/types\/post"}],"author":[{"embeddable":true,"href":"https:\/\/gazetaregionalna.com\/index.php?rest_route=\/wp\/v2\/users\/25"}],"replies":[{"embeddable":true,"href":"https:\/\/gazetaregionalna.com\/index.php?rest_route=%2Fwp%2Fv2%2Fcomments&post=125457"}],"version-history":[{"count":1,"href":"https:\/\/gazetaregionalna.com\/index.php?rest_route=\/wp\/v2\/posts\/125457\/revisions"}],"predecessor-version":[{"id":125458,"href":"https:\/\/gazetaregionalna.com\/index.php?rest_route=\/wp\/v2\/posts\/125457\/revisions\/125458"}],"wp:featuredmedia":[{"embeddable":true,"href":"https:\/\/gazetaregionalna.com\/index.php?rest_route=\/wp\/v2\/media\/74472"}],"wp:attachment":[{"href":"https:\/\/gazetaregionalna.com\/index.php?rest_route=%2Fwp%2Fv2%2Fmedia&parent=125457"}],"wp:term":[{"taxonomy":"category","embeddable":true,"href":"https:\/\/gazetaregionalna.com\/index.php?rest_route=%2Fwp%2Fv2%2Fcategories&post=125457"},{"taxonomy":"post_tag","embeddable":true,"href":"https:\/\/gazetaregionalna.com\/index.php?rest_route=%2Fwp%2Fv2%2Ftags&post=125457"}],"curies":[{"name":"wp","href":"https:\/\/api.w.org\/{rel}","templated":true}]}}