{"id":125374,"date":"2024-05-24T19:53:04","date_gmt":"2024-05-24T19:53:04","guid":{"rendered":"https:\/\/gazetaregionalna.com\/?p=125374"},"modified":"2024-05-24T19:53:05","modified_gmt":"2024-05-24T19:53:05","slug":"czestozielona-zielone-patia-i-nasadzenia","status":"publish","type":"post","link":"https:\/\/gazetaregionalna.com\/?p=125374","title":{"rendered":"Cz\u0119stoZielona. Centrum Us\u0142ug Komunalnych zapowiada zielone patia i nasadzenia"},"content":{"rendered":"\n<h2 class=\"wp-block-heading\">W ramach programu Cz\u0119stoZielona Centrum Us\u0142ug Komunalnych zleci\u0142o budow\u0119 siedmiu rekreacyjnych zak\u0105tk\u00f3w przy szko\u0142ach. Zadba r\u00f3wnie\u017c o nasadzenia drzew w sze\u015bciu dzielnicach &#8211; finansowanych z Bud\u017cetu Obywatelskiego.<\/h2>\n\n\n\n<p>Ruszy\u0142y prace zwi\u0105zane z budow\u0105 zielonych zak\u0105tk\u00f3w wyposa\u017conych w elementy ma\u0142ej architektury i zagospodarowanych zieleni\u0105 przy cz\u0119stochowskich szko\u0142ach podstawowych. W wi\u0119kszo\u015bci przypadk\u00f3w wykonawc\u0105 jest firma TEL-BRUK Rados\u0142aw Telenga z Cz\u0119stochowy. <\/p>\n\n\n\n<p>Takie zielone patia i nasadzenia zaplanowano przy: SP 38 &#8211; ul. Sikorskiego 56 (koszt: 68 tys. z\u0142, termin uko\u0144czenia prac: pocz\u0105tek czerwca), ZSP 5 &#8211; ul. \u015aw. Barbary 32 (koszt: 93 tys. z\u0142, termin uko\u0144czenia prac: po\u0142owa lipca), SP 48 &#8211; ul. Schillera 5 (koszt: 203 tys. z\u0142, termin uko\u0144czenia prac: po\u0142owa czerwca), SP 21 &#8211; ul. Sabinowska 7\/9 (koszt: 81 tys. z\u0142, termin uko\u0144czenia prac: pocz\u0105tek czerwca), SP 39 &#8211; ul. Kopernika (koszt: 98 tys. z\u0142, termin uko\u0144czenia prac: pocz\u0105tek czerwca), SP 31 &#8211; ul. PCK 18 (koszt: 126 tys. z\u0142, termin uko\u0144czenia prac: pocz\u0105tek lipca), SP 36 &#8211; ul. Kasztanowa 7\/9 (koszt: 64 tys. z\u0142, termin uko\u0144czenia prac: pocz\u0105tek czerwca).<\/p>\n\n\n\n<figure class=\"wp-block-image size-large\"><img decoding=\"async\" width=\"1024\" height=\"683\" data-src=\"https:\/\/gazetaregionalna.com\/wp-content\/uploads\/2024\/05\/74878-1024x683.jpg\" alt=\"\" class=\"wp-image-125381 lazyload\" data-srcset=\"https:\/\/gazetaregionalna.com\/wp-content\/uploads\/2024\/05\/74878-1024x683.jpg 1024w, https:\/\/gazetaregionalna.com\/wp-content\/uploads\/2024\/05\/74878-300x200.jpg 300w, https:\/\/gazetaregionalna.com\/wp-content\/uploads\/2024\/05\/74878-768x512.jpg 768w, https:\/\/gazetaregionalna.com\/wp-content\/uploads\/2024\/05\/74878-1536x1024.jpg 1536w, https:\/\/gazetaregionalna.com\/wp-content\/uploads\/2024\/05\/74878-2048x1365.jpg 2048w, https:\/\/gazetaregionalna.com\/wp-content\/uploads\/2024\/05\/74878-scaled.jpg 1600w\" data-sizes=\"(max-width: 1024px) 100vw, 1024px\" src=\"data:image\/svg+xml;base64,PHN2ZyB3aWR0aD0iMSIgaGVpZ2h0PSIxIiB4bWxucz0iaHR0cDovL3d3dy53My5vcmcvMjAwMC9zdmciPjwvc3ZnPg==\" style=\"--smush-placeholder-width: 1024px; --smush-placeholder-aspect-ratio: 1024\/683;\" \/><figcaption class=\"wp-element-caption\">Patio przy Szkole Podstawowej nr 39 (fot. G. Skowronek\/UM Cz\u0119stochowy)<\/figcaption><\/figure>\n\n\n\n<p>Centrum Us\u0142ug Komunalnych realizuje w ramach Bud\u017cetu Obywatelskiego nasadzenia drzew po pi\u0119\u0107 sztuk w ni\u017cej wymienionych dzielnicach:  P\u00f3\u0142noc \u2013 drzewa z gatunku Wi\u015bnia pi\u0142kowana 'Kanzan&#8221;,<br>Stare Miasto \u2013 drzewa z gatunku Robinia akacjowa 'Bessoniana&#8221;, Stradom \u2013 drzewa z gatunku Grab pospolity; \u015ar\u00f3dmie\u015bcie \u2013 drzewa z gatunku Jarz\u0105b pospolity 'Fastigiata&#8217;, Podjasnog\u00f3rska \u2013 drzewa z gatunku Klon pospolity 'Globosum&#8217;.<\/p>\n\n\n\n<p>Ponadto CUK podpisa\u0142 umow\u0119 na &#8222;Utrzymanie i piel\u0119gnacj\u0119 drzewostanu na terenach zieleni miejskiej&#8221; z firm\u0105 &#8222;W KORONIE&#8221; z Piekar \u015al\u0105skich, jaka w pierwszej kolejno\u015bci zajmie si\u0119 drzewami w III Al. NMP, kt\u00f3rych ga\u0142\u0119zie zas\u0142aniaj\u0105 latarnie.<\/p>\n","protected":false},"excerpt":{"rendered":"<p>W ramach programu Cz\u0119stoZielona Centrum Us\u0142ug Komunalnych zleci\u0142o budow\u0119 siedmiu rekreacyjnych zak\u0105tk\u00f3w przy szko\u0142ach. Zadba r\u00f3wnie\u017c o nasadzenia drzew w sze\u015bciu dzielnicach &#8211; finansowanych<\/p>\n","protected":false},"author":11,"featured_media":125379,"comment_status":"closed","ping_status":"open","sticky":false,"template":"","format":"standard","meta":{"_monsterinsights_skip_tracking":false,"_monsterinsights_sitenote_active":false,"_monsterinsights_sitenote_note":"","_monsterinsights_sitenote_category":0,"_uf_show_specific_survey":0,"_uf_disable_surveys":false,"footnotes":""},"categories":[3,29,2],"tags":[6504,144,4111],"class_list":["post-125374","post","type-post","status-publish","format-standard","has-post-thumbnail","hentry","category-czestochowa-informacje","category-ekologia","category-wiadomosci","tag-cuk","tag-czestochowa","tag-czestozielona"],"_links":{"self":[{"href":"https:\/\/gazetaregionalna.com\/index.php?rest_route=\/wp\/v2\/posts\/125374","targetHints":{"allow":["GET"]}}],"collection":[{"href":"https:\/\/gazetaregionalna.com\/index.php?rest_route=\/wp\/v2\/posts"}],"about":[{"href":"https:\/\/gazetaregionalna.com\/index.php?rest_route=\/wp\/v2\/types\/post"}],"author":[{"embeddable":true,"href":"https:\/\/gazetaregionalna.com\/index.php?rest_route=\/wp\/v2\/users\/11"}],"replies":[{"embeddable":true,"href":"https:\/\/gazetaregionalna.com\/index.php?rest_route=%2Fwp%2Fv2%2Fcomments&post=125374"}],"version-history":[{"count":3,"href":"https:\/\/gazetaregionalna.com\/index.php?rest_route=\/wp\/v2\/posts\/125374\/revisions"}],"predecessor-version":[{"id":125382,"href":"https:\/\/gazetaregionalna.com\/index.php?rest_route=\/wp\/v2\/posts\/125374\/revisions\/125382"}],"wp:featuredmedia":[{"embeddable":true,"href":"https:\/\/gazetaregionalna.com\/index.php?rest_route=\/wp\/v2\/media\/125379"}],"wp:attachment":[{"href":"https:\/\/gazetaregionalna.com\/index.php?rest_route=%2Fwp%2Fv2%2Fmedia&parent=125374"}],"wp:term":[{"taxonomy":"category","embeddable":true,"href":"https:\/\/gazetaregionalna.com\/index.php?rest_route=%2Fwp%2Fv2%2Fcategories&post=125374"},{"taxonomy":"post_tag","embeddable":true,"href":"https:\/\/gazetaregionalna.com\/index.php?rest_route=%2Fwp%2Fv2%2Ftags&post=125374"}],"curies":[{"name":"wp","href":"https:\/\/api.w.org\/{rel}","templated":true}]}}