{"id":12520,"date":"2020-05-18T12:05:07","date_gmt":"2020-05-18T12:05:07","guid":{"rendered":"https:\/\/gazetaregionalna.com\/?p=12520"},"modified":"2020-05-18T12:05:12","modified_gmt":"2020-05-18T12:05:12","slug":"probowal-zabic-zone-tasakiem-teraz-siedzi-w-areszcie","status":"publish","type":"post","link":"https:\/\/gazetaregionalna.com\/?p=12520","title":{"rendered":"Pr\u00f3bowa\u0142 zabi\u0107 \u017con\u0119 tasakiem, teraz siedzi w areszcie"},"content":{"rendered":"\n<p> Myszkowscy policjanci zatrzymali 68-latka, kt\u00f3ry tasakiem zaatakowa\u0142 \u017con\u0119. M\u0119\u017cczyzna odpowie za usi\u0142owanie zab\u00f3jstwa. <\/p>\n\n\n\n<p><br> Policjanci z Komendy Powiatowej Policji w Myszkowie interweniowali w sprawie domowej awantury. Na miejscu okaza\u0142o si\u0119, \u017ce agresywny i pijany 68-latek grozi\u0142 swojej \u017conie \u015bmierci\u0105, a nast\u0119pnie ugodzi\u0142 j\u0105 w g\u0142ow\u0119 tasakiem. Rannej kobiecie uda\u0142o si\u0119 uciec z mieszkania. M\u0119\u017cczyzna by\u0142 agresywny tak\u017ce wobec interweniuj\u0105cych funkcjonariuszy, grozi\u0142 im kuchennym no\u017cem. Agresywny myszkowianin zosta\u0142 obezw\u0142adniony i zatrzymamy.<\/p>\n\n\n\n<p><br> Za usi\u0142owanie zab\u00f3jstwa i czynn\u0105 napa\u015b\u0107 na interweniuj\u0105cych policjant\u00f3w grozi mu nawet do\u017cywocie. Najbli\u017csze trzy miesi\u0105ce m\u0119\u017cczyzna sp\u0119dzi w areszcie.<\/p>\n\n\n\n<p>(\u0179r\u00f3d\u0142o: KPP Myszk\u00f3w)<\/p>\n","protected":false},"excerpt":{"rendered":"<p>Myszkowscy policjanci zatrzymali 68-latka, kt\u00f3ry tasakiem zaatakowa\u0142 \u017con\u0119. M\u0119\u017cczyzna odpowie za usi\u0142owanie zab\u00f3jstwa. Policjanci z Komendy Powiatowej Policji w Myszkowie interweniowali w sprawie domowej<\/p>\n","protected":false},"author":7,"featured_media":12522,"comment_status":"open","ping_status":"open","sticky":false,"template":"","format":"standard","meta":{"_monsterinsights_skip_tracking":false,"_monsterinsights_sitenote_active":false,"_monsterinsights_sitenote_note":"","_monsterinsights_sitenote_category":0,"_uf_show_specific_survey":0,"_uf_disable_surveys":false,"footnotes":""},"categories":[94,26,2],"tags":[],"class_list":["post-12520","post","type-post","status-publish","format-standard","has-post-thumbnail","hentry","category-polecane","category-myszkow","category-wiadomosci"],"_links":{"self":[{"href":"https:\/\/gazetaregionalna.com\/index.php?rest_route=\/wp\/v2\/posts\/12520","targetHints":{"allow":["GET"]}}],"collection":[{"href":"https:\/\/gazetaregionalna.com\/index.php?rest_route=\/wp\/v2\/posts"}],"about":[{"href":"https:\/\/gazetaregionalna.com\/index.php?rest_route=\/wp\/v2\/types\/post"}],"author":[{"embeddable":true,"href":"https:\/\/gazetaregionalna.com\/index.php?rest_route=\/wp\/v2\/users\/7"}],"replies":[{"embeddable":true,"href":"https:\/\/gazetaregionalna.com\/index.php?rest_route=%2Fwp%2Fv2%2Fcomments&post=12520"}],"version-history":[{"count":2,"href":"https:\/\/gazetaregionalna.com\/index.php?rest_route=\/wp\/v2\/posts\/12520\/revisions"}],"predecessor-version":[{"id":12523,"href":"https:\/\/gazetaregionalna.com\/index.php?rest_route=\/wp\/v2\/posts\/12520\/revisions\/12523"}],"wp:featuredmedia":[{"embeddable":true,"href":"https:\/\/gazetaregionalna.com\/index.php?rest_route=\/wp\/v2\/media\/12522"}],"wp:attachment":[{"href":"https:\/\/gazetaregionalna.com\/index.php?rest_route=%2Fwp%2Fv2%2Fmedia&parent=12520"}],"wp:term":[{"taxonomy":"category","embeddable":true,"href":"https:\/\/gazetaregionalna.com\/index.php?rest_route=%2Fwp%2Fv2%2Fcategories&post=12520"},{"taxonomy":"post_tag","embeddable":true,"href":"https:\/\/gazetaregionalna.com\/index.php?rest_route=%2Fwp%2Fv2%2Ftags&post=12520"}],"curies":[{"name":"wp","href":"https:\/\/api.w.org\/{rel}","templated":true}]}}