{"id":124990,"date":"2024-05-14T20:44:16","date_gmt":"2024-05-14T20:44:16","guid":{"rendered":"https:\/\/gazetaregionalna.com\/?p=124990"},"modified":"2024-05-15T06:17:58","modified_gmt":"2024-05-15T06:17:58","slug":"wystawa-wojciech-siudmak-omnis","status":"publish","type":"post","link":"https:\/\/gazetaregionalna.com\/?p=124990","title":{"rendered":"Wystawa &#8222;Wojciech Siudmak. Omnis&#8221; w Cz\u0119stochowie. Tego nie mo\u017cna przeoczy\u0107!"},"content":{"rendered":"\n<h2 class=\"wp-block-heading\">Jego cudowna sztuka rysunku i jego wyczucie \u015bwiat\u0142a i cienia, nadaj\u0105 jego wizjom wielk\u0105 g\u0142\u0119bi\u0119 i rozszerzaj\u0105 bogaty wachlarz kolor\u00f3w i materii. W jego dzie\u0142ach jest spokojna si\u0142a i niesko\u0144czona przestrze\u0144 do poznawania i wyobra\u017cania \u2013 powiedzia\u0142 George Lucas o Wojciechu Siudmaku.<\/h2>\n\n\n\n<p>Miejska Galeria Sztuki w Cz\u0119stochowie zaprasza na wernisa\u017c wystawy \u201eWojciech Siudmak. Omnis\u201d, kt\u00f3ry odb\u0119dzie si\u0119 16 maja. Malarstwo, rysunki i rze\u017aby s\u0142ynnego artysty b\u0119dzie mo\u017cna ogl\u0105da\u0107 a\u017c do 30 wrze\u015bnia. Zapewniamy: tego nie mo\u017cna przeoczy\u0107!<\/p>\n\n\n\n<figure class=\"wp-block-image size-large\"><img decoding=\"async\" width=\"1024\" height=\"681\" data-src=\"https:\/\/gazetaregionalna.com\/wp-content\/uploads\/2024\/05\/424916339_1072339781057541_7767434102207171655_n-1024x681.jpg\" alt=\"\" class=\"wp-image-124993 lazyload\" data-srcset=\"https:\/\/gazetaregionalna.com\/wp-content\/uploads\/2024\/05\/424916339_1072339781057541_7767434102207171655_n-1024x681.jpg 1024w, https:\/\/gazetaregionalna.com\/wp-content\/uploads\/2024\/05\/424916339_1072339781057541_7767434102207171655_n-300x200.jpg 300w, https:\/\/gazetaregionalna.com\/wp-content\/uploads\/2024\/05\/424916339_1072339781057541_7767434102207171655_n-768x511.jpg 768w, https:\/\/gazetaregionalna.com\/wp-content\/uploads\/2024\/05\/424916339_1072339781057541_7767434102207171655_n.jpg 1200w\" data-sizes=\"(max-width: 1024px) 100vw, 1024px\" src=\"data:image\/svg+xml;base64,PHN2ZyB3aWR0aD0iMSIgaGVpZ2h0PSIxIiB4bWxucz0iaHR0cDovL3d3dy53My5vcmcvMjAwMC9zdmciPjwvc3ZnPg==\" style=\"--smush-placeholder-width: 1024px; --smush-placeholder-aspect-ratio: 1024\/681;\" \/><figcaption class=\"wp-element-caption\">fot. Adam Rygalik<\/figcaption><\/figure>\n\n\n\n<h3 class=\"wp-block-heading\">Wojciech Siudmak<\/h3>\n\n\n\n<p>Artysta malarz i rze\u017abiarz urodzi\u0142 si\u0119 10 pa\u017adziernika 1942 roku w Wieluniu. W latach 1956\u20131961 kontynuowa\u0142 nauk\u0119 w Warszawie, w Liceum Sztuk Plastycznych, a nast\u0119pnie studiowa\u0142 w Akademii Sztuk Pi\u0119knych. We wrze\u015bniu 1966 roku wyjecha\u0142 do Pary\u017ca i rozpocz\u0105\u0142 studia w Ecole des Beaux-Arts. Do dzi\u015b mieszka i tworzy we Francji.<\/p>\n\n\n\n<p>Wojciech Siudmak jest uwa\u017cany za czo\u0142owego przedstawiciela realizmu fantastycznego i science fiction. Realizm fantastyczny \u0142\u0105czy nadrealn\u0105 wizj\u0119 ze sztuk\u0105 naturalistyczn\u0105, ma swoje korzenie w surrealizmie, reprezentowanym przez Salvadora Dali i Rene Magritte\u2019a. Siudmaka \u0142\u0105czy z Dalim wirtuozeria w oddawaniu tr\u00f3jwymiarowego z\u0142udzenia przestrzeni, poczucie \u015bwiat\u0142a i cienia, perspektywy linearne i powietrzne.<\/p>\n\n\n\n<figure class=\"wp-block-image size-large\"><img decoding=\"async\" width=\"668\" height=\"1024\" data-src=\"https:\/\/gazetaregionalna.com\/wp-content\/uploads\/2024\/05\/5.-Wojciech-Siudmak-10.2021-fot.-Justyna-Radzyminska-668x1024.jpg\" alt=\"\" class=\"wp-image-124996 lazyload\" data-srcset=\"https:\/\/gazetaregionalna.com\/wp-content\/uploads\/2024\/05\/5.-Wojciech-Siudmak-10.2021-fot.-Justyna-Radzyminska-668x1024.jpg 668w, https:\/\/gazetaregionalna.com\/wp-content\/uploads\/2024\/05\/5.-Wojciech-Siudmak-10.2021-fot.-Justyna-Radzyminska-196x300.jpg 196w, https:\/\/gazetaregionalna.com\/wp-content\/uploads\/2024\/05\/5.-Wojciech-Siudmak-10.2021-fot.-Justyna-Radzyminska-768x1178.jpg 768w, https:\/\/gazetaregionalna.com\/wp-content\/uploads\/2024\/05\/5.-Wojciech-Siudmak-10.2021-fot.-Justyna-Radzyminska-1001x1536.jpg 1001w, https:\/\/gazetaregionalna.com\/wp-content\/uploads\/2024\/05\/5.-Wojciech-Siudmak-10.2021-fot.-Justyna-Radzyminska-1335x2048.jpg 1335w, https:\/\/gazetaregionalna.com\/wp-content\/uploads\/2024\/05\/5.-Wojciech-Siudmak-10.2021-fot.-Justyna-Radzyminska-scaled.jpg 1043w\" data-sizes=\"(max-width: 668px) 100vw, 668px\" src=\"data:image\/svg+xml;base64,PHN2ZyB3aWR0aD0iMSIgaGVpZ2h0PSIxIiB4bWxucz0iaHR0cDovL3d3dy53My5vcmcvMjAwMC9zdmciPjwvc3ZnPg==\" style=\"--smush-placeholder-width: 668px; --smush-placeholder-aspect-ratio: 668\/1024;\" \/><figcaption class=\"wp-element-caption\">Wojciech Siudmak &#8211; fot. Justyna Radzymi\u0144ska<\/figcaption><\/figure>\n\n\n\n<p>W 1975 roku Wojciech Siudmak wraz grup\u0105 innych artyst\u00f3w, pisarzy i naukowc\u00f3w zwi\u0105zanych z kilkoma wielkimi francuskimi wydawnictwami, stworzyli oryginalny nurt science-fiction i fantastyki, kt\u00f3ry promieniowa\u0142 na pozosta\u0142e kraje europejskie. Paryska grupa zainicjowa\u0142a now\u0105 tendencj\u0119 w sztuce, kt\u00f3ra<br>szybko znalaz\u0142a szeregi pasjonat\u00f3w i na\u015bladowc\u00f3w w ca\u0142ej Europie, stanowi\u0105c przeciwwag\u0119 do sztuki konceptualnej.<\/p>\n\n\n\n<p>Podziwu dla tw\u00f3rczo\u015bci artysty nie kryli cho\u0107by Federico Fellini, Jean-Jacques Annaud, George Lucas, Paul Guth, John Harrison czy Denis Villeneuve, czyli re\u017cyser obsypanego Oscarami filmu \u201eDiuna\u201d.<\/p>\n\n\n\n<p>\u201eJaka bezgraniczna fantazja i jaka cudowna zdolno\u015b\u0107 realizowania jej. Talent niemal\u017ce niewiarygodny, zdolniejszy i bardziej niesko\u0144czony ni\u017c ten, kt\u00f3ry tworzy, wyra\u017ca i prowadzi nasze najbogatsze marzenia\u201d \u2013 zachwyca\u0142 si\u0119 re\u017cyser \u201eS\u0142odkiego \u017cycia\u201d.<\/p>\n\n\n\n<h3 class=\"wp-block-heading\">Najwy\u017csza sztuka<\/h3>\n\n\n\n<p>Sam mistrz uwa\u017ca si\u0119 za kontynuatora i spadkobierc\u0119 tradycji wielkiej sztuki fantastycznej. Inspiruje go wszech\u015bwiat i pytania jakie nam stawia. Artysta poszukuje pi\u0119kna uniwersalnego opartego na wzorcach matematycznych. Nie szuka \u201e\u0142adno\u015bci\u201d, lecz \u015bladem staro\u017cytnych Grek\u00f3w intuicyjnie odczytuje je w matematycznych regu\u0142ach harmonii kosmicznej.<\/p>\n\n\n\n<p>\u2013 Mnie zawsze fascynowa\u0142a najwy\u017csza sztuka, zaczynaj\u0105c od van der Weydena, Rembranta, Leonarda da Vinci, Micha\u0142a Anio\u0142a. Zachwyca\u0142 mnie Bernini, Tiepolo, Ingres. W okresie, gdy grasowa\u0142 abstrakcjonizm,<br>chodzi\u0142em do Luwru kr\u0105\u017c\u0105c od Velasqueza po Berniniego, czy podziwiaj\u0105c harmoni\u0119 greckiej rze\u017aby. Tak ukszta\u0142towa\u0142a si\u0119 moja pasja i wiedza artystyczna: z pragnienia obcowania z najwy\u017csz\u0105 sztuk\u0105, prawie nieosi\u0105galnym kunsztem artyst\u00f3w, kt\u00f3rych podziwia\u0142em \u2013 m\u00f3wi Wojciech Siudmak.<\/p>\n\n\n\n<p>Tw\u00f3rca podkre\u015bla, \u017ce mia\u0142 to szcz\u0119\u015bcie, \u017ce szybko znalaz\u0142 si\u0119 w\u015br\u00f3d artyst\u00f3w, pisarzy i wydawc\u00f3w, kt\u00f3rzy \u201euchwycili moment otwarcia na kosmos, na nowe, niezbadane przestrzenie wszech\u015bwiata\u201d. \u2013 W tej atmosferze moja wyobra\u017ania tw\u00f3rcza mog\u0142a si\u0119 w pe\u0142ni realizowa\u0107. Mog\u0142em tworzy\u0107 sztuk\u0119, kt\u00f3ra si\u0119ga\u0142a daleko w przysz\u0142o\u015b\u0107, cho\u0107 z szacunkiem i podziwem odnosi\u0142a si\u0119 do tradycji i kunsztu dawnych mistrz\u00f3w \u2013 dodaje.<\/p>\n\n\n\n<p>Lata mijaj\u0105, a zachwyt jego tw\u00f3rczo\u015bci\u0105 nie ustaje. Wr\u0119cz przeciwnie, jego tw\u00f3rczo\u015b\u0107 fascynuje kolejnych wielbicieli. \u2013 Symbolizm i surrealizm ci\u0105gle przemawiaj\u0105 do publiczno\u015bci muzealnej, a m\u0142ode pokolenia<br>znowu zwracaj\u0105 si\u0119 w stron\u0119 wyobra\u017ani, kt\u00f3ra nie zna granic \u2013 zaznacza Wojciech Siudmak.<\/p>\n\n\n\n<p>Wi\u0119cej o wystawie na:<a href=\"https:\/\/galeria.czest.pl\/\" target=\"_blank\" rel=\"noopener\"> galeria.czest.pl<\/a><\/p>\n\n\n\n<p><em>Fragmenty biografii oparto ma materia\u0142ach wydawnictwa Rebis (13.08.2018 r., z Al.7)<\/em><\/p>\n\n\n\n<p><strong>red., mat. MGS<\/strong><\/p>\n\n\n\n<p><strong><a href=\"https:\/\/gazetaregionalna.com\/wojciech-siudmak-omnis-rozmowa\/\">Czytaj tak\u017ce: Wojciech Siudmak \u201eOmnis\u201d, czyli wszystko to, co najlepsze [ROZMOWA]<\/a><\/strong><\/p>\n","protected":false},"excerpt":{"rendered":"<p>Jego cudowna sztuka rysunku i jego wyczucie \u015bwiat\u0142a i cienia, nadaj\u0105 jego wizjom wielk\u0105 g\u0142\u0119bi\u0119 i rozszerzaj\u0105 bogaty wachlarz kolor\u00f3w i materii. W jego<\/p>\n","protected":false},"author":11,"featured_media":124992,"comment_status":"closed","ping_status":"open","sticky":false,"template":"","format":"standard","meta":{"_monsterinsights_skip_tracking":false,"_monsterinsights_sitenote_active":false,"_monsterinsights_sitenote_note":"","_monsterinsights_sitenote_category":0,"_uf_show_specific_survey":0,"_uf_disable_surveys":false,"footnotes":""},"categories":[12,3,94,2],"tags":[144,643,1467,8998,187],"class_list":["post-124990","post","type-post","status-publish","format-standard","has-post-thumbnail","hentry","category-kultura-i-rozrywka","category-czestochowa-informacje","category-polecane","category-wiadomosci","tag-czestochowa","tag-miejska-galeria-sztuki","tag-wernisaz","tag-wojciech-siudmak","tag-wystawa"],"_links":{"self":[{"href":"https:\/\/gazetaregionalna.com\/index.php?rest_route=\/wp\/v2\/posts\/124990","targetHints":{"allow":["GET"]}}],"collection":[{"href":"https:\/\/gazetaregionalna.com\/index.php?rest_route=\/wp\/v2\/posts"}],"about":[{"href":"https:\/\/gazetaregionalna.com\/index.php?rest_route=\/wp\/v2\/types\/post"}],"author":[{"embeddable":true,"href":"https:\/\/gazetaregionalna.com\/index.php?rest_route=\/wp\/v2\/users\/11"}],"replies":[{"embeddable":true,"href":"https:\/\/gazetaregionalna.com\/index.php?rest_route=%2Fwp%2Fv2%2Fcomments&post=124990"}],"version-history":[{"count":5,"href":"https:\/\/gazetaregionalna.com\/index.php?rest_route=\/wp\/v2\/posts\/124990\/revisions"}],"predecessor-version":[{"id":125002,"href":"https:\/\/gazetaregionalna.com\/index.php?rest_route=\/wp\/v2\/posts\/124990\/revisions\/125002"}],"wp:featuredmedia":[{"embeddable":true,"href":"https:\/\/gazetaregionalna.com\/index.php?rest_route=\/wp\/v2\/media\/124992"}],"wp:attachment":[{"href":"https:\/\/gazetaregionalna.com\/index.php?rest_route=%2Fwp%2Fv2%2Fmedia&parent=124990"}],"wp:term":[{"taxonomy":"category","embeddable":true,"href":"https:\/\/gazetaregionalna.com\/index.php?rest_route=%2Fwp%2Fv2%2Fcategories&post=124990"},{"taxonomy":"post_tag","embeddable":true,"href":"https:\/\/gazetaregionalna.com\/index.php?rest_route=%2Fwp%2Fv2%2Ftags&post=124990"}],"curies":[{"name":"wp","href":"https:\/\/api.w.org\/{rel}","templated":true}]}}