{"id":12483,"date":"2020-05-17T08:21:29","date_gmt":"2020-05-17T08:21:29","guid":{"rendered":"https:\/\/gazetaregionalna.com\/?p=12483"},"modified":"2020-05-17T08:21:32","modified_gmt":"2020-05-17T08:21:32","slug":"po-psie-trzeba-sprzatac-przypomina-straz-miejska","status":"publish","type":"post","link":"https:\/\/gazetaregionalna.com\/?p=12483","title":{"rendered":"Po psie trzeba sprz\u0105ta\u0107 \u2014 przypomina Stra\u017c Miejska"},"content":{"rendered":"\n<p>Stra\u017c Miejska w Cz\u0119stochowie przypomina o obowi\u0105zku sprz\u0105tania w miejscach publicznych odchod\u00f3w psich przez w\u0142a\u015bcicieli czworonog\u00f3w. Okazuje si\u0119, \u017ce chocia\u017c wi\u0119kszo\u015b\u0107 cz\u0119stochowian pami\u0119ta o tym, w dalszym ci\u0105gu s\u0105 problemy z opornymi posiadaczami zwierz\u0105t, kt\u00f3rzy nie chc\u0105 si\u0119 stosowa\u0107 do tego przepisu.<\/p>\n\n\n\n<p><br> Na zanieczyszczaj\u0105ce trawniki, a czasem i chodniki, psy skar\u017c\u0105 si\u0119 do administracji budynk\u00f3w tak\u017ce mieszka\u0144c\u00f3w blok\u00f3w. W cz\u0119\u015bci budynk\u00f3w administrowanych przez miasto co jaki\u015b czas pojawiaj\u0105 si\u0119 og\u0142oszenia przypominaj\u0105ce o konieczno\u015bci sprz\u0105tania po psach. Miasto jaki\u015b czas temu ustawi\u0142o r\u00f3wnie\u017c na trawnikach tabliczki informacyjne, kt\u00f3re r\u00f3wnie\u017c maj\u0105 mobilizowa\u0107 w\u0142a\u015bcicieli czworonog\u00f3w do sprz\u0105tania po swoich pupilach.<\/p>\n\n\n\n<p><br> Stra\u017c Miejska przypomina i apeluje do w\u0142a\u015bcicieli ps\u00f3w tak\u017ce w innej sprawie. Przypomina, \u017ce agresywne psy w mie\u015bcie powinno si\u0119 wyprowadza\u0107 na smyczy i w kaga\u0144cu. Smycz, jak sugeruje Stra\u017c Miejska, zalecana jest r\u00f3wnie\u017c w przypadku \u0142agodnych zwierz\u0105t. Stra\u017cnicy zwracaj\u0105 tak\u017ce uwag\u0119 na obowi\u0105zkowe szczepienia ps\u00f3w przeciw w\u015bciekli\u017anie. Niestosowanie si\u0119 do tych przepis\u00f3w mo\u017ce spowodowa\u0107 problemy w\u0142a\u015bcicieli zwierzak\u00f3w.<\/p>\n","protected":false},"excerpt":{"rendered":"<p>Stra\u017c Miejska w Cz\u0119stochowie przypomina o obowi\u0105zku sprz\u0105tania w miejscach publicznych odchod\u00f3w psich przez w\u0142a\u015bcicieli czworonog\u00f3w. Okazuje si\u0119, \u017ce chocia\u017c wi\u0119kszo\u015b\u0107 cz\u0119stochowian pami\u0119ta o<\/p>\n","protected":false},"author":7,"featured_media":12484,"comment_status":"open","ping_status":"open","sticky":false,"template":"","format":"standard","meta":{"_monsterinsights_skip_tracking":false,"_monsterinsights_sitenote_active":false,"_monsterinsights_sitenote_note":"","_monsterinsights_sitenote_category":0,"_uf_show_specific_survey":0,"_uf_disable_surveys":false,"footnotes":""},"categories":[94,3,2],"tags":[],"class_list":["post-12483","post","type-post","status-publish","format-standard","has-post-thumbnail","hentry","category-polecane","category-czestochowa-informacje","category-wiadomosci"],"_links":{"self":[{"href":"https:\/\/gazetaregionalna.com\/index.php?rest_route=\/wp\/v2\/posts\/12483","targetHints":{"allow":["GET"]}}],"collection":[{"href":"https:\/\/gazetaregionalna.com\/index.php?rest_route=\/wp\/v2\/posts"}],"about":[{"href":"https:\/\/gazetaregionalna.com\/index.php?rest_route=\/wp\/v2\/types\/post"}],"author":[{"embeddable":true,"href":"https:\/\/gazetaregionalna.com\/index.php?rest_route=\/wp\/v2\/users\/7"}],"replies":[{"embeddable":true,"href":"https:\/\/gazetaregionalna.com\/index.php?rest_route=%2Fwp%2Fv2%2Fcomments&post=12483"}],"version-history":[{"count":1,"href":"https:\/\/gazetaregionalna.com\/index.php?rest_route=\/wp\/v2\/posts\/12483\/revisions"}],"predecessor-version":[{"id":12485,"href":"https:\/\/gazetaregionalna.com\/index.php?rest_route=\/wp\/v2\/posts\/12483\/revisions\/12485"}],"wp:featuredmedia":[{"embeddable":true,"href":"https:\/\/gazetaregionalna.com\/index.php?rest_route=\/wp\/v2\/media\/12484"}],"wp:attachment":[{"href":"https:\/\/gazetaregionalna.com\/index.php?rest_route=%2Fwp%2Fv2%2Fmedia&parent=12483"}],"wp:term":[{"taxonomy":"category","embeddable":true,"href":"https:\/\/gazetaregionalna.com\/index.php?rest_route=%2Fwp%2Fv2%2Fcategories&post=12483"},{"taxonomy":"post_tag","embeddable":true,"href":"https:\/\/gazetaregionalna.com\/index.php?rest_route=%2Fwp%2Fv2%2Ftags&post=12483"}],"curies":[{"name":"wp","href":"https:\/\/api.w.org\/{rel}","templated":true}]}}