{"id":124822,"date":"2024-05-09T08:18:57","date_gmt":"2024-05-09T08:18:57","guid":{"rendered":"https:\/\/gazetaregionalna.com\/?p=124822"},"modified":"2024-05-09T08:23:25","modified_gmt":"2024-05-09T08:23:25","slug":"uks-delfinek-2","status":"publish","type":"post","link":"https:\/\/gazetaregionalna.com\/?p=124822","title":{"rendered":"Medale mistrzostw \u015al\u0105ska w r\u0119kach zawodnik\u00f3w UKS Delfinek Cz\u0119stochowa"},"content":{"rendered":"\n<h2 class=\"wp-block-heading\"><strong>Troje zawodnik\u00f3w UKS Delfinek reprezentowa\u0142o klub i miasto Cz\u0119stochow\u0119 na mistrzostwach \u015al\u0105ska 10-latk\u00f3w w Gliwicach.<\/strong><\/h2>\n\n\n\n<p>Na zawodach p\u0142ywackich rangi mistrzowskiej bardzo dobrze spisali si\u0119 reprezentanci cz\u0119stochowskiego Delfinka. Podczas mistrzostw \u015al\u0105ska 10-latk\u00f3w, kt\u00f3re odbywa\u0142y si\u0119 na gliwickim basenie \u201eOlimpijczyk\u201d nasi zawodnicy wywalczyli 3 medale.<\/p>\n\n\n\n<figure class=\"wp-block-image size-large is-resized\"><img decoding=\"async\" width=\"1024\" height=\"1024\" data-src=\"https:\/\/gazetaregionalna.com\/wp-content\/uploads\/2024\/05\/002-1024x1024.jpg\" alt=\"\" class=\"wp-image-124826 lazyload\" style=\"--smush-placeholder-width: 1024px; --smush-placeholder-aspect-ratio: 1024\/1024;width:487px;height:auto\" data-srcset=\"https:\/\/gazetaregionalna.com\/wp-content\/uploads\/2024\/05\/002-1024x1024.jpg 1024w, https:\/\/gazetaregionalna.com\/wp-content\/uploads\/2024\/05\/002-300x300.jpg 300w, https:\/\/gazetaregionalna.com\/wp-content\/uploads\/2024\/05\/002-150x150.jpg 150w, https:\/\/gazetaregionalna.com\/wp-content\/uploads\/2024\/05\/002-768x768.jpg 768w, https:\/\/gazetaregionalna.com\/wp-content\/uploads\/2024\/05\/002-1536x1536.jpg 1536w, https:\/\/gazetaregionalna.com\/wp-content\/uploads\/2024\/05\/002-2048x2048.jpg 2048w, https:\/\/gazetaregionalna.com\/wp-content\/uploads\/2024\/05\/002-215x215.jpg 215w, https:\/\/gazetaregionalna.com\/wp-content\/uploads\/2024\/05\/002-scaled.jpg 1600w\" data-sizes=\"(max-width: 1024px) 100vw, 1024px\" src=\"data:image\/svg+xml;base64,PHN2ZyB3aWR0aD0iMSIgaGVpZ2h0PSIxIiB4bWxucz0iaHR0cDovL3d3dy53My5vcmcvMjAwMC9zdmciPjwvc3ZnPg==\" \/><\/figure>\n\n\n\n<p><\/p>\n\n\n\n<p>Znakomity start zaliczy\u0142 Oliwer Chru\u015bcicki. Rewelacyjnie pop\u0142yn\u0105\u0142 na dystansie 50 m stylem grzbietowym zdobywaj\u0105c z\u0142oty medal i tytu\u0142 mistrza \u015al\u0105ska. Bardzo dobrze zaprezentowa\u0142 si\u0119 tak\u017ce podczas wy\u015bcigu na 50 m stylem klasycznym, ko\u0144cz\u0105c rywalizacj\u0119 na trzecim miejscu podium z br\u0105zowym kr\u0105\u017ckiem.<\/p>\n\n\n\n<figure class=\"wp-block-image size-large is-resized\"><img decoding=\"async\" width=\"1024\" height=\"1024\" data-src=\"https:\/\/gazetaregionalna.com\/wp-content\/uploads\/2024\/05\/003-1024x1024.jpg\" alt=\"\" class=\"wp-image-124827 lazyload\" style=\"--smush-placeholder-width: 1024px; --smush-placeholder-aspect-ratio: 1024\/1024;width:482px;height:auto\" data-srcset=\"https:\/\/gazetaregionalna.com\/wp-content\/uploads\/2024\/05\/003-1024x1024.jpg 1024w, https:\/\/gazetaregionalna.com\/wp-content\/uploads\/2024\/05\/003-300x300.jpg 300w, https:\/\/gazetaregionalna.com\/wp-content\/uploads\/2024\/05\/003-150x150.jpg 150w, https:\/\/gazetaregionalna.com\/wp-content\/uploads\/2024\/05\/003-768x768.jpg 768w, https:\/\/gazetaregionalna.com\/wp-content\/uploads\/2024\/05\/003-1536x1536.jpg 1536w, https:\/\/gazetaregionalna.com\/wp-content\/uploads\/2024\/05\/003-2048x2048.jpg 2048w, https:\/\/gazetaregionalna.com\/wp-content\/uploads\/2024\/05\/003-215x215.jpg 215w, https:\/\/gazetaregionalna.com\/wp-content\/uploads\/2024\/05\/003-scaled.jpg 1600w\" data-sizes=\"(max-width: 1024px) 100vw, 1024px\" src=\"data:image\/svg+xml;base64,PHN2ZyB3aWR0aD0iMSIgaGVpZ2h0PSIxIiB4bWxucz0iaHR0cDovL3d3dy53My5vcmcvMjAwMC9zdmciPjwvc3ZnPg==\" \/><\/figure>\n\n\n\n<p><\/p>\n\n\n\n<p>Z br\u0105zowym medalem wraca z gliwickich mistrzostw tak\u017ce Vasylysa Cheremisinova. Zawodniczka UKS Delfinek by\u0142a trzecia na dystansie 100 m stylem dowolnym. Na mistrzostwach wystartowa\u0142 r\u00f3wnie\u017c Franciszek Szymanek, kt\u00f3ry podczas swoich start\u00f3w poprawi\u0142 wszystkie wyniki \u017cyciowe. <\/p>\n\n\n\n<figure class=\"wp-block-image size-large is-resized\"><img decoding=\"async\" width=\"1024\" height=\"1024\" data-src=\"https:\/\/gazetaregionalna.com\/wp-content\/uploads\/2024\/05\/004-1024x1024.jpg\" alt=\"\" class=\"wp-image-124828 lazyload\" style=\"--smush-placeholder-width: 1024px; --smush-placeholder-aspect-ratio: 1024\/1024;width:478px;height:auto\" data-srcset=\"https:\/\/gazetaregionalna.com\/wp-content\/uploads\/2024\/05\/004-1024x1024.jpg 1024w, https:\/\/gazetaregionalna.com\/wp-content\/uploads\/2024\/05\/004-300x300.jpg 300w, https:\/\/gazetaregionalna.com\/wp-content\/uploads\/2024\/05\/004-150x150.jpg 150w, https:\/\/gazetaregionalna.com\/wp-content\/uploads\/2024\/05\/004-768x768.jpg 768w, https:\/\/gazetaregionalna.com\/wp-content\/uploads\/2024\/05\/004-1536x1536.jpg 1536w, https:\/\/gazetaregionalna.com\/wp-content\/uploads\/2024\/05\/004-2048x2048.jpg 2048w, https:\/\/gazetaregionalna.com\/wp-content\/uploads\/2024\/05\/004-215x215.jpg 215w, https:\/\/gazetaregionalna.com\/wp-content\/uploads\/2024\/05\/004-scaled.jpg 1600w\" data-sizes=\"(max-width: 1024px) 100vw, 1024px\" src=\"data:image\/svg+xml;base64,PHN2ZyB3aWR0aD0iMSIgaGVpZ2h0PSIxIiB4bWxucz0iaHR0cDovL3d3dy53My5vcmcvMjAwMC9zdmciPjwvc3ZnPg==\" \/><\/figure>\n\n\n\n<p><\/p>\n\n\n\n<p>red., mat. <a href=\"https:\/\/www.facebook.com\/uksDelfinekCzestochowa\" target=\"_blank\" rel=\"noopener\">UKS Delfinek Cz\u0119stochowa<\/a><\/p>\n\n\n\n<p>Czytaj tak\u017ce: <a href=\"https:\/\/gazetaregionalna.com\/wygrana-czestochowskiego-wlokniarza-w-u24-ekstralidze\/\">Wygrana cz\u0119stochowskiego W\u0142\u00f3kniarza w U24 Ekstralidze<\/a><\/p>\n","protected":false},"excerpt":{"rendered":"<p>Troje zawodnik\u00f3w UKS Delfinek reprezentowa\u0142o klub i miasto Cz\u0119stochow\u0119 na mistrzostwach \u015al\u0105ska 10-latk\u00f3w w Gliwicach. Na zawodach p\u0142ywackich rangi mistrzowskiej bardzo dobrze spisali si\u0119<\/p>\n","protected":false},"author":5,"featured_media":124824,"comment_status":"closed","ping_status":"open","sticky":false,"template":"","format":"standard","meta":{"_monsterinsights_skip_tracking":false,"_monsterinsights_sitenote_active":false,"_monsterinsights_sitenote_note":"","_monsterinsights_sitenote_category":0,"_uf_show_specific_survey":0,"_uf_disable_surveys":false,"footnotes":""},"categories":[5,11],"tags":[8996,3477,4703],"class_list":["post-124822","post","type-post","status-publish","format-standard","has-post-thumbnail","hentry","category-sport","category-pozostale","tag-mistrzostwa-slaska","tag-plywanie","tag-uks"],"_links":{"self":[{"href":"https:\/\/gazetaregionalna.com\/index.php?rest_route=\/wp\/v2\/posts\/124822","targetHints":{"allow":["GET"]}}],"collection":[{"href":"https:\/\/gazetaregionalna.com\/index.php?rest_route=\/wp\/v2\/posts"}],"about":[{"href":"https:\/\/gazetaregionalna.com\/index.php?rest_route=\/wp\/v2\/types\/post"}],"author":[{"embeddable":true,"href":"https:\/\/gazetaregionalna.com\/index.php?rest_route=\/wp\/v2\/users\/5"}],"replies":[{"embeddable":true,"href":"https:\/\/gazetaregionalna.com\/index.php?rest_route=%2Fwp%2Fv2%2Fcomments&post=124822"}],"version-history":[{"count":5,"href":"https:\/\/gazetaregionalna.com\/index.php?rest_route=\/wp\/v2\/posts\/124822\/revisions"}],"predecessor-version":[{"id":124831,"href":"https:\/\/gazetaregionalna.com\/index.php?rest_route=\/wp\/v2\/posts\/124822\/revisions\/124831"}],"wp:featuredmedia":[{"embeddable":true,"href":"https:\/\/gazetaregionalna.com\/index.php?rest_route=\/wp\/v2\/media\/124824"}],"wp:attachment":[{"href":"https:\/\/gazetaregionalna.com\/index.php?rest_route=%2Fwp%2Fv2%2Fmedia&parent=124822"}],"wp:term":[{"taxonomy":"category","embeddable":true,"href":"https:\/\/gazetaregionalna.com\/index.php?rest_route=%2Fwp%2Fv2%2Fcategories&post=124822"},{"taxonomy":"post_tag","embeddable":true,"href":"https:\/\/gazetaregionalna.com\/index.php?rest_route=%2Fwp%2Fv2%2Ftags&post=124822"}],"curies":[{"name":"wp","href":"https:\/\/api.w.org\/{rel}","templated":true}]}}