{"id":124816,"date":"2024-05-07T20:02:04","date_gmt":"2024-05-07T20:02:04","guid":{"rendered":"https:\/\/gazetaregionalna.com\/?p=124816"},"modified":"2024-05-07T20:02:05","modified_gmt":"2024-05-07T20:02:05","slug":"ruszyly-egzaminy-maturalne","status":"publish","type":"post","link":"https:\/\/gazetaregionalna.com\/?p=124816","title":{"rendered":"Ruszy\u0142y egzaminy maturalne. Ponad 2,5 tys. uczni\u00f3w przyst\u0105pi\u0142o w Cz\u0119stochowie do matury z j. polskiego"},"content":{"rendered":"\n<h2 class=\"wp-block-heading\">Ponad 2,5 tysi\u0105ca tegorocznych absolwent\u00f3w oraz tych, kt\u00f3rzy uko\u0144czyli szko\u0142\u0119 ju\u017c wcze\u015bniej, przyst\u0105pi\u0142o 7 maja do matury z j\u0119zyka polskiego.<\/h2>\n\n\n\n<p>26 kwietnia nauk\u0119 w szko\u0142ach ponadpodstawowych, dla kt\u00f3rych organem prowadz\u0105cym jest Miasto Cz\u0119stochowa, zako\u0144czy\u0142o oficjalnie 1 348 uczennic i uczni\u00f3w w liceach, 1 035 w technikach oraz 118 w szko\u0142ach bran\u017cowych II stopnia.<\/p>\n\n\n\n<p>Wed\u0142ug danych Okr\u0119gowej Komisji Egzaminacyjnej (OKE) z powiatu Cz\u0119stochowa a\u017c 47 szk\u00f3\u0142 zg\u0142osi\u0142o uczni\u00f3w do matury.<\/p>\n\n\n\n<p>Do tegorocznych egzamin\u00f3w maturalnych przyst\u0105pi 2 548 os\u00f3b, w tym 2 350 maturzyst\u00f3w ko\u0144cz\u0105cych szko\u0142\u0119 w tym roku oraz 198 absolwent\u00f3w z lat ubieg\u0142ych. To uczniowie szk\u00f3\u0142 prowadzonych przez miasto.<\/p>\n\n\n\n<p>Z danych OKE wynika, \u017ce z ca\u0142ego powiatu deklaracj\u0119 przyst\u0105pienia do egzaminu maturalnego zg\u0142osi\u0142o 2 782 absolwent\u00f3w tegorocznych oraz 631 absolwent\u00f3w z lat ubieg\u0142ych.<\/p>\n\n\n\n<p>Do matury z j\u0119zyka polskiego abiturienci przyst\u0105pili 7 maja. Egzaminy pisemne trwa\u0107 b\u0119d\u0105 w sesji g\u0142\u00f3wnej do 24 maja (od 11 do 25 maja tak\u017ce w formie egzamin\u00f3w ustnych). Og\u0142oszenie ca\u0142o\u015bciowych wynik\u00f3w matur planowane jest na 9 lipca.<\/p>\n\n\n\n<p><strong>red., mat. UM Cz\u0119stochowy<\/strong><\/p>\n","protected":false},"excerpt":{"rendered":"<p>Ponad 2,5 tysi\u0105ca tegorocznych absolwent\u00f3w oraz tych, kt\u00f3rzy uko\u0144czyli szko\u0142\u0119 ju\u017c wcze\u015bniej, przyst\u0105pi\u0142o 7 maja do matury z j\u0119zyka polskiego. 26 kwietnia nauk\u0119 w<\/p>\n","protected":false},"author":11,"featured_media":124819,"comment_status":"closed","ping_status":"open","sticky":false,"template":"","format":"standard","meta":{"_monsterinsights_skip_tracking":false,"_monsterinsights_sitenote_active":false,"_monsterinsights_sitenote_note":"","_monsterinsights_sitenote_category":0,"_uf_show_specific_survey":0,"_uf_disable_surveys":false,"footnotes":""},"categories":[41,3,2],"tags":[144,8995,1813],"class_list":["post-124816","post","type-post","status-publish","format-standard","has-post-thumbnail","hentry","category-edukacja","category-czestochowa-informacje","category-wiadomosci","tag-czestochowa","tag-egzaminy-maturalne","tag-matury"],"_links":{"self":[{"href":"https:\/\/gazetaregionalna.com\/index.php?rest_route=\/wp\/v2\/posts\/124816","targetHints":{"allow":["GET"]}}],"collection":[{"href":"https:\/\/gazetaregionalna.com\/index.php?rest_route=\/wp\/v2\/posts"}],"about":[{"href":"https:\/\/gazetaregionalna.com\/index.php?rest_route=\/wp\/v2\/types\/post"}],"author":[{"embeddable":true,"href":"https:\/\/gazetaregionalna.com\/index.php?rest_route=\/wp\/v2\/users\/11"}],"replies":[{"embeddable":true,"href":"https:\/\/gazetaregionalna.com\/index.php?rest_route=%2Fwp%2Fv2%2Fcomments&post=124816"}],"version-history":[{"count":1,"href":"https:\/\/gazetaregionalna.com\/index.php?rest_route=\/wp\/v2\/posts\/124816\/revisions"}],"predecessor-version":[{"id":124817,"href":"https:\/\/gazetaregionalna.com\/index.php?rest_route=\/wp\/v2\/posts\/124816\/revisions\/124817"}],"wp:featuredmedia":[{"embeddable":true,"href":"https:\/\/gazetaregionalna.com\/index.php?rest_route=\/wp\/v2\/media\/124819"}],"wp:attachment":[{"href":"https:\/\/gazetaregionalna.com\/index.php?rest_route=%2Fwp%2Fv2%2Fmedia&parent=124816"}],"wp:term":[{"taxonomy":"category","embeddable":true,"href":"https:\/\/gazetaregionalna.com\/index.php?rest_route=%2Fwp%2Fv2%2Fcategories&post=124816"},{"taxonomy":"post_tag","embeddable":true,"href":"https:\/\/gazetaregionalna.com\/index.php?rest_route=%2Fwp%2Fv2%2Ftags&post=124816"}],"curies":[{"name":"wp","href":"https:\/\/api.w.org\/{rel}","templated":true}]}}