{"id":12481,"date":"2020-05-16T16:32:55","date_gmt":"2020-05-16T16:32:55","guid":{"rendered":"https:\/\/gazetaregionalna.com\/?p=12481"},"modified":"2020-05-16T16:32:58","modified_gmt":"2020-05-16T16:32:58","slug":"ministerstwo-zdrowia-podsumowalo-dzien","status":"publish","type":"post","link":"https:\/\/gazetaregionalna.com\/?p=12481","title":{"rendered":"Ministerstwo Zdrowia podsumowa\u0142o dzie\u0144"},"content":{"rendered":"\n<p> Dzisiaj odnotowano 259 potwierdzone przypadki zaka\u017cenia koronawirusem. Najwi\u0119cej nowych chorych przyby\u0142o dzisiaj  w wojew\u00f3dztwie \u015bl\u0105skim. Tutaj nowych zaka\u017ce\u0144 jest 165.<\/p>\n\n\n\n<p><br> Dzisiaj w sumie zmar\u0142o 8 os\u00f3b &#8211; trzy kobiety i pi\u0119ciu m\u0119\u017cczyzn w wieku od 67 do 92 lat.<\/p>\n","protected":false},"excerpt":{"rendered":"<p>Dzisiaj odnotowano 259 potwierdzone przypadki zaka\u017cenia koronawirusem. Najwi\u0119cej nowych chorych przyby\u0142o dzisiaj w wojew\u00f3dztwie \u015bl\u0105skim. Tutaj nowych zaka\u017ce\u0144 jest 165. Dzisiaj w sumie zmar\u0142o<\/p>\n","protected":false},"author":7,"featured_media":12407,"comment_status":"open","ping_status":"open","sticky":false,"template":"","format":"standard","meta":{"_monsterinsights_skip_tracking":false,"_monsterinsights_sitenote_active":false,"_monsterinsights_sitenote_note":"","_monsterinsights_sitenote_category":0,"_uf_show_specific_survey":0,"_uf_disable_surveys":false,"footnotes":""},"categories":[94,2],"tags":[],"class_list":["post-12481","post","type-post","status-publish","format-standard","has-post-thumbnail","hentry","category-polecane","category-wiadomosci"],"_links":{"self":[{"href":"https:\/\/gazetaregionalna.com\/index.php?rest_route=\/wp\/v2\/posts\/12481","targetHints":{"allow":["GET"]}}],"collection":[{"href":"https:\/\/gazetaregionalna.com\/index.php?rest_route=\/wp\/v2\/posts"}],"about":[{"href":"https:\/\/gazetaregionalna.com\/index.php?rest_route=\/wp\/v2\/types\/post"}],"author":[{"embeddable":true,"href":"https:\/\/gazetaregionalna.com\/index.php?rest_route=\/wp\/v2\/users\/7"}],"replies":[{"embeddable":true,"href":"https:\/\/gazetaregionalna.com\/index.php?rest_route=%2Fwp%2Fv2%2Fcomments&post=12481"}],"version-history":[{"count":1,"href":"https:\/\/gazetaregionalna.com\/index.php?rest_route=\/wp\/v2\/posts\/12481\/revisions"}],"predecessor-version":[{"id":12482,"href":"https:\/\/gazetaregionalna.com\/index.php?rest_route=\/wp\/v2\/posts\/12481\/revisions\/12482"}],"wp:featuredmedia":[{"embeddable":true,"href":"https:\/\/gazetaregionalna.com\/index.php?rest_route=\/wp\/v2\/media\/12407"}],"wp:attachment":[{"href":"https:\/\/gazetaregionalna.com\/index.php?rest_route=%2Fwp%2Fv2%2Fmedia&parent=12481"}],"wp:term":[{"taxonomy":"category","embeddable":true,"href":"https:\/\/gazetaregionalna.com\/index.php?rest_route=%2Fwp%2Fv2%2Fcategories&post=12481"},{"taxonomy":"post_tag","embeddable":true,"href":"https:\/\/gazetaregionalna.com\/index.php?rest_route=%2Fwp%2Fv2%2Ftags&post=12481"}],"curies":[{"name":"wp","href":"https:\/\/api.w.org\/{rel}","templated":true}]}}