{"id":124807,"date":"2024-05-07T19:32:17","date_gmt":"2024-05-07T19:32:17","guid":{"rendered":"https:\/\/gazetaregionalna.com\/?p=124807"},"modified":"2024-05-07T19:37:15","modified_gmt":"2024-05-07T19:37:15","slug":"wygrana-czestochowskiego-wlokniarza-w-u24-ekstralidze","status":"publish","type":"post","link":"https:\/\/gazetaregionalna.com\/?p=124807","title":{"rendered":"Wygrana cz\u0119stochowskiego W\u0142\u00f3kniarza w U24 Ekstralidze"},"content":{"rendered":"\n<p>We wtorek na Krono-Plast Arena przy ul. Olszty\u0144skiej odby\u0142 si\u0119 mecz U24 Ekstraligi. \u017bu\u017clowcy U24 W\u0142\u00f3kniarz Cz\u0119stochowa pokonali U24 Beckhoff Sparta Wroc\u0142aw 49:41 i cieszyli si\u0119 z pierwszej wygranej w sezonie.<\/p>\n\n\n\n<p>Tym razem najlepszy w cz\u0119stochowskiej dru\u017cynie by\u0142 Mitchell Cluff, kt\u00f3ry zdoby\u0142 13 punkt\u00f3w. W\u015br\u00f3d go\u015bci po 12 punkt\u00f3w zdobyli Jakub Krawczyk i Francis Gusts.<\/p>\n\n\n\n<p>AK, fot: GM (W\u0142\u00f3kniarz Cz\u0119stochowa)<\/p>\n\n\n\n<p>U24 W\u0142\u00f3kniarz Cz\u0119stochowa 49<\/p>\n\n\n\n<p>Steven Goret 9 (3,1,0,3,2)<\/p>\n\n\n\n<p>Mitchell Cluff 13 (2,3,3,3,2)<\/p>\n\n\n\n<p>James Pearson 9 (2,3,1,3,w)<\/p>\n\n\n\n<p>Bartosz \u015amigielski 3 (2,1,0,-)<\/p>\n\n\n\n<p>Kacper Halkiewicz 7 (0,2,2,2,1)<\/p>\n\n\n\n<p>Szymon Ludwiczak 2 (1,1,0)<\/p>\n\n\n\n<p>Kajetan Kupiec 6 (2,3,0,1)<\/p>\n\n\n\n<p>Szymon Wolski<\/p>\n\n\n\n<p>U24 Beckhoff Sparta Wroc\u0142aw 41<\/p>\n\n\n\n<p>Connor Bailey 5 (1,1,1,2,)<\/p>\n\n\n\n<p>Marcel Kowolik 5 (1,0,2,2,0)<\/p>\n\n\n\n<p>Kacper Andrzejewski 3 (0,u,3,0)<\/p>\n\n\n\n<p>Nikodem Miko\u0142ajczyk 4 (0,2,1,1,)<\/p>\n\n\n\n<p>Francis Gusts 12 (3,2,3,1,3)<\/p>\n\n\n\n<p>Jakub Krawczyk 12 (3,3,2,3,1)<\/p>\n\n\n\n<p>Filip Seniuk 0 (0,0,w)<\/p>\n\n\n\n<p>Bieg po biegu:<\/p>\n\n\n\n<p>1. Goret, Pearson, Bailey, Andrzejewski 5:1<\/p>\n\n\n\n<p>2. Krawczyk, Kupiec, Ludwiczak, Seniuk 3:3\/8:4<\/p>\n\n\n\n<p>3. Gusts, \u015amigielski, Kowolik, Halkiewicz 2:4\/10:8<\/p>\n\n\n\n<p>4. Krawczyk, Cluff, Ludwiczak, Miko\u0142ajczyk 3:3\/13:11<\/p>\n\n\n\n<p>5. Pearson, Miko\u0142ajczyk, \u015amigielski, Andrzejewski (u) 4:2\/17:13<\/p>\n\n\n\n<p>6. Kupiec, Halkiewicz, Bailey, Kowolik 5:1\/22:14<\/p>\n\n\n\n<p>7. Cluff, Gusts, Goret, Seniuk 4:2\/26:16<\/p>\n\n\n\n<p>8. Andrzejewski, Halkiewicz, Miko\u0142ajczyk, Ludwiczak 2:4\/28:20<\/p>\n\n\n\n<p>9. Cluff, Kowolik, Bailey, Goret 3:3\/31:23<\/p>\n\n\n\n<p>10. Gusts, Krawczyk, Pearson, \u015amigielski 1:5\/32:28<\/p>\n\n\n\n<p>11. Goret, Bailey, Miko\u0142ajczyk, Kupiec 3:3\/35:31<\/p>\n\n\n\n<p>12. Pearson, Kowolik, Kupiec, Seniuk (w) 4:2\/39:33<\/p>\n\n\n\n<p>13. Cluff, Halkiewicz, Gusts, Andrzejewski 5:1\/44:34<\/p>\n\n\n\n<p>14. Krawczyk, Goret, Halkiewicz, Kowolik 3:3\/47:37<\/p>\n\n\n\n<p>15. Gusts, Cluff, Krawczyk, Pearson (w) 2:4\/49:41<\/p>\n\n\n\n<p>Partnerami relacji sportowych s\u0105:<\/p>\n\n\n\n<p>DMK invest materia\u0142y budowlane Konopiska (www.dmkinvest.pl)<\/p>\n\n\n\n<p>Fonex. Alarmy i monitoringi (www.fonex.pl)<\/p>\n\n\n\n<figure class=\"wp-block-image size-large\"><img decoding=\"async\" width=\"1024\" height=\"683\" data-src=\"https:\/\/gazetaregionalna.com\/wp-content\/uploads\/2024\/05\/wlokniarz-foto-grzegorz-misiak-1_1715103285_3285-1024x683.jpeg\" alt=\"\" class=\"wp-image-124808 lazyload\" data-srcset=\"https:\/\/gazetaregionalna.com\/wp-content\/uploads\/2024\/05\/wlokniarz-foto-grzegorz-misiak-1_1715103285_3285-1024x683.jpeg 1024w, https:\/\/gazetaregionalna.com\/wp-content\/uploads\/2024\/05\/wlokniarz-foto-grzegorz-misiak-1_1715103285_3285-300x200.jpeg 300w, https:\/\/gazetaregionalna.com\/wp-content\/uploads\/2024\/05\/wlokniarz-foto-grzegorz-misiak-1_1715103285_3285-768x512.jpeg 768w, https:\/\/gazetaregionalna.com\/wp-content\/uploads\/2024\/05\/wlokniarz-foto-grzegorz-misiak-1_1715103285_3285-1536x1024.jpeg 1536w, https:\/\/gazetaregionalna.com\/wp-content\/uploads\/2024\/05\/wlokniarz-foto-grzegorz-misiak-1_1715103285_3285-2048x1365.jpeg 2048w, https:\/\/gazetaregionalna.com\/wp-content\/uploads\/2024\/05\/wlokniarz-foto-grzegorz-misiak-1_1715103285_3285-scaled.jpeg 1600w\" data-sizes=\"(max-width: 1024px) 100vw, 1024px\" src=\"data:image\/svg+xml;base64,PHN2ZyB3aWR0aD0iMSIgaGVpZ2h0PSIxIiB4bWxucz0iaHR0cDovL3d3dy53My5vcmcvMjAwMC9zdmciPjwvc3ZnPg==\" style=\"--smush-placeholder-width: 1024px; --smush-placeholder-aspect-ratio: 1024\/683;\" \/><\/figure>\n\n\n\n<figure class=\"wp-block-image size-large\"><img decoding=\"async\" width=\"1024\" height=\"659\" data-src=\"https:\/\/gazetaregionalna.com\/wp-content\/uploads\/2024\/05\/Wlokniarz-foto-grzegorz-misiak-3_1715103290_3290-1024x659.jpeg\" alt=\"\" class=\"wp-image-124810 lazyload\" data-srcset=\"https:\/\/gazetaregionalna.com\/wp-content\/uploads\/2024\/05\/Wlokniarz-foto-grzegorz-misiak-3_1715103290_3290-1024x659.jpeg 1024w, https:\/\/gazetaregionalna.com\/wp-content\/uploads\/2024\/05\/Wlokniarz-foto-grzegorz-misiak-3_1715103290_3290-300x193.jpeg 300w, https:\/\/gazetaregionalna.com\/wp-content\/uploads\/2024\/05\/Wlokniarz-foto-grzegorz-misiak-3_1715103290_3290-768x494.jpeg 768w, https:\/\/gazetaregionalna.com\/wp-content\/uploads\/2024\/05\/Wlokniarz-foto-grzegorz-misiak-3_1715103290_3290-1536x988.jpeg 1536w, https:\/\/gazetaregionalna.com\/wp-content\/uploads\/2024\/05\/Wlokniarz-foto-grzegorz-misiak-3_1715103290_3290-2048x1317.jpeg 2048w, https:\/\/gazetaregionalna.com\/wp-content\/uploads\/2024\/05\/Wlokniarz-foto-grzegorz-misiak-3_1715103290_3290-115x73.jpeg 115w, https:\/\/gazetaregionalna.com\/wp-content\/uploads\/2024\/05\/Wlokniarz-foto-grzegorz-misiak-3_1715103290_3290-scaled.jpeg 1600w\" data-sizes=\"(max-width: 1024px) 100vw, 1024px\" src=\"data:image\/svg+xml;base64,PHN2ZyB3aWR0aD0iMSIgaGVpZ2h0PSIxIiB4bWxucz0iaHR0cDovL3d3dy53My5vcmcvMjAwMC9zdmciPjwvc3ZnPg==\" style=\"--smush-placeholder-width: 1024px; --smush-placeholder-aspect-ratio: 1024\/659;\" \/><\/figure>\n\n\n\n<figure class=\"wp-block-image size-large\"><img decoding=\"async\" width=\"1024\" height=\"1024\" data-src=\"https:\/\/gazetaregionalna.com\/wp-content\/uploads\/2024\/04\/DMK-Invest-1-1024x1024.jpg\" alt=\"\" class=\"wp-image-123882 lazyload\" data-srcset=\"https:\/\/gazetaregionalna.com\/wp-content\/uploads\/2024\/04\/DMK-Invest-1-1024x1024.jpg 1024w, https:\/\/gazetaregionalna.com\/wp-content\/uploads\/2024\/04\/DMK-Invest-1-300x300.jpg 300w, https:\/\/gazetaregionalna.com\/wp-content\/uploads\/2024\/04\/DMK-Invest-1-150x150.jpg 150w, https:\/\/gazetaregionalna.com\/wp-content\/uploads\/2024\/04\/DMK-Invest-1-768x768.jpg 768w, https:\/\/gazetaregionalna.com\/wp-content\/uploads\/2024\/04\/DMK-Invest-1-1536x1536.jpg 1536w, https:\/\/gazetaregionalna.com\/wp-content\/uploads\/2024\/04\/DMK-Invest-1-2048x2048.jpg 2048w, https:\/\/gazetaregionalna.com\/wp-content\/uploads\/2024\/04\/DMK-Invest-1-215x215.jpg 215w, https:\/\/gazetaregionalna.com\/wp-content\/uploads\/2024\/04\/DMK-Invest-1-scaled.jpg 1600w\" data-sizes=\"(max-width: 1024px) 100vw, 1024px\" src=\"data:image\/svg+xml;base64,PHN2ZyB3aWR0aD0iMSIgaGVpZ2h0PSIxIiB4bWxucz0iaHR0cDovL3d3dy53My5vcmcvMjAwMC9zdmciPjwvc3ZnPg==\" style=\"--smush-placeholder-width: 1024px; --smush-placeholder-aspect-ratio: 1024\/1024;\" \/><\/figure>\n\n\n\n<figure class=\"wp-block-image size-large\"><img decoding=\"async\" width=\"1024\" height=\"1024\" data-src=\"https:\/\/gazetaregionalna.com\/wp-content\/uploads\/2024\/04\/FONEX-1024x1024.jpg\" alt=\"\" class=\"wp-image-123881 lazyload\" data-srcset=\"https:\/\/gazetaregionalna.com\/wp-content\/uploads\/2024\/04\/FONEX-1024x1024.jpg 1024w, https:\/\/gazetaregionalna.com\/wp-content\/uploads\/2024\/04\/FONEX-300x300.jpg 300w, https:\/\/gazetaregionalna.com\/wp-content\/uploads\/2024\/04\/FONEX-150x150.jpg 150w, https:\/\/gazetaregionalna.com\/wp-content\/uploads\/2024\/04\/FONEX-768x768.jpg 768w, https:\/\/gazetaregionalna.com\/wp-content\/uploads\/2024\/04\/FONEX-215x215.jpg 215w, https:\/\/gazetaregionalna.com\/wp-content\/uploads\/2024\/04\/FONEX.jpg 1080w\" data-sizes=\"(max-width: 1024px) 100vw, 1024px\" src=\"data:image\/svg+xml;base64,PHN2ZyB3aWR0aD0iMSIgaGVpZ2h0PSIxIiB4bWxucz0iaHR0cDovL3d3dy53My5vcmcvMjAwMC9zdmciPjwvc3ZnPg==\" style=\"--smush-placeholder-width: 1024px; --smush-placeholder-aspect-ratio: 1024\/1024;\" \/><\/figure>\n\n\n\n<figure class=\"wp-block-image size-large\"><img decoding=\"async\" width=\"1024\" height=\"670\" data-src=\"https:\/\/gazetaregionalna.com\/wp-content\/uploads\/2024\/05\/Wlokniarz-foto-grzegorz-misiak-4_1715103293_3293-1024x670.jpeg\" alt=\"\" class=\"wp-image-124811 lazyload\" data-srcset=\"https:\/\/gazetaregionalna.com\/wp-content\/uploads\/2024\/05\/Wlokniarz-foto-grzegorz-misiak-4_1715103293_3293-1024x670.jpeg 1024w, https:\/\/gazetaregionalna.com\/wp-content\/uploads\/2024\/05\/Wlokniarz-foto-grzegorz-misiak-4_1715103293_3293-300x196.jpeg 300w, https:\/\/gazetaregionalna.com\/wp-content\/uploads\/2024\/05\/Wlokniarz-foto-grzegorz-misiak-4_1715103293_3293-768x502.jpeg 768w, https:\/\/gazetaregionalna.com\/wp-content\/uploads\/2024\/05\/Wlokniarz-foto-grzegorz-misiak-4_1715103293_3293-1536x1005.jpeg 1536w, https:\/\/gazetaregionalna.com\/wp-content\/uploads\/2024\/05\/Wlokniarz-foto-grzegorz-misiak-4_1715103293_3293-2048x1340.jpeg 2048w, https:\/\/gazetaregionalna.com\/wp-content\/uploads\/2024\/05\/Wlokniarz-foto-grzegorz-misiak-4_1715103293_3293-scaled.jpeg 1600w\" data-sizes=\"(max-width: 1024px) 100vw, 1024px\" src=\"data:image\/svg+xml;base64,PHN2ZyB3aWR0aD0iMSIgaGVpZ2h0PSIxIiB4bWxucz0iaHR0cDovL3d3dy53My5vcmcvMjAwMC9zdmciPjwvc3ZnPg==\" style=\"--smush-placeholder-width: 1024px; --smush-placeholder-aspect-ratio: 1024\/670;\" \/><\/figure>\n\n\n\n<figure class=\"wp-block-image size-large\"><img decoding=\"async\" width=\"1024\" height=\"743\" data-src=\"https:\/\/gazetaregionalna.com\/wp-content\/uploads\/2024\/05\/Wlokniarz-foto-grzegorz-misiak-5_1715103296_3296-1024x743.jpeg\" alt=\"\" class=\"wp-image-124812 lazyload\" data-srcset=\"https:\/\/gazetaregionalna.com\/wp-content\/uploads\/2024\/05\/Wlokniarz-foto-grzegorz-misiak-5_1715103296_3296-1024x743.jpeg 1024w, https:\/\/gazetaregionalna.com\/wp-content\/uploads\/2024\/05\/Wlokniarz-foto-grzegorz-misiak-5_1715103296_3296-300x218.jpeg 300w, https:\/\/gazetaregionalna.com\/wp-content\/uploads\/2024\/05\/Wlokniarz-foto-grzegorz-misiak-5_1715103296_3296-768x558.jpeg 768w, https:\/\/gazetaregionalna.com\/wp-content\/uploads\/2024\/05\/Wlokniarz-foto-grzegorz-misiak-5_1715103296_3296-1536x1115.jpeg 1536w, https:\/\/gazetaregionalna.com\/wp-content\/uploads\/2024\/05\/Wlokniarz-foto-grzegorz-misiak-5_1715103296_3296-2048x1487.jpeg 2048w, https:\/\/gazetaregionalna.com\/wp-content\/uploads\/2024\/05\/Wlokniarz-foto-grzegorz-misiak-5_1715103296_3296-scaled.jpeg 1600w\" data-sizes=\"(max-width: 1024px) 100vw, 1024px\" src=\"data:image\/svg+xml;base64,PHN2ZyB3aWR0aD0iMSIgaGVpZ2h0PSIxIiB4bWxucz0iaHR0cDovL3d3dy53My5vcmcvMjAwMC9zdmciPjwvc3ZnPg==\" style=\"--smush-placeholder-width: 1024px; --smush-placeholder-aspect-ratio: 1024\/743;\" \/><\/figure>\n\n\n\n<figure class=\"wp-block-image size-large\"><img decoding=\"async\" width=\"1024\" height=\"679\" data-src=\"https:\/\/gazetaregionalna.com\/wp-content\/uploads\/2024\/05\/Wlokniarz-foto-grzegorz-misiak-2_1715103288_3288-1024x679.jpeg\" alt=\"\" class=\"wp-image-124809 lazyload\" data-srcset=\"https:\/\/gazetaregionalna.com\/wp-content\/uploads\/2024\/05\/Wlokniarz-foto-grzegorz-misiak-2_1715103288_3288-1024x679.jpeg 1024w, https:\/\/gazetaregionalna.com\/wp-content\/uploads\/2024\/05\/Wlokniarz-foto-grzegorz-misiak-2_1715103288_3288-300x199.jpeg 300w, https:\/\/gazetaregionalna.com\/wp-content\/uploads\/2024\/05\/Wlokniarz-foto-grzegorz-misiak-2_1715103288_3288-768x509.jpeg 768w, https:\/\/gazetaregionalna.com\/wp-content\/uploads\/2024\/05\/Wlokniarz-foto-grzegorz-misiak-2_1715103288_3288-1536x1019.jpeg 1536w, https:\/\/gazetaregionalna.com\/wp-content\/uploads\/2024\/05\/Wlokniarz-foto-grzegorz-misiak-2_1715103288_3288-2048x1358.jpeg 2048w, https:\/\/gazetaregionalna.com\/wp-content\/uploads\/2024\/05\/Wlokniarz-foto-grzegorz-misiak-2_1715103288_3288-scaled.jpeg 1600w\" data-sizes=\"(max-width: 1024px) 100vw, 1024px\" src=\"data:image\/svg+xml;base64,PHN2ZyB3aWR0aD0iMSIgaGVpZ2h0PSIxIiB4bWxucz0iaHR0cDovL3d3dy53My5vcmcvMjAwMC9zdmciPjwvc3ZnPg==\" style=\"--smush-placeholder-width: 1024px; --smush-placeholder-aspect-ratio: 1024\/679;\" \/><\/figure>\n","protected":false},"excerpt":{"rendered":"<p>We wtorek na Krono-Plast Arena przy ul. Olszty\u0144skiej odby\u0142 si\u0119 mecz U24 Ekstraligi. \u017bu\u017clowcy U24 W\u0142\u00f3kniarz Cz\u0119stochowa pokonali U24 Beckhoff Sparta Wroc\u0142aw 49:41 i<\/p>\n","protected":false},"author":15,"featured_media":124808,"comment_status":"closed","ping_status":"open","sticky":false,"template":"","format":"standard","meta":{"_monsterinsights_skip_tracking":false,"_monsterinsights_sitenote_active":false,"_monsterinsights_sitenote_note":"","_monsterinsights_sitenote_category":0,"_uf_show_specific_survey":0,"_uf_disable_surveys":false,"footnotes":""},"categories":[94,5,7],"tags":[],"class_list":["post-124807","post","type-post","status-publish","format-standard","has-post-thumbnail","hentry","category-polecane","category-sport","category-zuzel"],"_links":{"self":[{"href":"https:\/\/gazetaregionalna.com\/index.php?rest_route=\/wp\/v2\/posts\/124807","targetHints":{"allow":["GET"]}}],"collection":[{"href":"https:\/\/gazetaregionalna.com\/index.php?rest_route=\/wp\/v2\/posts"}],"about":[{"href":"https:\/\/gazetaregionalna.com\/index.php?rest_route=\/wp\/v2\/types\/post"}],"author":[{"embeddable":true,"href":"https:\/\/gazetaregionalna.com\/index.php?rest_route=\/wp\/v2\/users\/15"}],"replies":[{"embeddable":true,"href":"https:\/\/gazetaregionalna.com\/index.php?rest_route=%2Fwp%2Fv2%2Fcomments&post=124807"}],"version-history":[{"count":2,"href":"https:\/\/gazetaregionalna.com\/index.php?rest_route=\/wp\/v2\/posts\/124807\/revisions"}],"predecessor-version":[{"id":124814,"href":"https:\/\/gazetaregionalna.com\/index.php?rest_route=\/wp\/v2\/posts\/124807\/revisions\/124814"}],"wp:featuredmedia":[{"embeddable":true,"href":"https:\/\/gazetaregionalna.com\/index.php?rest_route=\/wp\/v2\/media\/124808"}],"wp:attachment":[{"href":"https:\/\/gazetaregionalna.com\/index.php?rest_route=%2Fwp%2Fv2%2Fmedia&parent=124807"}],"wp:term":[{"taxonomy":"category","embeddable":true,"href":"https:\/\/gazetaregionalna.com\/index.php?rest_route=%2Fwp%2Fv2%2Fcategories&post=124807"},{"taxonomy":"post_tag","embeddable":true,"href":"https:\/\/gazetaregionalna.com\/index.php?rest_route=%2Fwp%2Fv2%2Ftags&post=124807"}],"curies":[{"name":"wp","href":"https:\/\/api.w.org\/{rel}","templated":true}]}}