{"id":12468,"date":"2020-05-16T06:44:03","date_gmt":"2020-05-16T06:44:03","guid":{"rendered":"https:\/\/gazetaregionalna.com\/?p=12468"},"modified":"2020-05-16T06:44:09","modified_gmt":"2020-05-16T06:44:09","slug":"monoprofilowe-centrum-symulacji-medycznej-dla-pielegniarek","status":"publish","type":"post","link":"https:\/\/gazetaregionalna.com\/?p=12468","title":{"rendered":"Monoprofilowe Centrum Symulacji Medycznej dla piel\u0119gniarek"},"content":{"rendered":"\n<p>Zaw\u00f3d piel\u0119gniarki\/piel\u0119gniarza jest obecnie jednym z najbardziej deficytowych w Polsce. \u015arednia wieku w tym zawodzie to obecnie 48 lat. Chocia\u017c w rankingach zaufania publicznego zaw\u00f3d ten plasuje si\u0119 wysoko to jednak nie przek\u0142ada si\u0119 to na postrzeganie go przez m\u0142odzie\u017c jako atrakcyjnego pod wzgl\u0119dem finansowym i presti\u017cowym. Wprowadzenie metody kszta\u0142cenia student\u00f3w na kierunku piel\u0119gniarstwo w centrum symulacji medycznej ma za zadanie uatrakcyjnienie oraz unowocze\u015bnienie tego zawodu. Dodatkowo znacz\u0105co w p\u0142ynie na jako\u015b\u0107 kszta\u0142cenia, lepsze przygotowanie absolwent\u00f3w do samodzielnej pracy, a co za tym idzie zwi\u0119kszenie zainteresowania tym kierunkiem.<\/p>\n\n\n\n<figure class=\"wp-block-image size-large\"><img decoding=\"async\" width=\"1024\" height=\"683\" data-src=\"https:\/\/gazetaregionalna.com\/wp-content\/uploads\/2020\/05\/DSC4967-1024x683.jpg\" alt=\"\" class=\"wp-image-12470 lazyload\" data-srcset=\"https:\/\/gazetaregionalna.com\/wp-content\/uploads\/2020\/05\/DSC4967-1024x683.jpg 1024w, https:\/\/gazetaregionalna.com\/wp-content\/uploads\/2020\/05\/DSC4967-300x200.jpg 300w, https:\/\/gazetaregionalna.com\/wp-content\/uploads\/2020\/05\/DSC4967-768x512.jpg 768w, https:\/\/gazetaregionalna.com\/wp-content\/uploads\/2020\/05\/DSC4967-1536x1024.jpg 1536w, https:\/\/gazetaregionalna.com\/wp-content\/uploads\/2020\/05\/DSC4967-696x464.jpg 696w, https:\/\/gazetaregionalna.com\/wp-content\/uploads\/2020\/05\/DSC4967-1068x712.jpg 1068w, https:\/\/gazetaregionalna.com\/wp-content\/uploads\/2020\/05\/DSC4967-630x420.jpg 630w, https:\/\/gazetaregionalna.com\/wp-content\/uploads\/2020\/05\/DSC4967.jpg 1200w\" data-sizes=\"(max-width: 1024px) 100vw, 1024px\" src=\"data:image\/svg+xml;base64,PHN2ZyB3aWR0aD0iMSIgaGVpZ2h0PSIxIiB4bWxucz0iaHR0cDovL3d3dy53My5vcmcvMjAwMC9zdmciPjwvc3ZnPg==\" style=\"--smush-placeholder-width: 1024px; --smush-placeholder-aspect-ratio: 1024\/683;\" \/><\/figure>\n\n\n\n<p><br> W ramach realizacji projektu realizowanego ze \u015brodk\u00f3w UE Wy\u017csza Szko\u0142a Planowania Strategicznego utworzy\u0142a sale piel\u0119gniarstwa wysokiej wierno\u015bci, w tym sale egzaminacyjne OSCE przeznaczone do realizacji zaawansowanych scenariuszy symulacyjnych . Pomieszczenia te w spos\u00f3b zbli\u017cony do rzeczywistej Sali intensywnej terapii zosta\u0142y wyposa\u017cone w sprz\u0119t medyczny oraz techniczny Zainstalowany system komputerowy i stanowiska sterowania symulatorami umo\u017cliwi\u0105 realizacj\u0119 zaj\u0119\u0107 na najwy\u017cszym poziomie. Z kolei sprz\u0119t audio-video zapewni obiektywn\u0105 ocen\u0119 studenta oraz wielokrotn\u0105 mo\u017cliwo\u015b\u0107 odtworzenia tego samego przypadku.<\/p>\n\n\n\n<figure class=\"wp-block-image size-large\"><img decoding=\"async\" width=\"1024\" height=\"683\" data-src=\"https:\/\/gazetaregionalna.com\/wp-content\/uploads\/2020\/05\/DSC4879-1024x683.jpg\" alt=\"\" class=\"wp-image-12471 lazyload\" data-srcset=\"https:\/\/gazetaregionalna.com\/wp-content\/uploads\/2020\/05\/DSC4879-1024x683.jpg 1024w, https:\/\/gazetaregionalna.com\/wp-content\/uploads\/2020\/05\/DSC4879-300x200.jpg 300w, https:\/\/gazetaregionalna.com\/wp-content\/uploads\/2020\/05\/DSC4879-768x512.jpg 768w, https:\/\/gazetaregionalna.com\/wp-content\/uploads\/2020\/05\/DSC4879-1536x1024.jpg 1536w, https:\/\/gazetaregionalna.com\/wp-content\/uploads\/2020\/05\/DSC4879-696x464.jpg 696w, https:\/\/gazetaregionalna.com\/wp-content\/uploads\/2020\/05\/DSC4879-1068x712.jpg 1068w, https:\/\/gazetaregionalna.com\/wp-content\/uploads\/2020\/05\/DSC4879-630x420.jpg 630w, https:\/\/gazetaregionalna.com\/wp-content\/uploads\/2020\/05\/DSC4879.jpg 1200w\" data-sizes=\"(max-width: 1024px) 100vw, 1024px\" src=\"data:image\/svg+xml;base64,PHN2ZyB3aWR0aD0iMSIgaGVpZ2h0PSIxIiB4bWxucz0iaHR0cDovL3d3dy53My5vcmcvMjAwMC9zdmciPjwvc3ZnPg==\" style=\"--smush-placeholder-width: 1024px; --smush-placeholder-aspect-ratio: 1024\/683;\" \/><\/figure>\n\n\n\n<p><br> Nowopowsta\u0142e CSM b\u0119dzie znajduje si\u0119 w siedzibie Uczelni w D\u0105browie G\u00f3rniczej (przeznaczono w tym celu ca\u0142e pi\u0119tro). Dotychczasowe pomieszczenia administracyjne zamieni\u0142y si\u0119 w sale \u0107wicze\u0144 z zakresu ALS, BLS, Umiej\u0119tno\u015bci piel\u0119gniarskich, Umiej\u0119tno\u015bci technicznych oraz Opieki piel\u0119gniarskiej. Wszystkie pomieszczenia zosta\u0142y wyposa\u017cone w najwy\u017cszej klasy sprz\u0119t medyczny a prawdziwych pacjent\u00f3w zast\u0105pi\u0142y symulatory wysokiej wierno\u015bci os\u00f3b doros\u0142ych oraz niemowl\u0105t. Za prawid\u0142ow\u0105 realizacj\u0119 zaj\u0119\u0107 odpowiedzialna jest przeszkolona w tym celu do\u015bwiadczona kadra.<br> Katarzyna W\u0105cha\u0142a \u2013 Glinka, Wy\u017csza Szko\u0142a Planowania Strategicznego.<\/p>\n","protected":false},"excerpt":{"rendered":"<p>Zaw\u00f3d piel\u0119gniarki\/piel\u0119gniarza jest obecnie jednym z najbardziej deficytowych w Polsce. \u015arednia wieku w tym zawodzie to obecnie 48 lat. Chocia\u017c w rankingach zaufania publicznego<\/p>\n","protected":false},"author":7,"featured_media":12472,"comment_status":"open","ping_status":"open","sticky":false,"template":"","format":"standard","meta":{"_monsterinsights_skip_tracking":false,"_monsterinsights_sitenote_active":false,"_monsterinsights_sitenote_note":"","_monsterinsights_sitenote_category":0,"_uf_show_specific_survey":0,"_uf_disable_surveys":false,"footnotes":""},"categories":[41,94,2],"tags":[],"class_list":["post-12468","post","type-post","status-publish","format-standard","has-post-thumbnail","hentry","category-edukacja","category-polecane","category-wiadomosci"],"_links":{"self":[{"href":"https:\/\/gazetaregionalna.com\/index.php?rest_route=\/wp\/v2\/posts\/12468","targetHints":{"allow":["GET"]}}],"collection":[{"href":"https:\/\/gazetaregionalna.com\/index.php?rest_route=\/wp\/v2\/posts"}],"about":[{"href":"https:\/\/gazetaregionalna.com\/index.php?rest_route=\/wp\/v2\/types\/post"}],"author":[{"embeddable":true,"href":"https:\/\/gazetaregionalna.com\/index.php?rest_route=\/wp\/v2\/users\/7"}],"replies":[{"embeddable":true,"href":"https:\/\/gazetaregionalna.com\/index.php?rest_route=%2Fwp%2Fv2%2Fcomments&post=12468"}],"version-history":[{"count":2,"href":"https:\/\/gazetaregionalna.com\/index.php?rest_route=\/wp\/v2\/posts\/12468\/revisions"}],"predecessor-version":[{"id":12473,"href":"https:\/\/gazetaregionalna.com\/index.php?rest_route=\/wp\/v2\/posts\/12468\/revisions\/12473"}],"wp:featuredmedia":[{"embeddable":true,"href":"https:\/\/gazetaregionalna.com\/index.php?rest_route=\/wp\/v2\/media\/12472"}],"wp:attachment":[{"href":"https:\/\/gazetaregionalna.com\/index.php?rest_route=%2Fwp%2Fv2%2Fmedia&parent=12468"}],"wp:term":[{"taxonomy":"category","embeddable":true,"href":"https:\/\/gazetaregionalna.com\/index.php?rest_route=%2Fwp%2Fv2%2Fcategories&post=12468"},{"taxonomy":"post_tag","embeddable":true,"href":"https:\/\/gazetaregionalna.com\/index.php?rest_route=%2Fwp%2Fv2%2Ftags&post=12468"}],"curies":[{"name":"wp","href":"https:\/\/api.w.org\/{rel}","templated":true}]}}