{"id":12456,"date":"2020-05-15T14:21:53","date_gmt":"2020-05-15T14:21:53","guid":{"rendered":"https:\/\/gazetaregionalna.com\/?p=12456"},"modified":"2020-05-15T15:15:40","modified_gmt":"2020-05-15T15:15:40","slug":"wlokniarz-apeluje-do-kibicow-zamiencie-karnety-na-cegielki","status":"publish","type":"post","link":"https:\/\/gazetaregionalna.com\/?p=12456","title":{"rendered":"W\u0142\u00f3kniarz apeluje do kibic\u00f3w &#8211; zamie\u0144cie karnety  na cegie\u0142ki"},"content":{"rendered":"\n<p> Na stronie internetowej klubu pojawi\u0142 si\u0119 apel do kibic\u00f3w w sprawie karnet\u00f3w wykupionych na bie\u017c\u0105cy sezon. Klub proponuje zamian\u0119 karnet\u00f3w na cegie\u0142ki wspieraj\u0105ce cz\u0119stochowskie Lwy.<br> Poniewa\u017c ze wzgl\u0119du na sytuacj\u0119 epidemiczn\u0105 mecze \u017cu\u017clowe, na razie, nie b\u0119d\u0105 si\u0119 mog\u0142y odbywa\u0107 z udzia\u0142em publiczno\u015bci, karnety nie uprawni\u0105 mi\u0142o\u015bnik\u00f3w czarnego sportu do wej\u015bcia na stadion. Klub proponuje kibicom kilka mo\u017cliwo\u015bci rozwi\u0105zania tej sytuacji. Apeluje jednak do wiernych kibic\u00f3w, kt\u00f3rzy zawsze wspierali klub, aby nie zwracali wykupionych ju\u017c karnet\u00f3w i w ten spos\u00f3b wspomogli W\u0142\u00f3kniarza w tym trudnym okresie.<\/p>\n\n\n\n<ul class=\"wp-block-list\"><li>Kupno karnetu wi\u0105\u017ce si\u0119 z wieloma benefitami dla jego posiadacza w postaci upust\u00f3w, zni\u017cek czy gratisowego wej\u015bcia na zawody ligowe &#8211; napisano w o\u015bwiadczeniu klubu opublikowanym w internecie. &#8211; Karnet to jednak przede wszystkim symbol wsparcia, kt\u00f3re Kibic okazuje w okresie przedsezonowym klubowi. Wp\u0142ywy ze sprzeda\u017cy karnet\u00f3w pozwalaj\u0105 nam na rozkr\u0119cenie machiny przygotowa\u0144 przedsezonowych \u2013 dla zawodnik\u00f3w i klubu, pozwalaj\u0105 z\u0142apa\u0107 oddech i zapewni\u0107 w okresie zimowym dop\u0142yw potrzebnej got\u00f3wki.<br> W\u0142adze klubu proponuj\u0105 kibicom kilka rozwi\u0105za\u0144 , w tym zamian\u0119 karnetu na sezon 2020 na cegie\u0142k\u0119 wspieraj\u0105c\u0105 \u017cu\u017clowy sport.<br> Oto propozycje klubu: zamiana karnetu na \u201ecegie\u0142k\u0119, przeniesienie wa\u017cno\u015bci karnetu 2020 na sezon 2021, zwrot karnetu lub wymiana na gad\u017cety klubowe.<\/li><li>Szczeg\u00f3\u0142y na stronie:<\/li><li> <a href=\"https:\/\/wlokniarz.com\/2020\/05\/08\/informacje-dotyczace-karnetow-na-sezon-2020\/\" target=\"_blank\" rel=\"noopener\">https:\/\/wlokniarz.com\/2020\/05\/08\/informacje-dotyczace-karnetow-na-sezon-2020\/<\/a> <\/li><\/ul>\n","protected":false},"excerpt":{"rendered":"<p>Na stronie internetowej klubu pojawi\u0142 si\u0119 apel do kibic\u00f3w w sprawie karnet\u00f3w wykupionych na bie\u017c\u0105cy sezon. Klub proponuje zamian\u0119 karnet\u00f3w na cegie\u0142ki wspieraj\u0105ce cz\u0119stochowskie<\/p>\n","protected":false},"author":7,"featured_media":12458,"comment_status":"open","ping_status":"open","sticky":false,"template":"","format":"standard","meta":{"_monsterinsights_skip_tracking":false,"_monsterinsights_sitenote_active":false,"_monsterinsights_sitenote_note":"","_monsterinsights_sitenote_category":0,"_uf_show_specific_survey":0,"_uf_disable_surveys":false,"footnotes":""},"categories":[94,5,2,7],"tags":[],"class_list":["post-12456","post","type-post","status-publish","format-standard","has-post-thumbnail","hentry","category-polecane","category-sport","category-wiadomosci","category-zuzel"],"_links":{"self":[{"href":"https:\/\/gazetaregionalna.com\/index.php?rest_route=\/wp\/v2\/posts\/12456","targetHints":{"allow":["GET"]}}],"collection":[{"href":"https:\/\/gazetaregionalna.com\/index.php?rest_route=\/wp\/v2\/posts"}],"about":[{"href":"https:\/\/gazetaregionalna.com\/index.php?rest_route=\/wp\/v2\/types\/post"}],"author":[{"embeddable":true,"href":"https:\/\/gazetaregionalna.com\/index.php?rest_route=\/wp\/v2\/users\/7"}],"replies":[{"embeddable":true,"href":"https:\/\/gazetaregionalna.com\/index.php?rest_route=%2Fwp%2Fv2%2Fcomments&post=12456"}],"version-history":[{"count":1,"href":"https:\/\/gazetaregionalna.com\/index.php?rest_route=\/wp\/v2\/posts\/12456\/revisions"}],"predecessor-version":[{"id":12459,"href":"https:\/\/gazetaregionalna.com\/index.php?rest_route=\/wp\/v2\/posts\/12456\/revisions\/12459"}],"wp:featuredmedia":[{"embeddable":true,"href":"https:\/\/gazetaregionalna.com\/index.php?rest_route=\/wp\/v2\/media\/12458"}],"wp:attachment":[{"href":"https:\/\/gazetaregionalna.com\/index.php?rest_route=%2Fwp%2Fv2%2Fmedia&parent=12456"}],"wp:term":[{"taxonomy":"category","embeddable":true,"href":"https:\/\/gazetaregionalna.com\/index.php?rest_route=%2Fwp%2Fv2%2Fcategories&post=12456"},{"taxonomy":"post_tag","embeddable":true,"href":"https:\/\/gazetaregionalna.com\/index.php?rest_route=%2Fwp%2Fv2%2Ftags&post=12456"}],"curies":[{"name":"wp","href":"https:\/\/api.w.org\/{rel}","templated":true}]}}