{"id":124358,"date":"2024-04-25T17:47:04","date_gmt":"2024-04-25T17:47:04","guid":{"rendered":"https:\/\/gazetaregionalna.com\/?p=124358"},"modified":"2024-04-25T17:49:11","modified_gmt":"2024-04-25T17:49:11","slug":"muzeum-honorowym-partnerem-fundacji-studenckiej-mlodzi-mlodym","status":"publish","type":"post","link":"https:\/\/gazetaregionalna.com\/?p=124358","title":{"rendered":"Muzeum Monet i Medali Jana Paw\u0142a II honorowym partnerem Fundacji Studenckiej M\u0142odzi-M\u0142odym"},"content":{"rendered":"\n<h2 class=\"wp-block-heading\">Muzeum Monet i Medali Jana Paw\u0142a II w Cz\u0119stochowie og\u0142osi\u0142o swoje honorowe partnerstwo z Fundacj\u0105 Studenck\u0105 M\u0142odzi-M\u0142odym.<\/h2>\n\n\n\n<p>To uk\u0142on w stron\u0119 wsp\u00f3\u0142pracy mi\u0119dzy dwoma instytucjami, kt\u00f3re z pasj\u0105 wspieraj\u0105 rozw\u00f3j lokalnej spo\u0142eczno\u015bci oraz promuj\u0105 warto\u015bci edukacyjne i kulturalne. Cz\u0119stochowska Fundacja Studencka M\u0142odzi-M\u0142odym od 18 lat nieustannie wspiera r\u00f3\u017cne instytucje, w tym tak\u017ce muzea, umo\u017cliwiaj\u0105c im pozyskiwanie 1,5 proc. podatku na realizacj\u0119 swoich projekt\u00f3w i inicjatyw. Ta lokalna inicjatywa o globalnym zasi\u0119gu, niezale\u017cnie od regionu czy miejscowo\u015bci, kontynuuje swoj\u0105 misj\u0119 wsparcia spo\u0142eczno\u015bci lokalnych i dzia\u0142a\u0144 po\u017cytku publicznego.<\/p>\n\n\n\n<figure class=\"wp-block-image size-large\"><img decoding=\"async\" width=\"1011\" height=\"1024\" data-src=\"https:\/\/gazetaregionalna.com\/wp-content\/uploads\/2024\/04\/16116-4346078583488673881890177630411038233382504n-1011x1024.jpg\" alt=\"\" class=\"wp-image-124361 lazyload\" data-srcset=\"https:\/\/gazetaregionalna.com\/wp-content\/uploads\/2024\/04\/16116-4346078583488673881890177630411038233382504n-1011x1024.jpg 1011w, https:\/\/gazetaregionalna.com\/wp-content\/uploads\/2024\/04\/16116-4346078583488673881890177630411038233382504n-296x300.jpg 296w, https:\/\/gazetaregionalna.com\/wp-content\/uploads\/2024\/04\/16116-4346078583488673881890177630411038233382504n-768x778.jpg 768w, https:\/\/gazetaregionalna.com\/wp-content\/uploads\/2024\/04\/16116-4346078583488673881890177630411038233382504n-1517x1536.jpg 1517w, https:\/\/gazetaregionalna.com\/wp-content\/uploads\/2024\/04\/16116-4346078583488673881890177630411038233382504n-scaled.jpg 1580w\" data-sizes=\"(max-width: 1011px) 100vw, 1011px\" src=\"data:image\/svg+xml;base64,PHN2ZyB3aWR0aD0iMSIgaGVpZ2h0PSIxIiB4bWxucz0iaHR0cDovL3d3dy53My5vcmcvMjAwMC9zdmciPjwvc3ZnPg==\" style=\"--smush-placeholder-width: 1011px; --smush-placeholder-aspect-ratio: 1011\/1024;\" \/><figcaption class=\"wp-element-caption\">mat. ze strony www.jp2muzeum.pl<\/figcaption><\/figure>\n\n\n\n<p>W minion\u0105 \u015brod\u0119, 24 kwietnia widzowie telewizji publicznej mieli wyj\u0105tkow\u0105 okazj\u0119, by bli\u017cej pozna\u0107 misj\u0119 i dzia\u0142alno\u015b\u0107 Fundacji Studenckiej M\u0142odzi-M\u0142odym. W premierowym odcinku programu Po\u017cyteczni.pl na antenie TVP2, prezes Fundacji, Sebastian Biernacki, zaprezentowa\u0142 zakres dzia\u0142a\u0144 fundacji oraz mo\u017cliwo\u015bci, jakie stwarza dla muze\u00f3w. Kto nie widzia\u0142 tego programu w telewizji, mo\u017ce to zrobi\u0107 o dowolne porze na platformie TVP VOD. Wi\u0119cej na: <a href=\"http:\/\/www.jp2muzeum.pl\/\" target=\"_blank\" rel=\"noopener\">www.jp2muzeum.pl<\/a><\/p>\n\n\n\n<p><strong>mat. Muzeum Monet i Medali Jana Paw\u0142a II<\/strong><\/p>\n\n\n\n<p><\/p>\n","protected":false},"excerpt":{"rendered":"<p>Muzeum Monet i Medali Jana Paw\u0142a II w Cz\u0119stochowie og\u0142osi\u0142o swoje honorowe partnerstwo z Fundacj\u0105 Studenck\u0105 M\u0142odzi-M\u0142odym. To uk\u0142on w stron\u0119 wsp\u00f3\u0142pracy mi\u0119dzy dwoma<\/p>\n","protected":false},"author":11,"featured_media":124360,"comment_status":"closed","ping_status":"open","sticky":false,"template":"","format":"standard","meta":{"_monsterinsights_skip_tracking":false,"_monsterinsights_sitenote_active":false,"_monsterinsights_sitenote_note":"","_monsterinsights_sitenote_category":0,"_uf_show_specific_survey":0,"_uf_disable_surveys":false,"footnotes":""},"categories":[3,2],"tags":[144,8970,8659],"class_list":["post-124358","post","type-post","status-publish","format-standard","has-post-thumbnail","hentry","category-czestochowa-informacje","category-wiadomosci","tag-czestochowa","tag-fundacja-studencka-mlodzi-mlodym","tag-muzeum-monet-i-medali-im-jana-pawla-ii"],"_links":{"self":[{"href":"https:\/\/gazetaregionalna.com\/index.php?rest_route=\/wp\/v2\/posts\/124358","targetHints":{"allow":["GET"]}}],"collection":[{"href":"https:\/\/gazetaregionalna.com\/index.php?rest_route=\/wp\/v2\/posts"}],"about":[{"href":"https:\/\/gazetaregionalna.com\/index.php?rest_route=\/wp\/v2\/types\/post"}],"author":[{"embeddable":true,"href":"https:\/\/gazetaregionalna.com\/index.php?rest_route=\/wp\/v2\/users\/11"}],"replies":[{"embeddable":true,"href":"https:\/\/gazetaregionalna.com\/index.php?rest_route=%2Fwp%2Fv2%2Fcomments&post=124358"}],"version-history":[{"count":3,"href":"https:\/\/gazetaregionalna.com\/index.php?rest_route=\/wp\/v2\/posts\/124358\/revisions"}],"predecessor-version":[{"id":124366,"href":"https:\/\/gazetaregionalna.com\/index.php?rest_route=\/wp\/v2\/posts\/124358\/revisions\/124366"}],"wp:featuredmedia":[{"embeddable":true,"href":"https:\/\/gazetaregionalna.com\/index.php?rest_route=\/wp\/v2\/media\/124360"}],"wp:attachment":[{"href":"https:\/\/gazetaregionalna.com\/index.php?rest_route=%2Fwp%2Fv2%2Fmedia&parent=124358"}],"wp:term":[{"taxonomy":"category","embeddable":true,"href":"https:\/\/gazetaregionalna.com\/index.php?rest_route=%2Fwp%2Fv2%2Fcategories&post=124358"},{"taxonomy":"post_tag","embeddable":true,"href":"https:\/\/gazetaregionalna.com\/index.php?rest_route=%2Fwp%2Fv2%2Ftags&post=124358"}],"curies":[{"name":"wp","href":"https:\/\/api.w.org\/{rel}","templated":true}]}}