{"id":124347,"date":"2024-04-25T08:09:57","date_gmt":"2024-04-25T08:09:57","guid":{"rendered":"https:\/\/gazetaregionalna.com\/?p=124347"},"modified":"2024-04-25T08:09:59","modified_gmt":"2024-04-25T08:09:59","slug":"straznicy-miejscy-ujeli-poszukiwanego-przez-policje","status":"publish","type":"post","link":"https:\/\/gazetaregionalna.com\/?p=124347","title":{"rendered":"Stra\u017cnicy miejscy uj\u0119li poszukiwanego przez Policj\u0119"},"content":{"rendered":"\n<p>W \u015brod\u0119 cz\u0119stochowscy stra\u017cnicy miejscy podj\u0119li interwencj\u0119 wobec m\u0119\u017cczyzny, kt\u00f3ry w rejonie Placu Rady Europy pope\u0142ni\u0142 wykroczenie. M\u0119\u017cczyzna figurowa\u0142 te\u017c w rejestrze os\u00f3b poszukiwanych i trafi\u0142 w r\u0119ce policjant\u00f3w z I KP.<\/p>\n\n\n\n<p>Do zdarzenia dosz\u0142o 24 kwietnia oko\u0142o godz. 15 w rejonie Placu Rady Europy. Stra\u017cnicy miejscy podj\u0119li interwencj\u0119 wobec m\u0119\u017cczyzny, kt\u00f3ry pope\u0142ni\u0142 wykroczenie. W trakcie czynno\u015bci okaza\u0142o si\u0119, \u017ce m\u0119\u017cczyzna jest poszukiwany przez Policj\u0119. Stra\u017cnicy miejscy przekazali m\u0119\u017cczyzn\u0119 policjantom z I KP.<\/p>\n\n\n\n<p>\u0179r\u00f3d\u0142o: www.sm.czestochowa.pl<\/p>\n","protected":false},"excerpt":{"rendered":"<p>W \u015brod\u0119 cz\u0119stochowscy stra\u017cnicy miejscy podj\u0119li interwencj\u0119 wobec m\u0119\u017cczyzny, kt\u00f3ry w rejonie Placu Rady Europy pope\u0142ni\u0142 wykroczenie. M\u0119\u017cczyzna figurowa\u0142 te\u017c w rejestrze os\u00f3b poszukiwanych<\/p>\n","protected":false},"author":25,"featured_media":116256,"comment_status":"closed","ping_status":"open","sticky":false,"template":"","format":"standard","meta":{"_monsterinsights_skip_tracking":false,"_monsterinsights_sitenote_active":false,"_monsterinsights_sitenote_note":"","_monsterinsights_sitenote_category":0,"_uf_show_specific_survey":0,"_uf_disable_surveys":false,"footnotes":""},"categories":[2,3],"tags":[],"class_list":["post-124347","post","type-post","status-publish","format-standard","has-post-thumbnail","hentry","category-wiadomosci","category-czestochowa-informacje"],"_links":{"self":[{"href":"https:\/\/gazetaregionalna.com\/index.php?rest_route=\/wp\/v2\/posts\/124347","targetHints":{"allow":["GET"]}}],"collection":[{"href":"https:\/\/gazetaregionalna.com\/index.php?rest_route=\/wp\/v2\/posts"}],"about":[{"href":"https:\/\/gazetaregionalna.com\/index.php?rest_route=\/wp\/v2\/types\/post"}],"author":[{"embeddable":true,"href":"https:\/\/gazetaregionalna.com\/index.php?rest_route=\/wp\/v2\/users\/25"}],"replies":[{"embeddable":true,"href":"https:\/\/gazetaregionalna.com\/index.php?rest_route=%2Fwp%2Fv2%2Fcomments&post=124347"}],"version-history":[{"count":1,"href":"https:\/\/gazetaregionalna.com\/index.php?rest_route=\/wp\/v2\/posts\/124347\/revisions"}],"predecessor-version":[{"id":124348,"href":"https:\/\/gazetaregionalna.com\/index.php?rest_route=\/wp\/v2\/posts\/124347\/revisions\/124348"}],"wp:featuredmedia":[{"embeddable":true,"href":"https:\/\/gazetaregionalna.com\/index.php?rest_route=\/wp\/v2\/media\/116256"}],"wp:attachment":[{"href":"https:\/\/gazetaregionalna.com\/index.php?rest_route=%2Fwp%2Fv2%2Fmedia&parent=124347"}],"wp:term":[{"taxonomy":"category","embeddable":true,"href":"https:\/\/gazetaregionalna.com\/index.php?rest_route=%2Fwp%2Fv2%2Fcategories&post=124347"},{"taxonomy":"post_tag","embeddable":true,"href":"https:\/\/gazetaregionalna.com\/index.php?rest_route=%2Fwp%2Fv2%2Ftags&post=124347"}],"curies":[{"name":"wp","href":"https:\/\/api.w.org\/{rel}","templated":true}]}}