{"id":124339,"date":"2024-04-25T09:00:46","date_gmt":"2024-04-25T09:00:46","guid":{"rendered":"https:\/\/gazetaregionalna.com\/?p=124339"},"modified":"2024-04-25T09:00:49","modified_gmt":"2024-04-25T09:00:49","slug":"jerzy-kedziora-2","status":"publish","type":"post","link":"https:\/\/gazetaregionalna.com\/?p=124339","title":{"rendered":"Jerzy K\u0119dziora. Balansjerzy i Juraki"},"content":{"rendered":"\n<h2 class=\"wp-block-heading\"><strong>Nasz wybitny rze\u017abiarz Jerzy K\u0119dziora przy okazji swoich imienin (najlepsze \u017cyczenia!) postanowi\u0142 zrobi\u0107 prezent swoim licznym fanom. Poinformowa\u0142 o dw\u00f3ch wydarzeniach w nadchodz\u0105cy majowy weekend, kt\u00f3rych b\u0119dzie uczestnikiem, a nawet bohaterem. \u015awi\u0119to Pracy uczci czynem w podcz\u0119stochowskim Olsztynie wsp\u00f3lnie z duetem Theseus: Aleksandra Cupia\u0142 i Szymon Parafiniak. D\u0142ugi weekend zainauguruje jednak w Bydgoszczy, otwieraj\u0105c tam swoj\u0105 wystaw\u0119 \u201eUniesienie\u201d.<\/strong><\/h2>\n\n\n\n<p>W naszym Olsztynie (tym \u0142adniejszym \u2013 jak twierdzi wielu, w tym i sam rze\u017abiarz) arty\u015bci zaprezentuj\u0105 na miejskim Rynku kilkana\u015bcie plenerowych kompozycji. Duet Theseus poka\u017ce podczas tej wystawy m.in. rze\u017ab\u0119 zatytu\u0142owan\u0105 Bukefalos pochodz\u0105c\u0105 z najnowszego cyklu \u201eZwierz\u0119ta Mocy\u201d. K\u0119dziora za\u015b przedstawi tym razem kilka specyficznych, to\u017csamych z Jur\u0105 rze\u017ab, tzw. Rze\u017abia\u0144c\u00f3w lub Jurak\u00f3w. To rze\u017aby z cyklu, do kt\u00f3rego tw\u00f3rca z Poczesnej (ale nasz, cz\u0119stochowski!) wr\u00f3ci\u0142 po kilku latach i zape\u0142ni\u0142 ju\u017c nimi plenerow\u0105 przestrze\u0144 Poczesnej Galerii Rze\u017aby. Formalne otwarcie wystawy nast\u0105pi 1 maja o godzinie 17, a dokona tego w\u0142odarz miasta Tomasz Kucharski w towarzystwie artyst\u00f3w.<\/p>\n\n\n\n<figure class=\"wp-block-image size-large is-resized\"><img decoding=\"async\" width=\"768\" height=\"1024\" data-src=\"https:\/\/gazetaregionalna.com\/wp-content\/uploads\/2024\/04\/IMG_8812-768x1024.jpeg\" alt=\"\" class=\"wp-image-124342 lazyload\" style=\"--smush-placeholder-width: 768px; --smush-placeholder-aspect-ratio: 768\/1024;width:356px;height:auto\" data-srcset=\"https:\/\/gazetaregionalna.com\/wp-content\/uploads\/2024\/04\/IMG_8812-768x1024.jpeg 768w, https:\/\/gazetaregionalna.com\/wp-content\/uploads\/2024\/04\/IMG_8812-225x300.jpeg 225w, https:\/\/gazetaregionalna.com\/wp-content\/uploads\/2024\/04\/IMG_8812.jpeg 960w\" data-sizes=\"(max-width: 768px) 100vw, 768px\" src=\"data:image\/svg+xml;base64,PHN2ZyB3aWR0aD0iMSIgaGVpZ2h0PSIxIiB4bWxucz0iaHR0cDovL3d3dy53My5vcmcvMjAwMC9zdmciPjwvc3ZnPg==\" \/><\/figure>\n\n\n\n<p>27 kwietnia \u2013 wyprzedzaj\u0105c nieco 20. rocznic\u0119 wej\u015bcia Polski do Unii Europejskiej \u2013 Jerzy K\u0119dziora b\u0119dzie honorowa\u0142 ten \u015bwi\u0105teczny moment otwarciem w Bydgoszczy wystawy \u201eUniesienie\u201d. Wystawa zosta\u0142a zaaran\u017cowana na Wyspie M\u0142y\u0144skiej i w samych M\u0142ynach Rothera \u2013 widomym, znakomitym przyk\u0142adzie korzy\u015bci z naszej wsp\u00f3\u0142pracy z Uni\u0105. Monumentalny kompleks ceglanych budynk\u00f3w z po\u0142owy XIX wieku by\u0142 bowiem rewitalizowany dzi\u0119ki projektowi europejskiemu. Dzi\u015b dzia\u0142a tam presti\u017cowe Centrum Nauki i Kultury, kt\u00f3rego atrakcj\u0105 obok ekspozycji historycznych, artystycznych i naukowych jest dost\u0119pny bezp\u0142atnie taras widokowy z panoram\u0105 centrum miasta, w tym Bydgoskiego W\u0119z\u0142a Wodnego. Pierwszoplanowym akcentem artystycznym tego obszaru jest rze\u017aba balansuj\u0105ca Jerzego K\u0119dziory \u201ePrzechodz\u0105cy przez rzek\u0119\u201d zawieszona nad nurtem Brdy.<\/p>\n\n\n\n<p>\u2013 To ten balansjer w\u0142a\u015bnie te\u017c jest powodem realizacji wystawy (i ca\u0142ego projektu) w Bydgoszczy \u2013 obja\u015bnia Jerzy K\u0119dziora. \u2013 To on w\u0142a\u015bnie 20 lat temu wprowadza\u0142 mieszka\u0144c\u00f3w grodu znad Brdy do Unii Europejskiej. Teraz \u201ePrzechodz\u0105cy\u2026\u201d&nbsp; zaprosi\u0142 na jubileuszow\u0105 fet\u0119 swoich balansuj\u0105cych pobratymc\u00f3w i przyjaci\u00f3\u0142.<\/p>\n\n\n\n<p>Na stronie internetowej miasta Bydgoszczy czytamy m. in.: \u201e\u2026 zapraszamy do M\u0142yn\u00f3w Rothera oraz na Wysp\u0119 M\u0142y\u0144sk\u0105, gdzie zach\u0119cimy do oderwania si\u0119 na chwil\u0119 od Ziemi, by podziwia\u0107 zawieszon\u0105 w przestrzeni wystaw\u0119 rze\u017ab balansuj\u0105cych Jerzego K\u0119dziory. To doskona\u0142a okazja do zapoznania si\u0119 ze spektakularnym dorobkiem artystycznym JotKi.\u201d. Tam te\u017c dowiadujemy si\u0119, \u017ce wystawa b\u0119dzie czynna do 22 pa\u017adziernika i udost\u0119pniana bezp\u0142atnie. Wi\u0119c ktokolwiek b\u0119dziesz w bydgoskiej stronie&#8230;<\/p>\n\n\n\n<p>Informacj\u0119 organizator\u00f3w uzupe\u0142nia te\u017c nota naszego artysty. Cho\u0107 cz\u0119stochowianom ta wiedza znana jest od dawna, jednak przyjemnie przytoczy\u0107:<\/p>\n\n\n\n<p>Jerzy \u201eJotKa\u201d K\u0119dziora \u2013 rze\u017abiarz, malarz, designer, pedagog, absolwent ASP w Gda\u0144sku. Uczestnik oko\u0142o 500 wystaw w Polsce i na \u015bwiecie. Autor pomnik\u00f3w i rze\u017abiarskich akcent\u00f3w w przestrzeni publicznej. Laureat wielu nagr\u00f3d. K\u0119dziora od pocz\u0105tku swojej drogi artystycznej interesowa\u0142 si\u0119 sztuk\u0105 kinetyczn\u0105 i eksperymentami rze\u017abiarskimi. Zmienno\u015b\u0107 czasu, wybor\u00f3w i egzystencji w czasach nam wsp\u00f3\u0142czesnych sta\u0142a si\u0119 podstaw\u0105 jego artystycznych poszukiwa\u0144, kt\u00f3re sk\u0142oni\u0142y go do podj\u0119cia pracy nad rze\u017abami balansuj\u0105cymi, dzi\u0119ki kt\u00f3rym zyska\u0142 uznanie na ca\u0142ym \u015bwiecie. <\/p>\n\n\n\n<p>Pokazywa\u0142 je na monumentalnych wystawach plenerowych m. in. w Dubaju, Abu Dhabi, Palm Beach, Long Island, Berlinie, Pradze czy Singapurze oraz na takich imprezach, jak Biennale w Wenecji, Art Basel Miami, ArtTaipei czy ARTZUID \u2013 Biennale Rze\u017aby w Amsterdamie. W Polsce tworzy Szlak Rze\u017ab Balansuj\u0105cych, kt\u00f3re mo\u017cna ogl\u0105da\u0107 w przestrzeni publicznej w wielu miejscach kraju.<\/p>\n\n\n\n<figure class=\"wp-block-image size-full is-resized\"><img decoding=\"async\" width=\"241\" height=\"241\" data-src=\"https:\/\/gazetaregionalna.com\/wp-content\/uploads\/2024\/04\/PastedGraphic-4.png\" alt=\"\" class=\"wp-image-124343 lazyload\" style=\"--smush-placeholder-width: 241px; --smush-placeholder-aspect-ratio: 241\/241;width:355px;height:auto\" data-srcset=\"https:\/\/gazetaregionalna.com\/wp-content\/uploads\/2024\/04\/PastedGraphic-4.png 241w, https:\/\/gazetaregionalna.com\/wp-content\/uploads\/2024\/04\/PastedGraphic-4-150x150.png 150w, https:\/\/gazetaregionalna.com\/wp-content\/uploads\/2024\/04\/PastedGraphic-4-215x215.png 215w\" data-sizes=\"(max-width: 241px) 100vw, 241px\" src=\"data:image\/svg+xml;base64,PHN2ZyB3aWR0aD0iMSIgaGVpZ2h0PSIxIiB4bWxucz0iaHR0cDovL3d3dy53My5vcmcvMjAwMC9zdmciPjwvc3ZnPg==\" \/><\/figure>\n\n\n\n<p>\u2013 Wspomniane wystawy b\u0119d\u0105 pierwszymi z kilku ods\u0142on szerszego projektu \u2013 dodaje <a href=\"https:\/\/www.jerzykedziora.com\/\" target=\"_blank\" rel=\"noopener\">Jerzy K\u0119dziora<\/a>.<\/p>\n\n\n\n<p>Oto zaplanowane elementy cyklu dzia\u0142a\u0144:<\/p>\n\n\n\n<p>\u2013 prezentacje balansjer\u00f3w na fotografiach Bart\u0142omieja K\u0119dziory \u2013 syna artysty;<\/p>\n\n\n\n<p>\u2013 ods\u0142oni\u0119cie kolejnego etapu Szlaku Rze\u017ab Balansuj\u0105cych;<\/p>\n\n\n\n<p>\u2013 symultaniczne \u0142\u0105czenie si\u0119 z bohaterami K\u0142adki o. Bernatki w Krakowie w ramach projektu \u201eMosty Sztuki\u201d;<\/p>\n\n\n\n<p>\u2013 aktywne tworzenie i prezentacja albumu po\u015bwi\u0119conego mojej tw\u00f3rczo\u015bci realizowanego przez wydawnictwo Pejza\u017c;<\/p>\n\n\n\n<p>\u2013 i kilka dalszych, na kt\u00f3re artysta serdecznie zaprasza! <\/p>\n\n\n\n<p>Tadeusz Piersiak<\/p>\n\n\n\n<p>Czytaj tak\u017ce: <a href=\"https:\/\/gazetaregionalna.com\/muzeum-8\/\">Muzeum Cz\u0119stochowskie. Z mur\u00f3w w ramy<\/a><\/p>\n","protected":false},"excerpt":{"rendered":"<p>Nasz wybitny rze\u017abiarz Jerzy K\u0119dziora przy okazji swoich imienin (najlepsze \u017cyczenia!) postanowi\u0142 zrobi\u0107 prezent swoim licznym fanom. Poinformowa\u0142 o dw\u00f3ch wydarzeniach w nadchodz\u0105cy majowy<\/p>\n","protected":false},"author":5,"featured_media":124341,"comment_status":"closed","ping_status":"open","sticky":false,"template":"","format":"standard","meta":{"_monsterinsights_skip_tracking":false,"_monsterinsights_sitenote_active":false,"_monsterinsights_sitenote_note":"","_monsterinsights_sitenote_category":0,"_uf_show_specific_survey":0,"_uf_disable_surveys":false,"footnotes":""},"categories":[12,13,1401],"tags":[8968,8969,2419],"class_list":["post-124339","post","type-post","status-publish","format-standard","has-post-thumbnail","hentry","category-kultura-i-rozrywka","category-wydarzenia","category-wystawy-kultura-i-rozrywka","tag-poczesna-galeria-rzezby","tag-rzezbiance","tag-rzezby-balansujace"],"_links":{"self":[{"href":"https:\/\/gazetaregionalna.com\/index.php?rest_route=\/wp\/v2\/posts\/124339","targetHints":{"allow":["GET"]}}],"collection":[{"href":"https:\/\/gazetaregionalna.com\/index.php?rest_route=\/wp\/v2\/posts"}],"about":[{"href":"https:\/\/gazetaregionalna.com\/index.php?rest_route=\/wp\/v2\/types\/post"}],"author":[{"embeddable":true,"href":"https:\/\/gazetaregionalna.com\/index.php?rest_route=\/wp\/v2\/users\/5"}],"replies":[{"embeddable":true,"href":"https:\/\/gazetaregionalna.com\/index.php?rest_route=%2Fwp%2Fv2%2Fcomments&post=124339"}],"version-history":[{"count":3,"href":"https:\/\/gazetaregionalna.com\/index.php?rest_route=\/wp\/v2\/posts\/124339\/revisions"}],"predecessor-version":[{"id":124349,"href":"https:\/\/gazetaregionalna.com\/index.php?rest_route=\/wp\/v2\/posts\/124339\/revisions\/124349"}],"wp:featuredmedia":[{"embeddable":true,"href":"https:\/\/gazetaregionalna.com\/index.php?rest_route=\/wp\/v2\/media\/124341"}],"wp:attachment":[{"href":"https:\/\/gazetaregionalna.com\/index.php?rest_route=%2Fwp%2Fv2%2Fmedia&parent=124339"}],"wp:term":[{"taxonomy":"category","embeddable":true,"href":"https:\/\/gazetaregionalna.com\/index.php?rest_route=%2Fwp%2Fv2%2Fcategories&post=124339"},{"taxonomy":"post_tag","embeddable":true,"href":"https:\/\/gazetaregionalna.com\/index.php?rest_route=%2Fwp%2Fv2%2Ftags&post=124339"}],"curies":[{"name":"wp","href":"https:\/\/api.w.org\/{rel}","templated":true}]}}