{"id":124277,"date":"2024-04-23T18:18:02","date_gmt":"2024-04-23T18:18:02","guid":{"rendered":"https:\/\/gazetaregionalna.com\/?p=124277"},"modified":"2024-04-23T18:19:10","modified_gmt":"2024-04-23T18:19:10","slug":"tauron-u24-wlokniarz-rozpoczal-sezon-od-porazki-na-dobrym-poziomie-pojechal-tylko-kajetan-kupiec","status":"publish","type":"post","link":"https:\/\/gazetaregionalna.com\/?p=124277","title":{"rendered":"Tauron U24 W\u0142\u00f3kniarz rozpocz\u0105\u0142 sezon od pora\u017cki. Na dobrym poziomie pojecha\u0142 tylko Kajetan Kupiec"},"content":{"rendered":"\n<p>We wtorek m\u0142odzi \u017cu\u017clowcy Tauron U24 W\u0142\u00f3kniarz Cz\u0119stochowa rozpocz\u0119li nowy sezon w U24 Ekstralidze. W 1. kolejce przegrali w Lesznie z Polcopper Agromix Uni\u0105 38:52.<\/p>\n\n\n\n<p>W dru\u017cynie W\u0142\u00f3kniarza na bardzo dobrym poziomie pojecha\u0142 tylko Kajetan Kupiec, kt\u00f3ry w 6 startach zdoby\u0142 13 punkt\u00f3w. 8 punkt\u00f3w do\u0142o\u017cy\u0142 Steven Goret, a 7 Szymon Ludwiczak. <\/p>\n\n\n\n<p>W 2. kolejce cz\u0119stochowianie mieli podejmowa\u0107 30 kwietnia GKM Grudzi\u0105dz. Ten mecz zosta\u0142 odwo\u0142any, bo na ten dzie\u0144 zaplanowano zaleg\u0142y mecz PGE Ekstraligi, w kt\u00f3rym Tauron W\u0142\u00f3kniarz podejmowa\u0107 b\u0119dzie Betard Spart\u0119 Wroc\u0142aw. Pocz\u0105tek o godz. 20:30.<\/p>\n\n\n\n<p>AK, fot: AK<\/p>\n\n\n\n<p>Punktacja:<\/p>\n\n\n\n<p>Polcopper Agromix Unia Leszno 52<\/p>\n\n\n\n<p>Antoni Mencel 8 (3,1,1,2,1)<\/p>\n\n\n\n<p>Damian Ratajczak 15 (3,3,3,3,3)<\/p>\n\n\n\n<p>Hubert Jab\u0142o\u0144ski 12 (1,3,2,3,3)<\/p>\n\n\n\n<p>Nazar Parnicki 12 (3,2,3,3,1)<\/p>\n\n\n\n<p>Tate Zischke 4 (1,1,1,1)<\/p>\n\n\n\n<p>Marcel Juskowiak 0 (0,0,0)<\/p>\n\n\n\n<p>Jakub \u017burek 1 (1,0,0)<\/p>\n\n\n\n<p>Tauron U24 W\u0142\u00f3kniarz Cz\u0119stochowa 38<\/p>\n\n\n\n<p>Steven Goret 8 (2,2,2,0,2)<\/p>\n\n\n\n<p>Leon Flint 3 (0,3,0,-,)<\/p>\n\n\n\n<p>Anton Karlsson 1 (0,1,-,-,)<\/p>\n\n\n\n<p>James Pearson 4 (1,0,2,1,d)<\/p>\n\n\n\n<p>Kacper Halkiewicz 2 (2,w,d,d)<\/p>\n\n\n\n<p>Kajetan Kupiec 13 (3,2,3,1,2,2)<\/p>\n\n\n\n<p>Szymon Ludwiczak 7 (2,2,1,2,d)<\/p>\n\n\n\n<p>Bieg po biegu:<\/p>\n\n\n\n<p>1. Mencel, Goret, Jab\u0142o\u0144ski, Karlsson 4:2<\/p>\n\n\n\n<p>2. Kupiec, Ludwiczak, \u017burek, Juskowiak 1:5\/5:7<\/p>\n\n\n\n<p>3. Parnicki, Halkiewicz, Zischke, Flint 4:2\/9:9<\/p>\n\n\n\n<p>4. Ratajczak, Kupiec, Pearson, Juskowiak 3:3\/12:12<\/p>\n\n\n\n<p>5. Jab\u0142o\u0144ski, Parnicki, Karlsson, Pearson 5:1\/17:13<\/p>\n\n\n\n<p>6. Flint, Goret, Zischke, \u017burek 1:5\/18:18<\/p>\n\n\n\n<p>7. Ratajczak, Ludwiczak, Mencel, Halkiewicz (w) 4:2\/22:20<\/p>\n\n\n\n<p>8. Kupiec, Pearson, Zischke, Juskowiak 1:5\/23:25<\/p>\n\n\n\n<p>9. Ratajczak, Goret, Mencel, Flint 4:2\/27:27<\/p>\n\n\n\n<p>10. Parnicki, Jab\u0142o\u0144ski, Kupiec, Halkiewicz (d) 5:1\/32:28<\/p>\n\n\n\n<p>11. Parnicki, Mencel, Pearson, Goret 5:1\/37:29<\/p>\n\n\n\n<p>12. Jab\u0142o\u0144ski, Kupiec, Ludwiczak, \u017burek 3:3\/40:32<\/p>\n\n\n\n<p>13. Ratajczak, Ludwiczak, Zischke, Halkiewicz (d) 4:2\/44:34<\/p>\n\n\n\n<p>14. Jab\u0142o\u0144ski, Kupiec, Mencel, Ludwiczak (d) 4:2\/48:36<\/p>\n\n\n\n<p>15. Ratajczak, Goret, Parnicki, Pearson (d) 4:2\/52:38<\/p>\n\n\n\n<figure class=\"wp-block-image size-large\"><img decoding=\"async\" width=\"1024\" height=\"683\" data-src=\"https:\/\/gazetaregionalna.com\/wp-content\/uploads\/2024\/04\/WlokniarzPD-15-1024x683.jpg\" alt=\"\" class=\"wp-image-124181 lazyload\" data-srcset=\"https:\/\/gazetaregionalna.com\/wp-content\/uploads\/2024\/04\/WlokniarzPD-15-1024x683.jpg 1024w, https:\/\/gazetaregionalna.com\/wp-content\/uploads\/2024\/04\/WlokniarzPD-15-300x200.jpg 300w, https:\/\/gazetaregionalna.com\/wp-content\/uploads\/2024\/04\/WlokniarzPD-15-768x512.jpg 768w, https:\/\/gazetaregionalna.com\/wp-content\/uploads\/2024\/04\/WlokniarzPD-15-1536x1024.jpg 1536w, https:\/\/gazetaregionalna.com\/wp-content\/uploads\/2024\/04\/WlokniarzPD-15-2048x1365.jpg 2048w, https:\/\/gazetaregionalna.com\/wp-content\/uploads\/2024\/04\/WlokniarzPD-15-scaled.jpg 1600w\" data-sizes=\"(max-width: 1024px) 100vw, 1024px\" src=\"data:image\/svg+xml;base64,PHN2ZyB3aWR0aD0iMSIgaGVpZ2h0PSIxIiB4bWxucz0iaHR0cDovL3d3dy53My5vcmcvMjAwMC9zdmciPjwvc3ZnPg==\" style=\"--smush-placeholder-width: 1024px; --smush-placeholder-aspect-ratio: 1024\/683;\" \/><\/figure>\n\n\n\n<figure class=\"wp-block-image size-large\"><img decoding=\"async\" width=\"1024\" height=\"1024\" data-src=\"https:\/\/gazetaregionalna.com\/wp-content\/uploads\/2024\/04\/DMK-Invest-1-1024x1024.jpg\" alt=\"\" class=\"wp-image-123882 lazyload\" data-srcset=\"https:\/\/gazetaregionalna.com\/wp-content\/uploads\/2024\/04\/DMK-Invest-1-1024x1024.jpg 1024w, https:\/\/gazetaregionalna.com\/wp-content\/uploads\/2024\/04\/DMK-Invest-1-300x300.jpg 300w, https:\/\/gazetaregionalna.com\/wp-content\/uploads\/2024\/04\/DMK-Invest-1-150x150.jpg 150w, https:\/\/gazetaregionalna.com\/wp-content\/uploads\/2024\/04\/DMK-Invest-1-768x768.jpg 768w, https:\/\/gazetaregionalna.com\/wp-content\/uploads\/2024\/04\/DMK-Invest-1-1536x1536.jpg 1536w, https:\/\/gazetaregionalna.com\/wp-content\/uploads\/2024\/04\/DMK-Invest-1-2048x2048.jpg 2048w, https:\/\/gazetaregionalna.com\/wp-content\/uploads\/2024\/04\/DMK-Invest-1-215x215.jpg 215w, https:\/\/gazetaregionalna.com\/wp-content\/uploads\/2024\/04\/DMK-Invest-1-scaled.jpg 1600w\" data-sizes=\"(max-width: 1024px) 100vw, 1024px\" src=\"data:image\/svg+xml;base64,PHN2ZyB3aWR0aD0iMSIgaGVpZ2h0PSIxIiB4bWxucz0iaHR0cDovL3d3dy53My5vcmcvMjAwMC9zdmciPjwvc3ZnPg==\" style=\"--smush-placeholder-width: 1024px; --smush-placeholder-aspect-ratio: 1024\/1024;\" \/><\/figure>\n\n\n\n<figure class=\"wp-block-image size-large\"><img decoding=\"async\" width=\"1024\" height=\"1024\" data-src=\"https:\/\/gazetaregionalna.com\/wp-content\/uploads\/2024\/04\/FONEX-1024x1024.jpg\" alt=\"\" class=\"wp-image-123881 lazyload\" data-srcset=\"https:\/\/gazetaregionalna.com\/wp-content\/uploads\/2024\/04\/FONEX-1024x1024.jpg 1024w, https:\/\/gazetaregionalna.com\/wp-content\/uploads\/2024\/04\/FONEX-300x300.jpg 300w, https:\/\/gazetaregionalna.com\/wp-content\/uploads\/2024\/04\/FONEX-150x150.jpg 150w, https:\/\/gazetaregionalna.com\/wp-content\/uploads\/2024\/04\/FONEX-768x768.jpg 768w, https:\/\/gazetaregionalna.com\/wp-content\/uploads\/2024\/04\/FONEX-215x215.jpg 215w, https:\/\/gazetaregionalna.com\/wp-content\/uploads\/2024\/04\/FONEX.jpg 1080w\" data-sizes=\"(max-width: 1024px) 100vw, 1024px\" src=\"data:image\/svg+xml;base64,PHN2ZyB3aWR0aD0iMSIgaGVpZ2h0PSIxIiB4bWxucz0iaHR0cDovL3d3dy53My5vcmcvMjAwMC9zdmciPjwvc3ZnPg==\" style=\"--smush-placeholder-width: 1024px; --smush-placeholder-aspect-ratio: 1024\/1024;\" \/><\/figure>\n","protected":false},"excerpt":{"rendered":"<p>We wtorek m\u0142odzi \u017cu\u017clowcy Tauron U24 W\u0142\u00f3kniarz Cz\u0119stochowa rozpocz\u0119li nowy sezon w U24 Ekstralidze. W 1. kolejce przegrali w Lesznie z Polcopper Agromix Uni\u0105<\/p>\n","protected":false},"author":15,"featured_media":124181,"comment_status":"closed","ping_status":"open","sticky":false,"template":"","format":"standard","meta":{"_monsterinsights_skip_tracking":false,"_monsterinsights_sitenote_active":false,"_monsterinsights_sitenote_note":"","_monsterinsights_sitenote_category":0,"_uf_show_specific_survey":0,"_uf_disable_surveys":false,"footnotes":""},"categories":[7,5],"tags":[],"class_list":["post-124277","post","type-post","status-publish","format-standard","has-post-thumbnail","hentry","category-zuzel","category-sport"],"_links":{"self":[{"href":"https:\/\/gazetaregionalna.com\/index.php?rest_route=\/wp\/v2\/posts\/124277","targetHints":{"allow":["GET"]}}],"collection":[{"href":"https:\/\/gazetaregionalna.com\/index.php?rest_route=\/wp\/v2\/posts"}],"about":[{"href":"https:\/\/gazetaregionalna.com\/index.php?rest_route=\/wp\/v2\/types\/post"}],"author":[{"embeddable":true,"href":"https:\/\/gazetaregionalna.com\/index.php?rest_route=\/wp\/v2\/users\/15"}],"replies":[{"embeddable":true,"href":"https:\/\/gazetaregionalna.com\/index.php?rest_route=%2Fwp%2Fv2%2Fcomments&post=124277"}],"version-history":[{"count":2,"href":"https:\/\/gazetaregionalna.com\/index.php?rest_route=\/wp\/v2\/posts\/124277\/revisions"}],"predecessor-version":[{"id":124284,"href":"https:\/\/gazetaregionalna.com\/index.php?rest_route=\/wp\/v2\/posts\/124277\/revisions\/124284"}],"wp:featuredmedia":[{"embeddable":true,"href":"https:\/\/gazetaregionalna.com\/index.php?rest_route=\/wp\/v2\/media\/124181"}],"wp:attachment":[{"href":"https:\/\/gazetaregionalna.com\/index.php?rest_route=%2Fwp%2Fv2%2Fmedia&parent=124277"}],"wp:term":[{"taxonomy":"category","embeddable":true,"href":"https:\/\/gazetaregionalna.com\/index.php?rest_route=%2Fwp%2Fv2%2Fcategories&post=124277"},{"taxonomy":"post_tag","embeddable":true,"href":"https:\/\/gazetaregionalna.com\/index.php?rest_route=%2Fwp%2Fv2%2Ftags&post=124277"}],"curies":[{"name":"wp","href":"https:\/\/api.w.org\/{rel}","templated":true}]}}