{"id":124099,"date":"2024-04-17T19:23:25","date_gmt":"2024-04-17T19:23:25","guid":{"rendered":"https:\/\/gazetaregionalna.com\/?p=124099"},"modified":"2024-04-17T19:24:03","modified_gmt":"2024-04-17T19:24:03","slug":"spotkanie-z-autorami-ksiazki-milosc-zostaje-tutaj","status":"publish","type":"post","link":"https:\/\/gazetaregionalna.com\/?p=124099","title":{"rendered":"Cz\u0119stochowa. 19 kwietnia odb\u0119dzie si\u0119 spotkanie z autorami ksi\u0105\u017cki &#8222;Mi\u0142o\u015b\u0107 zostaje tutaj&#8221;"},"content":{"rendered":"\n<h2 class=\"wp-block-heading\">W pi\u0105tek, 19 lutego o godz. o 18 spo\u0142eczno\u015b\u0107 Fundacji Oczami Brata zaprasza do Kawiarni Alternatywa 21 na cz\u0119stochowskim Starym Rynku na wyj\u0105tkowe spotkanie promuj\u0105ce ksi\u0105\u017ck\u0119 zatytu\u0142owan\u0105 \u201eMi\u0142o\u015b\u0107 zostaje tutaj\u201d. Wst\u0119p jest wolny.<\/h2>\n\n\n\n<p>O premierze ksi\u0105\u017cki &#8222;Mi\u0142o\u015b\u0107 zostaje tutaj&#8221; <a href=\"https:\/\/gazetaregionalna.com\/premiera-ksiazki-milosc-zostaje-tutaj\/\">pisali\u015bmy <\/a>ju\u017c na \u0142amach &#8222;Gazety Regionalnej&#8221;. T\u0119 niezwyk\u0142\u0105 publikacj\u0119 przygotowano z okazji otwarcia Domu Oczami Brata i 10-lecia <a href=\"https:\/\/www.facebook.com\/OczamiBrata\" target=\"_blank\" rel=\"noopener\">Fundacji Oczami Brata<\/a>. Ksi\u0105\u017cka ma wielu autor\u00f3w. Otwieraj\u0105 j\u0105 opowie\u015bci Paw\u0142a i Jadwigi Bilskich. G\u0142os oddano r\u00f3wnie\u017c innym osobom zwi\u0105zanym <br>Fundacj\u0105 i Domem Oczami Brata. Swoimi historiami dziel\u0105 si\u0119: Janusz Bilski, Piotr Bilski, Paulina Fronczak, Marta Goldsztajn, Zofia Ga\u0142uszka, Maria G\u00f3recka, Beata Kijak, Anna Kuku\u0142a, Ewa Kwiatkowska, Krystyna Kwiatkowska, Teresa Majewska, Bo\u017cena Mateuszuk, Barbara Stod\u00f3\u0142ka i Marzena Trejtowicz.<\/p>\n\n\n\n<figure class=\"wp-block-image size-full\"><img decoding=\"async\" width=\"651\" height=\"1024\" data-src=\"https:\/\/gazetaregionalna.com\/wp-content\/uploads\/2024\/04\/okladka-front-651x1024-1.jpg\" alt=\"\" class=\"wp-image-124103 lazyload\" data-srcset=\"https:\/\/gazetaregionalna.com\/wp-content\/uploads\/2024\/04\/okladka-front-651x1024-1.jpg 651w, https:\/\/gazetaregionalna.com\/wp-content\/uploads\/2024\/04\/okladka-front-651x1024-1-191x300.jpg 191w\" data-sizes=\"(max-width: 651px) 100vw, 651px\" src=\"data:image\/svg+xml;base64,PHN2ZyB3aWR0aD0iMSIgaGVpZ2h0PSIxIiB4bWxucz0iaHR0cDovL3d3dy53My5vcmcvMjAwMC9zdmciPjwvc3ZnPg==\" style=\"--smush-placeholder-width: 651px; --smush-placeholder-aspect-ratio: 651\/1024;\" \/><figcaption class=\"wp-element-caption\">&#8222;Mi\u0142o\u015b\u0107 zostaje tutaj&#8221; (mat. FOB)<\/figcaption><\/figure>\n\n\n\n<p>\u201eMi\u0142o\u015b\u0107 zostaje tutaj\u201d nie jest dzie\u0142em fikcji. Wszelkie nazwy, postaci, miejsca i wydarzenia nie s\u0105 wytworem wyobra\u017ani. Wszelkie podobie\u0144stwa do os\u00f3b prawdziwych nie s\u0105 przypadkowe i niezamierzone. T\u0119 ksi\u0105\u017ck\u0119 napisa\u0142o \u017cycie. To prawdziwe historie p\u0142yn\u0105ce prosto z serca. Pe\u0142ne nadziei, odwagi, si\u0142y, wiary, codziennej m\u0105dro\u015bci i w\u0142a\u015bnie \u2013 tytu\u0142owej mi\u0142o\u015bci. Wracamy w nich do chwil, gdy Fundacji Oczami Brata nie by\u0142o nawet w planach, ale bez tych ludzi, ich marze\u0144, pragnie\u0144 i opowie\u015bci, jej powo\u0142anie nie mia\u0142oby sensu &#8211; czytamy w opisie ksi\u0105\u017cki.<\/p>\n\n\n\n<p>Spotkanie promuj\u0105ce ksi\u0105\u017ck\u0119 odb\u0119dzie si\u0119 19 kwietnia o godz. 18 w <a href=\"https:\/\/www.facebook.com\/KawiarniaAlternatywa21\" target=\"_blank\" rel=\"noopener\">Kawiarni Alternatywa 21. <\/a>Tego wieczoru b\u0119dzie mo\u017cna otrzyma\u0107 ksi\u0105\u017ck\u0119, jak r\u00f3wnie\u017c porozmawia\u0107 z autorami i zdoby\u0107 ich autografy.<\/p>\n\n\n\n<p><strong>red.<\/strong><\/p>\n\n\n\n<p><strong><a href=\"https:\/\/gazetaregionalna.com\/pawel-bilski-10-lat-temu-rozmowa\/\">Czytaj tak\u017ce: Pawe\u0142 Bilski: Ponad 10 lat temu walczyli\u015bmy o wszystko, co si\u0119 da. Dzi\u015b to my wyznaczamy wzorce [ROZMOWA]<\/a><\/strong><\/p>\n","protected":false},"excerpt":{"rendered":"<p>W pi\u0105tek, 19 lutego o godz. o 18 spo\u0142eczno\u015b\u0107 Fundacji Oczami Brata zaprasza do Kawiarni Alternatywa 21 na cz\u0119stochowskim Starym Rynku na wyj\u0105tkowe spotkanie<\/p>\n","protected":false},"author":11,"featured_media":124102,"comment_status":"closed","ping_status":"open","sticky":false,"template":"","format":"standard","meta":{"_monsterinsights_skip_tracking":false,"_monsterinsights_sitenote_active":false,"_monsterinsights_sitenote_note":"","_monsterinsights_sitenote_category":0,"_uf_show_specific_survey":0,"_uf_disable_surveys":false,"footnotes":""},"categories":[12,3,2],"tags":[144,1606,3616,8845,2215],"class_list":["post-124099","post","type-post","status-publish","format-standard","has-post-thumbnail","hentry","category-kultura-i-rozrywka","category-czestochowa-informacje","category-wiadomosci","tag-czestochowa","tag-fundacja-oczami-brata","tag-ksiazka-2","tag-milosc-zostaje-tutaj","tag-spotkanie-autorskie"],"_links":{"self":[{"href":"https:\/\/gazetaregionalna.com\/index.php?rest_route=\/wp\/v2\/posts\/124099","targetHints":{"allow":["GET"]}}],"collection":[{"href":"https:\/\/gazetaregionalna.com\/index.php?rest_route=\/wp\/v2\/posts"}],"about":[{"href":"https:\/\/gazetaregionalna.com\/index.php?rest_route=\/wp\/v2\/types\/post"}],"author":[{"embeddable":true,"href":"https:\/\/gazetaregionalna.com\/index.php?rest_route=\/wp\/v2\/users\/11"}],"replies":[{"embeddable":true,"href":"https:\/\/gazetaregionalna.com\/index.php?rest_route=%2Fwp%2Fv2%2Fcomments&post=124099"}],"version-history":[{"count":4,"href":"https:\/\/gazetaregionalna.com\/index.php?rest_route=\/wp\/v2\/posts\/124099\/revisions"}],"predecessor-version":[{"id":124105,"href":"https:\/\/gazetaregionalna.com\/index.php?rest_route=\/wp\/v2\/posts\/124099\/revisions\/124105"}],"wp:featuredmedia":[{"embeddable":true,"href":"https:\/\/gazetaregionalna.com\/index.php?rest_route=\/wp\/v2\/media\/124102"}],"wp:attachment":[{"href":"https:\/\/gazetaregionalna.com\/index.php?rest_route=%2Fwp%2Fv2%2Fmedia&parent=124099"}],"wp:term":[{"taxonomy":"category","embeddable":true,"href":"https:\/\/gazetaregionalna.com\/index.php?rest_route=%2Fwp%2Fv2%2Fcategories&post=124099"},{"taxonomy":"post_tag","embeddable":true,"href":"https:\/\/gazetaregionalna.com\/index.php?rest_route=%2Fwp%2Fv2%2Ftags&post=124099"}],"curies":[{"name":"wp","href":"https:\/\/api.w.org\/{rel}","templated":true}]}}