{"id":123745,"date":"2024-04-08T20:49:53","date_gmt":"2024-04-08T20:49:53","guid":{"rendered":"https:\/\/gazetaregionalna.com\/?p=123745"},"modified":"2024-04-08T20:50:20","modified_gmt":"2024-04-08T20:50:20","slug":"konduktorownia-do-trzech-razy-sztuka","status":"publish","type":"post","link":"https:\/\/gazetaregionalna.com\/?p=123745","title":{"rendered":"Konduktorownia. Wernisa\u017c wystawy &#8222;Do trzech razy sztuka&#8221; ju\u017c 12 kwietnia"},"content":{"rendered":"\n<p><strong>W pi\u0105tek, 12 kwietnia o godz. 19 Regionalne Towarzystwo Zach\u0119ty Sztuk Pi\u0119knych w Cz\u0119stochowie zaprasza na wernisa\u017c wystawy &#8222;Do trzech razy sztuka&#8221;. Monika Krzakiewicz, Tomasz Klimczyk i Halina Nowicka zaprezentuj\u0105 swoje prace w Konduktorowni. <\/strong><\/p>\n\n\n\n<p><strong>Monika Krzakiewicz<\/strong> urodzi\u0142a si\u0119 w 1969 r. w Ustrzykach Dolnych. Studiowa\u0142a w Instytucie Sztuki Uniwersytetu \u015al\u0105skiego w Cieszynie gdzie uzyska\u0142a dyplom z malarstwa w pracowni prof. Zygmunta Lisa i rysunku w pracowni prof. Anny Kowalczyk-Klus. Mieszka i tworzy w Krakowie. Ma w swoim dorobku liczne wystawy indywidualne i zbiorowe, co roku uczestniczy w plenerach malarskich organizowanych w kraju i za granic\u0105.<\/p>\n\n\n\n<figure class=\"wp-block-image size-large\"><img decoding=\"async\" width=\"1024\" height=\"928\" data-src=\"https:\/\/gazetaregionalna.com\/wp-content\/uploads\/2024\/04\/IMG_3409-1024x928.jpg\" alt=\"\" class=\"wp-image-123748 lazyload\" data-srcset=\"https:\/\/gazetaregionalna.com\/wp-content\/uploads\/2024\/04\/IMG_3409-1024x928.jpg 1024w, https:\/\/gazetaregionalna.com\/wp-content\/uploads\/2024\/04\/IMG_3409-300x272.jpg 300w, https:\/\/gazetaregionalna.com\/wp-content\/uploads\/2024\/04\/IMG_3409-768x696.jpg 768w, https:\/\/gazetaregionalna.com\/wp-content\/uploads\/2024\/04\/IMG_3409.jpg 1387w\" data-sizes=\"(max-width: 1024px) 100vw, 1024px\" src=\"data:image\/svg+xml;base64,PHN2ZyB3aWR0aD0iMSIgaGVpZ2h0PSIxIiB4bWxucz0iaHR0cDovL3d3dy53My5vcmcvMjAwMC9zdmciPjwvc3ZnPg==\" style=\"--smush-placeholder-width: 1024px; --smush-placeholder-aspect-ratio: 1024\/928;\" \/><figcaption class=\"wp-element-caption\">Praca Moniki Krzakiewicz<\/figcaption><\/figure>\n\n\n\n<p>Tematem jej obraz\u00f3w s\u0105 przede wszystkim akty kobiece wkomponowywane delikatnie w dekoracyjne t\u0142o, z towarzysz\u0105cymi im elementami symbolicznymi, jak: jab\u0142ka \u2013 symbol pokusy i grzechu ale r\u00f3wnocze\u015bnie p\u0142odno\u015bci i urodzaju, ptaki \u2013 zwiastun ratunku i symbol pokoju, ale r\u00f3wnie\u017c symbol nieograniczonej wolno\u015bci i ludzkiej duszy, w ko\u0144cu magnolie \u2013 symbolizuj\u0105ce czysto\u015b\u0107, wierno\u015b\u0107, lecz przede wszystkim rozkwitaj\u0105c\u0105 kobieco\u015b\u0107 m\u0142odej dziewczyny.<\/p>\n\n\n\n<p>Monik\u0119 Krzakiewicz urzeka r\u00f3wnie\u017c m.in. taniec, jest autork\u0105 cyklu baletnic, kt\u00f3re nosz\u0105 w sobie czytelne odwo\u0142ania do obraz\u00f3w Edgara Degas. Ich tiulowe bia\u0142e i r\u00f3\u017cowe stroje przesiewaj\u0105 poprzez swoj\u0105 delikatn\u0105 materi\u0119, z\u0142oto mieni\u0105ce si\u0119 w t\u0142ach. Ta\u0144cz\u0105 r\u00f3wnie\u017c ma\u0142e dziewczynki, raz w baletowych, raz w g\u00f3ralskich strojach, rysuj\u0105 w powietrzu ornamenty r\u00f3\u017cowymi wst\u0119gami, lub wiruj\u0105 w ko\u0142o, radosne, zaw\u0142adni\u0119te przez muzyk\u0119.<br><br>Struktura malarska obraz\u00f3w Krzakiewicz jest wytworna i zdegradowana r\u00f3wnocze\u015bnie, jej z\u0142ota i srebra poddane patynowaniu, sprawiaj\u0105 wra\u017cenie \u0142uszcz\u0105cej si\u0119 polichromii. Dialog \u0142agodnie wyci\u0105gni\u0119tych p\u0119dzlem postaci, z t\u0142ami o fakturze starych fresk\u00f3w, uwodzi tych, kt\u00f3rzy na nie patrz\u0105.<\/p>\n\n\n\n<figure class=\"wp-block-image size-large\"><img decoding=\"async\" width=\"1024\" height=\"846\" data-src=\"https:\/\/gazetaregionalna.com\/wp-content\/uploads\/2024\/04\/IMG_2355-1024x846.jpg\" alt=\"\" class=\"wp-image-123750 lazyload\" data-srcset=\"https:\/\/gazetaregionalna.com\/wp-content\/uploads\/2024\/04\/IMG_2355-1024x846.jpg 1024w, https:\/\/gazetaregionalna.com\/wp-content\/uploads\/2024\/04\/IMG_2355-300x248.jpg 300w, https:\/\/gazetaregionalna.com\/wp-content\/uploads\/2024\/04\/IMG_2355-768x635.jpg 768w, https:\/\/gazetaregionalna.com\/wp-content\/uploads\/2024\/04\/IMG_2355-1536x1269.jpg 1536w, https:\/\/gazetaregionalna.com\/wp-content\/uploads\/2024\/04\/IMG_2355-2048x1693.jpg 2048w, https:\/\/gazetaregionalna.com\/wp-content\/uploads\/2024\/04\/IMG_2355-scaled.jpg 1600w\" data-sizes=\"(max-width: 1024px) 100vw, 1024px\" src=\"data:image\/svg+xml;base64,PHN2ZyB3aWR0aD0iMSIgaGVpZ2h0PSIxIiB4bWxucz0iaHR0cDovL3d3dy53My5vcmcvMjAwMC9zdmciPjwvc3ZnPg==\" style=\"--smush-placeholder-width: 1024px; --smush-placeholder-aspect-ratio: 1024\/846;\" \/><figcaption class=\"wp-element-caption\">Praca Haliny Nowickiej<\/figcaption><\/figure>\n\n\n\n<p><strong>Halina Nowicka<\/strong> studiowa\u0142a w ASP w \u0141odzi na Wydziale Projektowania Ubioru. Dyplom uzyska\u0142a w 1985 r. z projektowania ubioru i z malarstwa u prof. Wies\u0142awa Garboli\u0144skiego. Ma na koncie udzia\u0142 w ponad 150 wystawach zbiorowych i 41 wystaw indywidualnych w kraju i zagranic\u0105. W 1997 r. zdoby\u0142a pierwsz\u0105 nagrod\u0119 na Triennale z Martw\u0105 Natur\u0105, w 2015 r.- wyr\u00f3\u017cnienie honorowe .<\/p>\n\n\n\n<p><strong>Tomasz Klimczyk<\/strong> urodzi\u0142 si\u0119 w 1967 r. w Krakowie. Uko\u0144czy\u0142 Akademi\u0119 Sztuk Pi\u0119knych w Krakowie na wydziale grafiki, gdzie uzyska\u0142 dyplom w pracowni litografii pod kierunkiem prof. Romana \u017bygulskiego w 1994 r.<\/p>\n\n\n\n<p>Malarstwo studiowa\u0142 w pracowni prof. Zbys\u0142awa Maciejewskiego. W 1994 r. otrzyma\u0142 wyr\u00f3\u017cnienie w og\u00f3lnopolskim konkursie \u201ePejza\u017c w malarstwie wsp\u00f3\u0142czesnym\u201d. W 2003 i 2009 r. nagrodzony w og\u00f3lnopolskim konkursie \u201eTriennale z martw\u0105 natur\u0105\u201d. Bra\u0142 udzia\u0142 w ponad 100 wystawach zbiorowych w Polsce, USA, Chorwacji, Czechach, Francji, Holandii, Niemczech, Anglii, Japonii. Autor 43 wystaw indywidualnych.<\/p>\n\n\n\n<figure class=\"wp-block-image size-large\"><img decoding=\"async\" width=\"1017\" height=\"1024\" data-src=\"https:\/\/gazetaregionalna.com\/wp-content\/uploads\/2024\/04\/image0-1017x1024.jpeg\" alt=\"\" class=\"wp-image-123751 lazyload\" data-srcset=\"https:\/\/gazetaregionalna.com\/wp-content\/uploads\/2024\/04\/image0-1017x1024.jpeg 1017w, https:\/\/gazetaregionalna.com\/wp-content\/uploads\/2024\/04\/image0-298x300.jpeg 298w, https:\/\/gazetaregionalna.com\/wp-content\/uploads\/2024\/04\/image0-150x150.jpeg 150w, https:\/\/gazetaregionalna.com\/wp-content\/uploads\/2024\/04\/image0-768x773.jpeg 768w, https:\/\/gazetaregionalna.com\/wp-content\/uploads\/2024\/04\/image0-1526x1536.jpeg 1526w, https:\/\/gazetaregionalna.com\/wp-content\/uploads\/2024\/04\/image0-2034x2048.jpeg 2034w, https:\/\/gazetaregionalna.com\/wp-content\/uploads\/2024\/04\/image0-215x215.jpeg 215w, https:\/\/gazetaregionalna.com\/wp-content\/uploads\/2024\/04\/image0-scaled.jpeg 1589w\" data-sizes=\"(max-width: 1017px) 100vw, 1017px\" src=\"data:image\/svg+xml;base64,PHN2ZyB3aWR0aD0iMSIgaGVpZ2h0PSIxIiB4bWxucz0iaHR0cDovL3d3dy53My5vcmcvMjAwMC9zdmciPjwvc3ZnPg==\" style=\"--smush-placeholder-width: 1017px; --smush-placeholder-aspect-ratio: 1017\/1024;\" \/><figcaption class=\"wp-element-caption\">Praca Tomasza Klimczyka<\/figcaption><\/figure>\n\n\n\n<p>Uczestnik wielu plener\u00f3w malarskich i sympozj\u00f3w w kraju i za granic\u0105 mi\u0119dzy innymi Francja, Grecja, Niemcy, S\u0142owenia, Indie, Nepal, Tybet. Prace znajduj\u0105 si\u0119 w kolekcjach prywatnych w kraju i za granic\u0105 mi\u0119dzy innymi w kolekcji malarstwa miasta Arras we Francji, Tilburg w Holandii, Georga von Opel w Eschborn w Niemczech i Miyauchy Foundation w Tokio w Japonii. W 2019 r. otrzyma\u0142 grant Fundacji Pollock-Krasner z Nowego Jorku.<\/p>\n\n\n\n<p><strong>red.<\/strong><\/p>\n","protected":false},"excerpt":{"rendered":"<p>W pi\u0105tek, 12 kwietnia o godz. 19 Regionalne Towarzystwo Zach\u0119ty Sztuk Pi\u0119knych w Cz\u0119stochowie zaprasza na wernisa\u017c wystawy &#8222;Do trzech razy sztuka&#8221;. Monika Krzakiewicz,<\/p>\n","protected":false},"author":11,"featured_media":123749,"comment_status":"closed","ping_status":"open","sticky":false,"template":"","format":"standard","meta":{"_monsterinsights_skip_tracking":false,"_monsterinsights_sitenote_active":false,"_monsterinsights_sitenote_note":"","_monsterinsights_sitenote_category":0,"_uf_show_specific_survey":0,"_uf_disable_surveys":false,"footnotes":""},"categories":[12,3,2],"tags":[144,2359,1467,187],"class_list":["post-123745","post","type-post","status-publish","format-standard","has-post-thumbnail","hentry","category-kultura-i-rozrywka","category-czestochowa-informacje","category-wiadomosci","tag-czestochowa","tag-konduktorownia","tag-wernisaz","tag-wystawa"],"_links":{"self":[{"href":"https:\/\/gazetaregionalna.com\/index.php?rest_route=\/wp\/v2\/posts\/123745","targetHints":{"allow":["GET"]}}],"collection":[{"href":"https:\/\/gazetaregionalna.com\/index.php?rest_route=\/wp\/v2\/posts"}],"about":[{"href":"https:\/\/gazetaregionalna.com\/index.php?rest_route=\/wp\/v2\/types\/post"}],"author":[{"embeddable":true,"href":"https:\/\/gazetaregionalna.com\/index.php?rest_route=\/wp\/v2\/users\/11"}],"replies":[{"embeddable":true,"href":"https:\/\/gazetaregionalna.com\/index.php?rest_route=%2Fwp%2Fv2%2Fcomments&post=123745"}],"version-history":[{"count":2,"href":"https:\/\/gazetaregionalna.com\/index.php?rest_route=\/wp\/v2\/posts\/123745\/revisions"}],"predecessor-version":[{"id":123752,"href":"https:\/\/gazetaregionalna.com\/index.php?rest_route=\/wp\/v2\/posts\/123745\/revisions\/123752"}],"wp:featuredmedia":[{"embeddable":true,"href":"https:\/\/gazetaregionalna.com\/index.php?rest_route=\/wp\/v2\/media\/123749"}],"wp:attachment":[{"href":"https:\/\/gazetaregionalna.com\/index.php?rest_route=%2Fwp%2Fv2%2Fmedia&parent=123745"}],"wp:term":[{"taxonomy":"category","embeddable":true,"href":"https:\/\/gazetaregionalna.com\/index.php?rest_route=%2Fwp%2Fv2%2Fcategories&post=123745"},{"taxonomy":"post_tag","embeddable":true,"href":"https:\/\/gazetaregionalna.com\/index.php?rest_route=%2Fwp%2Fv2%2Ftags&post=123745"}],"curies":[{"name":"wp","href":"https:\/\/api.w.org\/{rel}","templated":true}]}}