{"id":123553,"date":"2024-04-03T19:09:58","date_gmt":"2024-04-03T19:09:58","guid":{"rendered":"https:\/\/gazetaregionalna.com\/?p=123553"},"modified":"2024-04-03T19:10:00","modified_gmt":"2024-04-03T19:10:00","slug":"koncert-skolik-quartet","status":"publish","type":"post","link":"https:\/\/gazetaregionalna.com\/?p=123553","title":{"rendered":"Miejska Galeria Sztuki zaprasza na koncert Skolik Quartet. To b\u0119dzie promocja p\u0142yty &#8222;Jazz Night vol. 1&#8221;"},"content":{"rendered":"\n<h2 class=\"wp-block-heading\">Skolik Quartet wyst\u0105pi 10 kwietnia w sali kina OKF &#8222;Iluzja&#8221;. Koncert promuj\u0105cy p\u0142yt\u0119 &#8222;Jazz Night vol.1&#8221;. Bilety kosztuj\u0105 60 z\u0142. Na koncert zaprasza Miejska Galeria Sztuki.<\/h2>\n\n\n\n<p>P\u0142yta &#8222;Jazz Night vol. 1&#8221; w wykonaniu Skolik Quartet powsta\u0142a z zapisu koncertu w Loopa Bistro &amp; Bar w Gliwicach 18 czerwca 2021 roku. Koncert w w Cz\u0119stochowie promuje to wydawnictwo, ale przede wszystkim jest samodzielnym wydarzeniem. W sk\u0142ad Skolik Quartet wchodz\u0105 uznani muzycy jazzowi: Tomasz Bia\u0142owolski \u2013 piano, Pawe\u0142 Palcowski &#8211; trumpet, flugelhorn, Maciej Kitajewski &#8211; double bass<br>oraz lider formacji: Arek Skolik \u2013 drums.<\/p>\n\n\n\n<p>Cz\u0119stochowski koncert odb\u0119dzie si\u0119 10 kwietnia o godz. 19. Bilety kosztuj\u0105 60 z\u0142. Mo\u017cna o nie pyta\u0107 w kasie OKF-u. Szczeg\u00f3\u0142y <a href=\"https:\/\/www.facebook.com\/events\/266439139849835\/?acontext=%7B%22event_action_history%22%3A[]%7D\" target=\"_blank\" rel=\"noopener\">TUTAJ.<\/a><\/p>\n\n\n\n<figure class=\"wp-block-image size-large\"><img decoding=\"async\" width=\"744\" height=\"1024\" data-src=\"https:\/\/gazetaregionalna.com\/wp-content\/uploads\/2024\/04\/432540655_7046205188810892_1040511000203409672_n-744x1024.jpg\" alt=\"\" class=\"wp-image-123557 lazyload\" data-srcset=\"https:\/\/gazetaregionalna.com\/wp-content\/uploads\/2024\/04\/432540655_7046205188810892_1040511000203409672_n-744x1024.jpg 744w, https:\/\/gazetaregionalna.com\/wp-content\/uploads\/2024\/04\/432540655_7046205188810892_1040511000203409672_n-218x300.jpg 218w, https:\/\/gazetaregionalna.com\/wp-content\/uploads\/2024\/04\/432540655_7046205188810892_1040511000203409672_n-768x1058.jpg 768w, https:\/\/gazetaregionalna.com\/wp-content\/uploads\/2024\/04\/432540655_7046205188810892_1040511000203409672_n-1115x1536.jpg 1115w, https:\/\/gazetaregionalna.com\/wp-content\/uploads\/2024\/04\/432540655_7046205188810892_1040511000203409672_n-scaled.jpg 1162w\" data-sizes=\"(max-width: 744px) 100vw, 744px\" src=\"data:image\/svg+xml;base64,PHN2ZyB3aWR0aD0iMSIgaGVpZ2h0PSIxIiB4bWxucz0iaHR0cDovL3d3dy53My5vcmcvMjAwMC9zdmciPjwvc3ZnPg==\" style=\"--smush-placeholder-width: 744px; --smush-placeholder-aspect-ratio: 744\/1024;\" \/><figcaption class=\"wp-element-caption\">mat. organizator\u00f3w<\/figcaption><\/figure>\n\n\n\n<h3 class=\"wp-block-heading\">Kto tworzy Skolik Quartet?<br><\/h3>\n\n\n\n<p><strong>Arek Skolik <\/strong>\u2013 urodzony w 1970 roku w Cz\u0119stochowie perkusista, kompozytor jazzowy i aran\u017cer &#8211; to nieprzeci\u0119tnie muzykalny perkusista o doskona\u0142ym warsztacie i poczuciu swingu. Laureat wielu nagr\u00f3d i wyr\u00f3\u017cnie\u0144. Zajmuje czo\u0142owe miejsca w ankiecie pisma Jazz Forum jako perkusista jazzowy. Wsp\u00f3\u0142pracuje z wieloma polskimi muzykami jazzowymi i bluesowymi.<\/p>\n\n\n\n<p><strong>Tomasz Bia\u0142owolski <\/strong>\u2013 pianista jazzowy, akompaniator i nauczyciel. Absolwent Policealnego Studium Jazzu im. Henryka Majewskiego w Warszawie oraz Akademii Muzycznej w Krakowie.<\/p>\n\n\n\n<p><strong>Pawe\u0142 Palcowski<\/strong> &#8211; tr\u0119bacz, kompozytor oraz by\u0142y wyk\u0142adowca i absolwent Wydzia\u0142u Jazzu Akademii Muzycznej im. Szymanowskiego w Katowicach, tw\u00f3rca dw\u00f3ch solowych album\u00f3w, &#8222;Old Fashioned Mood&#8221;oraz &#8222;Influences&#8221;.<\/p>\n\n\n\n<p><strong>Maciej Kitajewski <\/strong>&#8211; kontrabasista i gitarzysta basowy, absolwent Akademii Muzycznej im. Karola Szymanowskiego w Katowicach, laureat programu \u201eJazzowy Debiut Fonograficzny\u201d w roku 2021, organizowanego przez Narodowy Instytut Muzyki i Ta\u0144ca. Owocem wyr\u00f3\u017cnienia jest album Maciej Kitajewski Trio \u201eLonging Miniatures\u201d.<\/p>\n\n\n\n<p><strong>red.<\/strong><\/p>\n","protected":false},"excerpt":{"rendered":"<p>Skolik Quartet wyst\u0105pi 10 kwietnia w sali kina OKF &#8222;Iluzja&#8221;. Koncert promuj\u0105cy p\u0142yt\u0119 &#8222;Jazz Night vol.1&#8221;. Bilety kosztuj\u0105 60 z\u0142. Na koncert zaprasza Miejska<\/p>\n","protected":false},"author":11,"featured_media":123556,"comment_status":"closed","ping_status":"open","sticky":false,"template":"","format":"standard","meta":{"_monsterinsights_skip_tracking":false,"_monsterinsights_sitenote_active":false,"_monsterinsights_sitenote_note":"","_monsterinsights_sitenote_category":0,"_uf_show_specific_survey":0,"_uf_disable_surveys":false,"footnotes":""},"categories":[12,3,2],"tags":[716,643,1160,8922,8921],"class_list":["post-123553","post","type-post","status-publish","format-standard","has-post-thumbnail","hentry","category-kultura-i-rozrywka","category-czestochowa-informacje","category-wiadomosci","tag-koncert","tag-miejska-galeria-sztuki","tag-okf","tag-promocja-plyty","tag-skolik-quartet"],"_links":{"self":[{"href":"https:\/\/gazetaregionalna.com\/index.php?rest_route=\/wp\/v2\/posts\/123553","targetHints":{"allow":["GET"]}}],"collection":[{"href":"https:\/\/gazetaregionalna.com\/index.php?rest_route=\/wp\/v2\/posts"}],"about":[{"href":"https:\/\/gazetaregionalna.com\/index.php?rest_route=\/wp\/v2\/types\/post"}],"author":[{"embeddable":true,"href":"https:\/\/gazetaregionalna.com\/index.php?rest_route=\/wp\/v2\/users\/11"}],"replies":[{"embeddable":true,"href":"https:\/\/gazetaregionalna.com\/index.php?rest_route=%2Fwp%2Fv2%2Fcomments&post=123553"}],"version-history":[{"count":3,"href":"https:\/\/gazetaregionalna.com\/index.php?rest_route=\/wp\/v2\/posts\/123553\/revisions"}],"predecessor-version":[{"id":123558,"href":"https:\/\/gazetaregionalna.com\/index.php?rest_route=\/wp\/v2\/posts\/123553\/revisions\/123558"}],"wp:featuredmedia":[{"embeddable":true,"href":"https:\/\/gazetaregionalna.com\/index.php?rest_route=\/wp\/v2\/media\/123556"}],"wp:attachment":[{"href":"https:\/\/gazetaregionalna.com\/index.php?rest_route=%2Fwp%2Fv2%2Fmedia&parent=123553"}],"wp:term":[{"taxonomy":"category","embeddable":true,"href":"https:\/\/gazetaregionalna.com\/index.php?rest_route=%2Fwp%2Fv2%2Fcategories&post=123553"},{"taxonomy":"post_tag","embeddable":true,"href":"https:\/\/gazetaregionalna.com\/index.php?rest_route=%2Fwp%2Fv2%2Ftags&post=123553"}],"curies":[{"name":"wp","href":"https:\/\/api.w.org\/{rel}","templated":true}]}}