{"id":123544,"date":"2024-04-03T18:31:33","date_gmt":"2024-04-03T18:31:33","guid":{"rendered":"https:\/\/gazetaregionalna.com\/?p=123544"},"modified":"2024-04-03T18:55:23","modified_gmt":"2024-04-03T18:55:23","slug":"czestochowa-start-miejskich-rowerow","status":"publish","type":"post","link":"https:\/\/gazetaregionalna.com\/?p=123544","title":{"rendered":"Cz\u0119stochowa. Start miejskich rower\u00f3w"},"content":{"rendered":"\n<h2 class=\"wp-block-heading\">Sezon rowerowy rozpocz\u0119ty! W tym roku cz\u0119stochowianie przesi\u0105d\u0105 si\u0119 na rowery IV generacji. Ich wypo\u017cyczaniem zajmuje si\u0119 wy\u0142oniona w przetargu firma Nextbike.<\/h2>\n\n\n\n<p>Miejskich jedno\u015blad\u00f3w jest 240. Z czego 140 to ca\u0142kowicie nowe rowery, a 100 zosta\u0142o zmodernizowanych i dzi\u0119ki wyposa\u017ceniu w nadajniki GPS przerobionych na nowsz\u0105 generacj\u0119.<\/p>\n\n\n\n<p>Dot\u0105d w systemie by\u0142y rowery III generacji, kt\u00f3rych funkcjonalno\u015b\u0107 by\u0142a \u015bci\u015ble zwi\u0105zana z 26 stacjami dokuj\u0105cymi. Nowa generacja (IV) pozwala na wi\u0119ksz\u0105 swobod\u0119. Rowery mo\u017cna teraz wypo\u017cyczy\u0107 i odda\u0107 poza stacj\u0105 dokuj\u0105c\u0105. To jednak wi\u0105\u017ce si\u0119 z dodatkow\u0105 op\u0142at\u0105 10 z\u0142. Je\u015bli jednak wypo\u017cyczymy rower spoza stacji i odstawimy go na miejsce, w\u00f3wczas otrzymamy 5 z\u0142 w formie bonusu.<\/p>\n\n\n\n<figure class=\"wp-block-image size-large\"><img decoding=\"async\" width=\"1024\" height=\"682\" data-src=\"https:\/\/gazetaregionalna.com\/wp-content\/uploads\/2024\/04\/73468-1024x682.jpg\" alt=\"\" class=\"wp-image-123546 lazyload\" data-srcset=\"https:\/\/gazetaregionalna.com\/wp-content\/uploads\/2024\/04\/73468-1024x682.jpg 1024w, https:\/\/gazetaregionalna.com\/wp-content\/uploads\/2024\/04\/73468-300x200.jpg 300w, https:\/\/gazetaregionalna.com\/wp-content\/uploads\/2024\/04\/73468-768x511.jpg 768w, https:\/\/gazetaregionalna.com\/wp-content\/uploads\/2024\/04\/73468-1536x1022.jpg 1536w, https:\/\/gazetaregionalna.com\/wp-content\/uploads\/2024\/04\/73468-scaled.jpg 1600w\" data-sizes=\"(max-width: 1024px) 100vw, 1024px\" src=\"data:image\/svg+xml;base64,PHN2ZyB3aWR0aD0iMSIgaGVpZ2h0PSIxIiB4bWxucz0iaHR0cDovL3d3dy53My5vcmcvMjAwMC9zdmciPjwvc3ZnPg==\" style=\"--smush-placeholder-width: 1024px; --smush-placeholder-aspect-ratio: 1024\/682;\" \/><figcaption class=\"wp-element-caption\">mat. UM Cz\u0119stochowy<\/figcaption><\/figure>\n\n\n\n<p>&#8211; Jest to ciekawa funkcjonalno\u015b\u0107 systemu, dlatego mam nadziej\u0119, \u017ce przypadnie do gustu wszystkim u\u017cytkownikom. Licz\u0119, \u017ce nowo\u015bci startuj\u0105cego dzisiaj Cz\u0119stochowskiego Roweru Miejskiego sprawi\u0105, \u017ce ch\u0119tniej skorzystamy z tej ekologicznej formy transportu &#8211; m\u00f3wi\u0142 podczas otwarcia (2 kwietnia) nowego sezonu prezydent Krzysztof Matyjaszczyk.<\/p>\n\n\n\n<p>&#8211; W tym roku liczymy, \u017ce wzro\u015bnie liczba wypo\u017cycze\u0144 i wr\u00f3cimy do magicznych stu tysi\u0119cy rocznie &#8211; komentowa\u0142 \u0141ukasz Kot, naczelnik Centrum Us\u0142ug komunalnych.<\/p>\n\n\n\n<figure class=\"wp-block-image size-large\"><img decoding=\"async\" width=\"1024\" height=\"682\" data-src=\"https:\/\/gazetaregionalna.com\/wp-content\/uploads\/2024\/04\/73467-1024x682.jpg\" alt=\"\" class=\"wp-image-123551 lazyload\" data-srcset=\"https:\/\/gazetaregionalna.com\/wp-content\/uploads\/2024\/04\/73467-1024x682.jpg 1024w, https:\/\/gazetaregionalna.com\/wp-content\/uploads\/2024\/04\/73467-300x200.jpg 300w, https:\/\/gazetaregionalna.com\/wp-content\/uploads\/2024\/04\/73467-768x511.jpg 768w, https:\/\/gazetaregionalna.com\/wp-content\/uploads\/2024\/04\/73467-1536x1022.jpg 1536w, https:\/\/gazetaregionalna.com\/wp-content\/uploads\/2024\/04\/73467-scaled.jpg 1600w\" data-sizes=\"(max-width: 1024px) 100vw, 1024px\" src=\"data:image\/svg+xml;base64,PHN2ZyB3aWR0aD0iMSIgaGVpZ2h0PSIxIiB4bWxucz0iaHR0cDovL3d3dy53My5vcmcvMjAwMC9zdmciPjwvc3ZnPg==\" style=\"--smush-placeholder-width: 1024px; --smush-placeholder-aspect-ratio: 1024\/682;\" \/><figcaption class=\"wp-element-caption\">mat. UM Cz\u0119stochowy<\/figcaption><\/figure>\n\n\n\n<p>&#8211; Statystyki potwierdzaj\u0105, \u017ce u\u017cytkownik\u00f3w w Cz\u0119stochowie systematycznie przybywa. Od strony technicznej zmiana wygl\u0105da tak, \u017ce na tylnym kole pojawi\u0142a si\u0119 elektroniczna blokada, dzi\u0119ki kt\u00f3rej zwi\u0119kszymy bezpiecze\u0144stwo i skuteczno\u015b\u0107 dzia\u0142ania systemu. Teraz nie wstawia si\u0119 roweru w s\u0142upek, co ko\u0144czy\u0142o wypo\u017cyczenie, ale nale\u017cy zamkn\u0105\u0107 blokad\u0119 z ty\u0142u. S\u0142upki stacji s\u0142u\u017c\u0105 jedynie stabilizacji roweru &#8211; opowiada\u0142 Jakub Giza z Nextbike.<\/p>\n\n\n\n<p>B\u0119dzie kr\u00f3tszy czas darmowej jazdy. Bez op\u0142at mo\u017cna b\u0119dzie korzysta\u0107 z roweru przez 20 minut, a nie p\u00f3\u0142 godziny &#8211; jak to by\u0142o wcze\u015bniej. Jazda od 21 do 60 minuty kosztowa\u0107 b\u0119dzie zaledwie 3 z\u0142, od 61 do 2 godzin &#8211; 7 z\u0142,\u00a0 od 2 do 3 godzin &#8211; 10 z\u0142. Wreszcie czwarta lub ka\u017cda kolejna godzina &#8211; 14 z\u0142.<\/p>\n\n\n\n<p><strong>mat. UM Cz\u0119stochowy<\/strong><\/p>\n\n\n\n<figure class=\"wp-block-gallery has-nested-images columns-default is-cropped wp-block-gallery-1 is-layout-flex wp-block-gallery-is-layout-flex\">\n<figure class=\"wp-block-image size-large\"><img decoding=\"async\" width=\"1024\" height=\"682\" data-id=\"123550\" data-src=\"https:\/\/gazetaregionalna.com\/wp-content\/uploads\/2024\/04\/73473-1024x682.jpg\" alt=\"\" class=\"wp-image-123550 lazyload\" data-srcset=\"https:\/\/gazetaregionalna.com\/wp-content\/uploads\/2024\/04\/73473-1024x682.jpg 1024w, https:\/\/gazetaregionalna.com\/wp-content\/uploads\/2024\/04\/73473-300x200.jpg 300w, https:\/\/gazetaregionalna.com\/wp-content\/uploads\/2024\/04\/73473-768x511.jpg 768w, https:\/\/gazetaregionalna.com\/wp-content\/uploads\/2024\/04\/73473-1536x1022.jpg 1536w, https:\/\/gazetaregionalna.com\/wp-content\/uploads\/2024\/04\/73473-scaled.jpg 1600w\" data-sizes=\"(max-width: 1024px) 100vw, 1024px\" src=\"data:image\/svg+xml;base64,PHN2ZyB3aWR0aD0iMSIgaGVpZ2h0PSIxIiB4bWxucz0iaHR0cDovL3d3dy53My5vcmcvMjAwMC9zdmciPjwvc3ZnPg==\" style=\"--smush-placeholder-width: 1024px; --smush-placeholder-aspect-ratio: 1024\/682;\" \/><\/figure>\n\n\n\n<figure data-wp-context=\"{&quot;imageId&quot;:&quot;69f1addeeb07c&quot;}\" data-wp-interactive=\"core\/image\" data-wp-key=\"69f1addeeb07c\" class=\"wp-block-image size-large wp-lightbox-container\"><img decoding=\"async\" width=\"1024\" height=\"682\" data-wp-class--hide=\"state.isContentHidden\" data-wp-class--show=\"state.isContentVisible\" data-wp-init=\"callbacks.setButtonStyles\" data-wp-on--click=\"actions.showLightbox\" data-wp-on--load=\"callbacks.setButtonStyles\" data-wp-on-window--resize=\"callbacks.setButtonStyles\" data-id=\"123549\" data-src=\"https:\/\/gazetaregionalna.com\/wp-content\/uploads\/2024\/04\/73471-1024x682.jpg\" alt=\"\" class=\"wp-image-123549 lazyload\" data-srcset=\"https:\/\/gazetaregionalna.com\/wp-content\/uploads\/2024\/04\/73471-1024x682.jpg 1024w, https:\/\/gazetaregionalna.com\/wp-content\/uploads\/2024\/04\/73471-300x200.jpg 300w, https:\/\/gazetaregionalna.com\/wp-content\/uploads\/2024\/04\/73471-768x511.jpg 768w, https:\/\/gazetaregionalna.com\/wp-content\/uploads\/2024\/04\/73471-1536x1022.jpg 1536w, https:\/\/gazetaregionalna.com\/wp-content\/uploads\/2024\/04\/73471-scaled.jpg 1600w\" data-sizes=\"(max-width: 1024px) 100vw, 1024px\" src=\"data:image\/svg+xml;base64,PHN2ZyB3aWR0aD0iMSIgaGVpZ2h0PSIxIiB4bWxucz0iaHR0cDovL3d3dy53My5vcmcvMjAwMC9zdmciPjwvc3ZnPg==\" style=\"--smush-placeholder-width: 1024px; --smush-placeholder-aspect-ratio: 1024\/682;\" \/><button\n\t\t\tclass=\"lightbox-trigger\"\n\t\t\ttype=\"button\"\n\t\t\taria-haspopup=\"dialog\"\n\t\t\taria-label=\"Powi\u0119ksz\"\n\t\t\tdata-wp-init=\"callbacks.initTriggerButton\"\n\t\t\tdata-wp-on--click=\"actions.showLightbox\"\n\t\t\tdata-wp-style--right=\"state.imageButtonRight\"\n\t\t\tdata-wp-style--top=\"state.imageButtonTop\"\n\t\t>\n\t\t\t<svg xmlns=\"http:\/\/www.w3.org\/2000\/svg\" width=\"12\" height=\"12\" fill=\"none\" viewBox=\"0 0 12 12\">\n\t\t\t\t<path fill=\"#fff\" d=\"M2 0a2 2 0 0 0-2 2v2h1.5V2a.5.5 0 0 1 .5-.5h2V0H2Zm2 10.5H2a.5.5 0 0 1-.5-.5V8H0v2a2 2 0 0 0 2 2h2v-1.5ZM8 12v-1.5h2a.5.5 0 0 0 .5-.5V8H12v2a2 2 0 0 1-2 2H8Zm2-12a2 2 0 0 1 2 2v2h-1.5V2a.5.5 0 0 0-.5-.5H8V0h2Z\" \/>\n\t\t\t<\/svg>\n\t\t<\/button><\/figure>\n\n\n\n<figure class=\"wp-block-image size-large\"><img decoding=\"async\" width=\"1024\" height=\"682\" data-id=\"123548\" data-src=\"https:\/\/gazetaregionalna.com\/wp-content\/uploads\/2024\/04\/73470-1024x682.jpg\" alt=\"\" class=\"wp-image-123548 lazyload\" data-srcset=\"https:\/\/gazetaregionalna.com\/wp-content\/uploads\/2024\/04\/73470-1024x682.jpg 1024w, https:\/\/gazetaregionalna.com\/wp-content\/uploads\/2024\/04\/73470-300x200.jpg 300w, https:\/\/gazetaregionalna.com\/wp-content\/uploads\/2024\/04\/73470-768x511.jpg 768w, https:\/\/gazetaregionalna.com\/wp-content\/uploads\/2024\/04\/73470-1536x1022.jpg 1536w, https:\/\/gazetaregionalna.com\/wp-content\/uploads\/2024\/04\/73470-scaled.jpg 1600w\" data-sizes=\"(max-width: 1024px) 100vw, 1024px\" src=\"data:image\/svg+xml;base64,PHN2ZyB3aWR0aD0iMSIgaGVpZ2h0PSIxIiB4bWxucz0iaHR0cDovL3d3dy53My5vcmcvMjAwMC9zdmciPjwvc3ZnPg==\" style=\"--smush-placeholder-width: 1024px; --smush-placeholder-aspect-ratio: 1024\/682;\" \/><\/figure>\n<\/figure>\n","protected":false},"excerpt":{"rendered":"<p>Sezon rowerowy rozpocz\u0119ty! W tym roku cz\u0119stochowianie przesi\u0105d\u0105 si\u0119 na rowery IV generacji. Ich wypo\u017cyczaniem zajmuje si\u0119 wy\u0142oniona w przetargu firma Nextbike. Miejskich jedno\u015blad\u00f3w<\/p>\n","protected":false},"author":11,"featured_media":123547,"comment_status":"closed","ping_status":"open","sticky":false,"template":"","format":"standard","meta":{"_monsterinsights_skip_tracking":false,"_monsterinsights_sitenote_active":false,"_monsterinsights_sitenote_note":"","_monsterinsights_sitenote_category":0,"_uf_show_specific_survey":0,"_uf_disable_surveys":false,"footnotes":""},"categories":[8526,3,2],"tags":[],"class_list":["post-123544","post","type-post","status-publish","format-standard","has-post-thumbnail","hentry","category-komunikacja","category-czestochowa-informacje","category-wiadomosci"],"_links":{"self":[{"href":"https:\/\/gazetaregionalna.com\/index.php?rest_route=\/wp\/v2\/posts\/123544","targetHints":{"allow":["GET"]}}],"collection":[{"href":"https:\/\/gazetaregionalna.com\/index.php?rest_route=\/wp\/v2\/posts"}],"about":[{"href":"https:\/\/gazetaregionalna.com\/index.php?rest_route=\/wp\/v2\/types\/post"}],"author":[{"embeddable":true,"href":"https:\/\/gazetaregionalna.com\/index.php?rest_route=\/wp\/v2\/users\/11"}],"replies":[{"embeddable":true,"href":"https:\/\/gazetaregionalna.com\/index.php?rest_route=%2Fwp%2Fv2%2Fcomments&post=123544"}],"version-history":[{"count":2,"href":"https:\/\/gazetaregionalna.com\/index.php?rest_route=\/wp\/v2\/posts\/123544\/revisions"}],"predecessor-version":[{"id":123552,"href":"https:\/\/gazetaregionalna.com\/index.php?rest_route=\/wp\/v2\/posts\/123544\/revisions\/123552"}],"wp:featuredmedia":[{"embeddable":true,"href":"https:\/\/gazetaregionalna.com\/index.php?rest_route=\/wp\/v2\/media\/123547"}],"wp:attachment":[{"href":"https:\/\/gazetaregionalna.com\/index.php?rest_route=%2Fwp%2Fv2%2Fmedia&parent=123544"}],"wp:term":[{"taxonomy":"category","embeddable":true,"href":"https:\/\/gazetaregionalna.com\/index.php?rest_route=%2Fwp%2Fv2%2Fcategories&post=123544"},{"taxonomy":"post_tag","embeddable":true,"href":"https:\/\/gazetaregionalna.com\/index.php?rest_route=%2Fwp%2Fv2%2Ftags&post=123544"}],"curies":[{"name":"wp","href":"https:\/\/api.w.org\/{rel}","templated":true}]}}