{"id":123061,"date":"2024-03-24T21:31:10","date_gmt":"2024-03-24T21:31:10","guid":{"rendered":"https:\/\/gazetaregionalna.com\/?p=123061"},"modified":"2024-03-24T21:32:20","modified_gmt":"2024-03-24T21:32:20","slug":"zgm-rozstrzygnal-konkursy","status":"publish","type":"post","link":"https:\/\/gazetaregionalna.com\/?p=123061","title":{"rendered":"Cz\u0119stochowski ZGM rozstrzygn\u0105\u0142 konkursy &#8222;Rzetelny lokator\u201d i \u201eWsp\u00f3lny dom &#8211; Wsp\u00f3lna sprawa\u201d"},"content":{"rendered":"\n<p><strong>20 marca w Hali Polonia odby\u0142 si\u0119 fina\u0142 konkurs\u00f3w: \u201eRzetelny lokator\u201d i \u201eWsp\u00f3lny dom &#8211; Wsp\u00f3lna sprawa\u201d organizowanych przez Zak\u0142ad Gospodarki Mieszkaniowej TBS w Cz\u0119stochowie.<\/strong><\/p>\n\n\n\n<p>Do obu konkurs\u00f3w zorganizowanych przez Zak\u0142ad Gospodarki Mieszkaniowej TBS zg\u0142oszono ponad 90 prac, w tym teksty wierszowane. W tym roku zadaniem by\u0142o doko\u0144czenie zdania \u201eDbam o zdrowie, bo&#8230;\u201d. Uczestnicy musieli zmie\u015bci\u0107 swoje pomys\u0142y w zaledwie stu s\u0142owach i zapewni\u0107, \u017ce do tekst\u00f3w, kt\u00f3re sk\u0142adaj\u0105 do konkursu, posiadaj\u0105 pe\u0142ne prawa autorskie.<\/p>\n\n\n\n<figure class=\"wp-block-image size-large\"><img decoding=\"async\" width=\"1024\" height=\"674\" data-src=\"https:\/\/gazetaregionalna.com\/wp-content\/uploads\/2024\/03\/73137-1024x674.jpg\" alt=\"\" class=\"wp-image-123063 lazyload\" data-srcset=\"https:\/\/gazetaregionalna.com\/wp-content\/uploads\/2024\/03\/73137-1024x674.jpg 1024w, https:\/\/gazetaregionalna.com\/wp-content\/uploads\/2024\/03\/73137-300x198.jpg 300w, https:\/\/gazetaregionalna.com\/wp-content\/uploads\/2024\/03\/73137-768x506.jpg 768w, https:\/\/gazetaregionalna.com\/wp-content\/uploads\/2024\/03\/73137-1536x1011.jpg 1536w, https:\/\/gazetaregionalna.com\/wp-content\/uploads\/2024\/03\/73137-2048x1348.jpg 2048w, https:\/\/gazetaregionalna.com\/wp-content\/uploads\/2024\/03\/73137-scaled.jpg 1600w\" data-sizes=\"(max-width: 1024px) 100vw, 1024px\" src=\"data:image\/svg+xml;base64,PHN2ZyB3aWR0aD0iMSIgaGVpZ2h0PSIxIiB4bWxucz0iaHR0cDovL3d3dy53My5vcmcvMjAwMC9zdmciPjwvc3ZnPg==\" style=\"--smush-placeholder-width: 1024px; --smush-placeholder-aspect-ratio: 1024\/674;\" \/><figcaption class=\"wp-element-caption\">Fot. Grzegorz Skowronek\/UM Cz\u0119stochowy<\/figcaption><\/figure>\n\n\n\n<p>W konkursie \u201eRzetelny lokator\u201d\u00a0przyznano dwa wyr\u00f3\u017cnienia. Przypad\u0142y one w udziale paniom &#8211; Jolancie Nowi\u0144skiej oraz Ewie Stanis\u0142awskiej. Miejsce trzecie w konkursie \u201eRzetelny lokator 2023\u201d zaj\u0119\u0142a J\u00f3zefa Karo\u0144. Miejsca lokata przypad\u0142a Andrzejowi Piechocie, a triumfowa\u0142a Edyta Zieli\u0144ska.<\/p>\n\n\n\n<figure class=\"wp-block-image size-large\"><img decoding=\"async\" width=\"1024\" height=\"663\" data-src=\"https:\/\/gazetaregionalna.com\/wp-content\/uploads\/2024\/03\/73138-1024x663.jpg\" alt=\"\" class=\"wp-image-123064 lazyload\" data-srcset=\"https:\/\/gazetaregionalna.com\/wp-content\/uploads\/2024\/03\/73138-1024x663.jpg 1024w, https:\/\/gazetaregionalna.com\/wp-content\/uploads\/2024\/03\/73138-300x194.jpg 300w, https:\/\/gazetaregionalna.com\/wp-content\/uploads\/2024\/03\/73138-768x497.jpg 768w, https:\/\/gazetaregionalna.com\/wp-content\/uploads\/2024\/03\/73138-1536x995.jpg 1536w, https:\/\/gazetaregionalna.com\/wp-content\/uploads\/2024\/03\/73138-2048x1326.jpg 2048w, https:\/\/gazetaregionalna.com\/wp-content\/uploads\/2024\/03\/73138-115x73.jpg 115w, https:\/\/gazetaregionalna.com\/wp-content\/uploads\/2024\/03\/73138-scaled.jpg 1600w\" data-sizes=\"(max-width: 1024px) 100vw, 1024px\" src=\"data:image\/svg+xml;base64,PHN2ZyB3aWR0aD0iMSIgaGVpZ2h0PSIxIiB4bWxucz0iaHR0cDovL3d3dy53My5vcmcvMjAwMC9zdmciPjwvc3ZnPg==\" style=\"--smush-placeholder-width: 1024px; --smush-placeholder-aspect-ratio: 1024\/663;\" \/><figcaption class=\"wp-element-caption\">Fot. Grzegorz Skowronek\/UM Cz\u0119stochowy<\/figcaption><\/figure>\n\n\n\n<p>W konkursie \u201eWsp\u00f3lny Dom \u2013 Wsp\u00f3lna Sprawa\u201d r\u00f3wnie\u017c wr\u0119czono dwa wyr\u00f3\u017cnienia.  Tym razem trafi\u0142o ono do Ma\u0142gorzaty \u015awiderskiej i El\u017cbiety Pi\u0105tkiewicz. Trzecie miejsce w konkursie \u201eWsp\u00f3lny dom \u2013 Wsp\u00f3lna sprawa\u201d zaj\u0119\u0142a Mariola Piekarska,  drugie &#8211; Anita Nowakowska. Zwyci\u0119\u017cczyni\u0105 by\u0142a za\u015b Ma\u0142gorzata Klaklik. Z kolei wyr\u00f3\u017cnienia specjalne przyzna\u0142 prezydent Cz\u0119stochowy i trafi\u0142y one do Krystyny Ludyni-Milicz, Gra\u017cyny Gurazdy oraz Jaros\u0142awa Malczyka.<\/p>\n\n\n\n<p>Nagrody wyr\u00f3\u017cnionym i zwyci\u0119zcom wr\u0119czali: prezydent Krzysztof Matyjaszczyk, jego zast\u0119pcy Jaros\u0142aw Marsza\u0142ek i Piotr Grzybowski, by\u0142y pose\u0142 Zdzis\u0142aw Wolski oraz prezes zarz\u0105du ZGM TBS Pawe\u0142 Konieczny.<\/p>\n\n\n\n<figure class=\"wp-block-image size-large\"><img decoding=\"async\" width=\"1024\" height=\"692\" data-src=\"https:\/\/gazetaregionalna.com\/wp-content\/uploads\/2024\/03\/73140-1024x692.jpg\" alt=\"\" class=\"wp-image-123066 lazyload\" data-srcset=\"https:\/\/gazetaregionalna.com\/wp-content\/uploads\/2024\/03\/73140-1024x692.jpg 1024w, https:\/\/gazetaregionalna.com\/wp-content\/uploads\/2024\/03\/73140-300x203.jpg 300w, https:\/\/gazetaregionalna.com\/wp-content\/uploads\/2024\/03\/73140-768x519.jpg 768w, https:\/\/gazetaregionalna.com\/wp-content\/uploads\/2024\/03\/73140-1536x1037.jpg 1536w, https:\/\/gazetaregionalna.com\/wp-content\/uploads\/2024\/03\/73140-2048x1383.jpg 2048w, https:\/\/gazetaregionalna.com\/wp-content\/uploads\/2024\/03\/73140-scaled.jpg 1600w\" data-sizes=\"(max-width: 1024px) 100vw, 1024px\" src=\"data:image\/svg+xml;base64,PHN2ZyB3aWR0aD0iMSIgaGVpZ2h0PSIxIiB4bWxucz0iaHR0cDovL3d3dy53My5vcmcvMjAwMC9zdmciPjwvc3ZnPg==\" style=\"--smush-placeholder-width: 1024px; --smush-placeholder-aspect-ratio: 1024\/692;\" \/><figcaption class=\"wp-element-caption\">Fot. Grzegorz Skowronek\/UM Cz\u0119stochowy<\/figcaption><\/figure>\n\n\n\n<p>&#8211; Wielu uczestnik\u00f3w konkursu podesz\u0142o do zagadnienia powa\u017cnie i przekazane prace stanowi\u0105 skarbnic\u0119 wiedzy, jak dba\u0107 o\u00a0zdrowie. Wskazywano na potrzeb\u0119 szczepienia si\u0119 i zwi\u0119kszania aktywno\u015bci fizycznej &#8211; komentowa\u0142 prezydent Krzysztof Matyjaszczyk.<\/p>\n\n\n\n<p>Podczas fina\u0142owej gali wyst\u0105pi\u0142y zespo\u0142y Camasutra i After Party. Po\u015br\u00f3d widowni, poza lokatorkami i lokatorami ZGM, znale\u017ali si\u0119 przedstawiciele Cz\u0119stochowskich Amazonek, Fundacji Adullam, Legionu Honorowych Dawc\u00f3w Krwi, Jurajskiej Kooperatywy Spo\u017cywczej, Politechniki Cz\u0119stochowskiej i W\u0142\u00f3kniarza Cz\u0119stochowa.<\/p>\n\n\n\n<figure class=\"wp-block-image size-full\"><img decoding=\"async\" width=\"1600\" height=\"1117\" data-src=\"https:\/\/gazetaregionalna.com\/wp-content\/uploads\/2024\/03\/73141-scaled.jpg\" alt=\"\" class=\"wp-image-123067 lazyload\" data-srcset=\"https:\/\/gazetaregionalna.com\/wp-content\/uploads\/2024\/03\/73141-scaled.jpg 1600w, https:\/\/gazetaregionalna.com\/wp-content\/uploads\/2024\/03\/73141-300x209.jpg 300w, https:\/\/gazetaregionalna.com\/wp-content\/uploads\/2024\/03\/73141-1024x715.jpg 1024w, https:\/\/gazetaregionalna.com\/wp-content\/uploads\/2024\/03\/73141-768x536.jpg 768w, https:\/\/gazetaregionalna.com\/wp-content\/uploads\/2024\/03\/73141-1536x1072.jpg 1536w, https:\/\/gazetaregionalna.com\/wp-content\/uploads\/2024\/03\/73141-2048x1429.jpg 2048w\" data-sizes=\"(max-width: 1600px) 100vw, 1600px\" src=\"data:image\/svg+xml;base64,PHN2ZyB3aWR0aD0iMSIgaGVpZ2h0PSIxIiB4bWxucz0iaHR0cDovL3d3dy53My5vcmcvMjAwMC9zdmciPjwvc3ZnPg==\" style=\"--smush-placeholder-width: 1600px; --smush-placeholder-aspect-ratio: 1600\/1117;\" \/><figcaption class=\"wp-element-caption\">Fot. Grzegorz Skowronek\/UM Cz\u0119stochowy<\/figcaption><\/figure>\n\n\n\n<p>Warto doda\u0107, \u017ce konkurs \u201eRzetelny Lokator\u201d przeznaczony jest dla najemc\u00f3w lokali mieszkalnych wchodz\u0105cych w sk\u0142ad zasobu Gminy Cz\u0119stochowa oraz zasobu Sp\u00f3\u0142ki, kt\u00f3rzy regularnie uiszczaj\u0105 nale\u017cno\u015bci z tytu\u0142u op\u0142at czynszowych. Natomiast \u201eWsp\u00f3lny dom \u2013 Wsp\u00f3lna sprawa\u201d skierowany jest do wsp\u00f3lnot mieszkaniowych<\/p>\n\n\n\n<p><strong>mat. UM Cz\u0119stochowy<\/strong><\/p>\n\n\n\n<figure class=\"wp-block-gallery has-nested-images columns-default is-cropped wp-block-gallery-1 is-layout-flex wp-block-gallery-is-layout-flex\">\n<figure class=\"wp-block-image size-large\"><img decoding=\"async\" width=\"1024\" height=\"665\" data-id=\"123071\" data-src=\"https:\/\/gazetaregionalna.com\/wp-content\/uploads\/2024\/03\/73145-1024x665.jpg\" alt=\"\" class=\"wp-image-123071 lazyload\" data-srcset=\"https:\/\/gazetaregionalna.com\/wp-content\/uploads\/2024\/03\/73145-1024x665.jpg 1024w, https:\/\/gazetaregionalna.com\/wp-content\/uploads\/2024\/03\/73145-300x195.jpg 300w, https:\/\/gazetaregionalna.com\/wp-content\/uploads\/2024\/03\/73145-768x499.jpg 768w, https:\/\/gazetaregionalna.com\/wp-content\/uploads\/2024\/03\/73145-1536x998.jpg 1536w, https:\/\/gazetaregionalna.com\/wp-content\/uploads\/2024\/03\/73145-2048x1331.jpg 2048w, https:\/\/gazetaregionalna.com\/wp-content\/uploads\/2024\/03\/73145-scaled.jpg 1600w\" data-sizes=\"(max-width: 1024px) 100vw, 1024px\" src=\"data:image\/svg+xml;base64,PHN2ZyB3aWR0aD0iMSIgaGVpZ2h0PSIxIiB4bWxucz0iaHR0cDovL3d3dy53My5vcmcvMjAwMC9zdmciPjwvc3ZnPg==\" style=\"--smush-placeholder-width: 1024px; --smush-placeholder-aspect-ratio: 1024\/665;\" \/><\/figure>\n\n\n\n<figure class=\"wp-block-image size-large\"><img decoding=\"async\" width=\"1024\" height=\"676\" data-id=\"123070\" data-src=\"https:\/\/gazetaregionalna.com\/wp-content\/uploads\/2024\/03\/73144-1024x676.jpg\" alt=\"\" class=\"wp-image-123070 lazyload\" data-srcset=\"https:\/\/gazetaregionalna.com\/wp-content\/uploads\/2024\/03\/73144-1024x676.jpg 1024w, https:\/\/gazetaregionalna.com\/wp-content\/uploads\/2024\/03\/73144-300x198.jpg 300w, https:\/\/gazetaregionalna.com\/wp-content\/uploads\/2024\/03\/73144-768x507.jpg 768w, https:\/\/gazetaregionalna.com\/wp-content\/uploads\/2024\/03\/73144-1536x1014.jpg 1536w, https:\/\/gazetaregionalna.com\/wp-content\/uploads\/2024\/03\/73144-2048x1352.jpg 2048w, https:\/\/gazetaregionalna.com\/wp-content\/uploads\/2024\/03\/73144-scaled.jpg 1600w\" data-sizes=\"(max-width: 1024px) 100vw, 1024px\" src=\"data:image\/svg+xml;base64,PHN2ZyB3aWR0aD0iMSIgaGVpZ2h0PSIxIiB4bWxucz0iaHR0cDovL3d3dy53My5vcmcvMjAwMC9zdmciPjwvc3ZnPg==\" style=\"--smush-placeholder-width: 1024px; --smush-placeholder-aspect-ratio: 1024\/676;\" \/><\/figure>\n\n\n\n<figure class=\"wp-block-image size-large\"><img decoding=\"async\" width=\"1024\" height=\"683\" data-id=\"123069\" data-src=\"https:\/\/gazetaregionalna.com\/wp-content\/uploads\/2024\/03\/73143-1024x683.jpg\" alt=\"\" class=\"wp-image-123069 lazyload\" data-srcset=\"https:\/\/gazetaregionalna.com\/wp-content\/uploads\/2024\/03\/73143-1024x683.jpg 1024w, https:\/\/gazetaregionalna.com\/wp-content\/uploads\/2024\/03\/73143-300x200.jpg 300w, https:\/\/gazetaregionalna.com\/wp-content\/uploads\/2024\/03\/73143-768x512.jpg 768w, https:\/\/gazetaregionalna.com\/wp-content\/uploads\/2024\/03\/73143-1536x1024.jpg 1536w, https:\/\/gazetaregionalna.com\/wp-content\/uploads\/2024\/03\/73143-2048x1365.jpg 2048w, https:\/\/gazetaregionalna.com\/wp-content\/uploads\/2024\/03\/73143-scaled.jpg 1600w\" data-sizes=\"(max-width: 1024px) 100vw, 1024px\" src=\"data:image\/svg+xml;base64,PHN2ZyB3aWR0aD0iMSIgaGVpZ2h0PSIxIiB4bWxucz0iaHR0cDovL3d3dy53My5vcmcvMjAwMC9zdmciPjwvc3ZnPg==\" style=\"--smush-placeholder-width: 1024px; --smush-placeholder-aspect-ratio: 1024\/683;\" \/><\/figure>\n\n\n\n<figure class=\"wp-block-image size-large\"><img decoding=\"async\" width=\"1024\" height=\"683\" data-id=\"123068\" data-src=\"https:\/\/gazetaregionalna.com\/wp-content\/uploads\/2024\/03\/73142-1024x683.jpg\" alt=\"\" class=\"wp-image-123068 lazyload\" data-srcset=\"https:\/\/gazetaregionalna.com\/wp-content\/uploads\/2024\/03\/73142-1024x683.jpg 1024w, https:\/\/gazetaregionalna.com\/wp-content\/uploads\/2024\/03\/73142-300x200.jpg 300w, https:\/\/gazetaregionalna.com\/wp-content\/uploads\/2024\/03\/73142-768x512.jpg 768w, https:\/\/gazetaregionalna.com\/wp-content\/uploads\/2024\/03\/73142-1536x1024.jpg 1536w, https:\/\/gazetaregionalna.com\/wp-content\/uploads\/2024\/03\/73142-2048x1365.jpg 2048w, https:\/\/gazetaregionalna.com\/wp-content\/uploads\/2024\/03\/73142-scaled.jpg 1600w\" data-sizes=\"(max-width: 1024px) 100vw, 1024px\" src=\"data:image\/svg+xml;base64,PHN2ZyB3aWR0aD0iMSIgaGVpZ2h0PSIxIiB4bWxucz0iaHR0cDovL3d3dy53My5vcmcvMjAwMC9zdmciPjwvc3ZnPg==\" style=\"--smush-placeholder-width: 1024px; --smush-placeholder-aspect-ratio: 1024\/683;\" \/><\/figure>\n<\/figure>\n","protected":false},"excerpt":{"rendered":"<p>20 marca w Hali Polonia odby\u0142 si\u0119 fina\u0142 konkurs\u00f3w: \u201eRzetelny lokator\u201d i \u201eWsp\u00f3lny dom &#8211; Wsp\u00f3lna sprawa\u201d organizowanych przez Zak\u0142ad Gospodarki Mieszkaniowej TBS w<\/p>\n","protected":false},"author":4,"featured_media":123062,"comment_status":"closed","ping_status":"open","sticky":false,"template":"","format":"standard","meta":{"_monsterinsights_skip_tracking":false,"_monsterinsights_sitenote_active":false,"_monsterinsights_sitenote_note":"","_monsterinsights_sitenote_category":0,"_uf_show_specific_survey":0,"_uf_disable_surveys":false,"footnotes":""},"categories":[3,2],"tags":[144,89,2485],"class_list":["post-123061","post","type-post","status-publish","format-standard","has-post-thumbnail","hentry","category-czestochowa-informacje","category-wiadomosci","tag-czestochowa","tag-konkurs","tag-zgm"],"_links":{"self":[{"href":"https:\/\/gazetaregionalna.com\/index.php?rest_route=\/wp\/v2\/posts\/123061","targetHints":{"allow":["GET"]}}],"collection":[{"href":"https:\/\/gazetaregionalna.com\/index.php?rest_route=\/wp\/v2\/posts"}],"about":[{"href":"https:\/\/gazetaregionalna.com\/index.php?rest_route=\/wp\/v2\/types\/post"}],"author":[{"embeddable":true,"href":"https:\/\/gazetaregionalna.com\/index.php?rest_route=\/wp\/v2\/users\/4"}],"replies":[{"embeddable":true,"href":"https:\/\/gazetaregionalna.com\/index.php?rest_route=%2Fwp%2Fv2%2Fcomments&post=123061"}],"version-history":[{"count":1,"href":"https:\/\/gazetaregionalna.com\/index.php?rest_route=\/wp\/v2\/posts\/123061\/revisions"}],"predecessor-version":[{"id":123073,"href":"https:\/\/gazetaregionalna.com\/index.php?rest_route=\/wp\/v2\/posts\/123061\/revisions\/123073"}],"wp:featuredmedia":[{"embeddable":true,"href":"https:\/\/gazetaregionalna.com\/index.php?rest_route=\/wp\/v2\/media\/123062"}],"wp:attachment":[{"href":"https:\/\/gazetaregionalna.com\/index.php?rest_route=%2Fwp%2Fv2%2Fmedia&parent=123061"}],"wp:term":[{"taxonomy":"category","embeddable":true,"href":"https:\/\/gazetaregionalna.com\/index.php?rest_route=%2Fwp%2Fv2%2Fcategories&post=123061"},{"taxonomy":"post_tag","embeddable":true,"href":"https:\/\/gazetaregionalna.com\/index.php?rest_route=%2Fwp%2Fv2%2Ftags&post=123061"}],"curies":[{"name":"wp","href":"https:\/\/api.w.org\/{rel}","templated":true}]}}