{"id":123044,"date":"2024-03-23T21:46:58","date_gmt":"2024-03-23T21:46:58","guid":{"rendered":"https:\/\/gazetaregionalna.com\/?p=123044"},"modified":"2024-03-23T21:47:58","modified_gmt":"2024-03-23T21:47:58","slug":"tre-voci-konkurs","status":"publish","type":"post","link":"https:\/\/gazetaregionalna.com\/?p=123044","title":{"rendered":"Tre Voci wyst\u0105pi\u0105 27 kwietnia w Cz\u0119stochowie. Mamy podw\u00f3jne zaproszenie! [KONKURS]"},"content":{"rendered":"\n<p><strong>Visual Production zaprasza na wyj\u0105tkowy koncert Tre Voci. <\/strong><b>Voytek Soko Sokolnicki, Miko\u0142aj Adamczak i Mi\u0142osz Ga\u0142aj wyst\u0105pi\u0105 27 kwietna na scenie Filharmonii Cz\u0119stochowskiej o godz. 17 i 20. Organizator wydarzenia przekaza\u0142 dla Czytelnik\u00f3w podw\u00f3jne zaproszenie na p\u00f3\u017aniejsz\u0105 godzin\u0119. Mo\u017cna je wygra\u0107 w konkursie. <\/b><\/p>\n\n\n\n<p>Voytek Soko Sokolnicki, Miko\u0142aj Adamczak i Mi\u0142osz Ga\u0142aj, czyli Tre Voci, to tenorzy, arty\u015bci nowej generacji, przepe\u0142nieni mi\u0142o\u015bci\u0105 do ludzi i \u015bwiata, w kt\u00f3rym ponad wszystkimi podzia\u0142ami kr\u00f3luje muzyka.<\/p>\n\n\n\n<p>Na nowo odkrywaj\u0105 pi\u0119kno klasycznych dzie\u0142 nadaj\u0105c im wsp\u00f3\u0142czesnego brzmienia, a przeboje muzyki popularnej ubogacaj\u0105 symfonicznymi aran\u017cacjami i operowym rozmachem.<\/p>\n\n\n\n<p>To fuzja klasyki, m\u0142odo\u015bci, elegancji, niezwyk\u0142ych g\u0142os\u00f3w i du\u017cej dawki humoru. Pierwszy i jedyny w Polsce zesp\u00f3\u0142 CROSSOVEROWY, mocno oklaskiwany w kraju i na ca\u0142ym \u015bwiecie. To trzy niezwyk\u0142e, mocne i pot\u0119\u017cne g\u0142osy. To 3 indywidualno\u015bci i wielka przyja\u017a\u0144. Najwi\u0119ksze atuty zespo\u0142u to: ogromna pasja do \u015bpiewu, spora dawka humoru, luz na scenie, nieustanny kontakt z publiczno\u015bci\u0105 oaz wyj\u0105tkowa swoboda w interpretacji najpopularniejszych hit\u00f3w muzyki klasycznej i rozrywkowej.<\/p>\n\n\n\n<figure class=\"wp-block-image size-large\"><img decoding=\"async\" width=\"1024\" height=\"698\" data-src=\"https:\/\/gazetaregionalna.com\/wp-content\/uploads\/2024\/03\/190x1295_Tre-Voci_Czestochowa-1024x698.jpg\" alt=\"\" class=\"wp-image-123054 lazyload\" data-srcset=\"https:\/\/gazetaregionalna.com\/wp-content\/uploads\/2024\/03\/190x1295_Tre-Voci_Czestochowa-1024x698.jpg 1024w, https:\/\/gazetaregionalna.com\/wp-content\/uploads\/2024\/03\/190x1295_Tre-Voci_Czestochowa-300x205.jpg 300w, https:\/\/gazetaregionalna.com\/wp-content\/uploads\/2024\/03\/190x1295_Tre-Voci_Czestochowa-768x524.jpg 768w, https:\/\/gazetaregionalna.com\/wp-content\/uploads\/2024\/03\/190x1295_Tre-Voci_Czestochowa.jpg 1122w\" data-sizes=\"(max-width: 1024px) 100vw, 1024px\" src=\"data:image\/svg+xml;base64,PHN2ZyB3aWR0aD0iMSIgaGVpZ2h0PSIxIiB4bWxucz0iaHR0cDovL3d3dy53My5vcmcvMjAwMC9zdmciPjwvc3ZnPg==\" style=\"--smush-placeholder-width: 1024px; --smush-placeholder-aspect-ratio: 1024\/698;\" \/><figcaption class=\"wp-element-caption\">Tre Voci (mat. Visual Production)<\/figcaption><\/figure>\n\n\n\n<p>To arty\u015bci nowej generacji, obdarzeni niezwyk\u0142ymi g\u0142osami i ogromnym poczuciem humoru i zaskakuj\u0105cym wykonaniem s\u0142ynnych aran\u017cacji tak wielkich przeboj\u00f3w jak \u201eMy Way\u201d, \u201eAmazing Grace\u201d, \u201eIl Mondo\u201d, \u201eSzcz\u0119\u015bliwej drogi ju\u017c czas\u201d czy \u201eThe Prayer\u201d.<\/p>\n\n\n\n<p><a href=\"https:\/\/www.facebook.com\/VisualProductionPL\" target=\"_blank\" rel=\"noopener\">Visual Production<\/a> zaprasza na wyst\u0119p Tre Voci ju\u017c 27 kwietnia. Tenorzy wyst\u0105pi\u0105 na scenie Filharmonii Cz\u0119stochowskiej o godz. 17 i 20. Bilety mo\u017cna kupi\u0107 za po\u015brednictwem strony <a href=\"https:\/\/visualproduction.pl\/koncert-tre-voci-my-way-27-04-2024-filharmonia-czestochowska\/\" target=\"_blank\" rel=\"noopener\">visualproduction.pl<\/a><\/p>\n\n\n\n<figure class=\"wp-block-image size-full\"><img decoding=\"async\" width=\"620\" height=\"413\" data-src=\"https:\/\/gazetaregionalna.com\/wp-content\/uploads\/2024\/03\/Tre_Voci_My_Way_2-620x413-1.jpg\" alt=\"\" class=\"wp-image-123052 lazyload\" data-srcset=\"https:\/\/gazetaregionalna.com\/wp-content\/uploads\/2024\/03\/Tre_Voci_My_Way_2-620x413-1.jpg 620w, https:\/\/gazetaregionalna.com\/wp-content\/uploads\/2024\/03\/Tre_Voci_My_Way_2-620x413-1-300x200.jpg 300w\" data-sizes=\"(max-width: 620px) 100vw, 620px\" src=\"data:image\/svg+xml;base64,PHN2ZyB3aWR0aD0iMSIgaGVpZ2h0PSIxIiB4bWxucz0iaHR0cDovL3d3dy53My5vcmcvMjAwMC9zdmciPjwvc3ZnPg==\" style=\"--smush-placeholder-width: 620px; --smush-placeholder-aspect-ratio: 620\/413;\" \/><figcaption class=\"wp-element-caption\">Tre Voci (mat. Visual Production)<\/figcaption><\/figure>\n\n\n\n<h2 class=\"wp-block-heading\">Wygraj zaproszenie na ten koncert!<\/h2>\n\n\n\n<p>Mamy dla Czytelnik\u00f3w jedno podw\u00f3jne zaproszenie na koncert, kt\u00f3ry odb\u0119dzie si\u0119 o godz. 20. By o nie zagra\u0107, nale\u017cy odpowiedzie\u0107 na poni\u017csze pytanie (uzasadniaj\u0105c odpowied\u017a):<\/p>\n\n\n\n<p><strong>Jaki utw\u00f3r chcia\u0142aby\u015b\/chcia\u0142by\u015b najbardziej us\u0142ysze\u0107 w wykonaniu Tre Voci i dlaczego?<\/strong><\/p>\n\n\n\n<p>Odpowied\u017a nale\u017cy wys\u0142a\u0107 mailowo na adres&nbsp;<strong>konkursy@gazetaregionalna.com<\/strong>, w tytule podaj\u0105c \u201eTre Voci \u201d, a w tre\u015bci tak\u017ce swoje imi\u0119 i nazwisko.&nbsp;<strong>Zadanie nale\u017cy wykona\u0107 w terminie od 24 marca od godz. 9 do 25 marca do godz. 9.<\/strong><\/p>\n\n\n\n<p>Zwyci\u0119zca Konkursu zostanie powiadomiony o wygranej i o formie jej odbioru w wiadomo\u015bci mailowej wys\u0142anej najp\u00f3\u017aniej do 30 marca do godz. 22.<\/p>\n\n\n\n<figure class=\"wp-block-image size-full\"><img decoding=\"async\" width=\"620\" height=\"413\" data-src=\"https:\/\/gazetaregionalna.com\/wp-content\/uploads\/2024\/03\/Tre_Voci_My_Way_1-620x413-1.jpg\" alt=\"\" class=\"wp-image-123051 lazyload\" data-srcset=\"https:\/\/gazetaregionalna.com\/wp-content\/uploads\/2024\/03\/Tre_Voci_My_Way_1-620x413-1.jpg 620w, https:\/\/gazetaregionalna.com\/wp-content\/uploads\/2024\/03\/Tre_Voci_My_Way_1-620x413-1-300x200.jpg 300w\" data-sizes=\"(max-width: 620px) 100vw, 620px\" src=\"data:image\/svg+xml;base64,PHN2ZyB3aWR0aD0iMSIgaGVpZ2h0PSIxIiB4bWxucz0iaHR0cDovL3d3dy53My5vcmcvMjAwMC9zdmciPjwvc3ZnPg==\" style=\"--smush-placeholder-width: 620px; --smush-placeholder-aspect-ratio: 620\/413;\" \/><figcaption class=\"wp-element-caption\">Tre Voci (mat. Visual Production)<\/figcaption><\/figure>\n\n\n\n<h4 class=\"wp-block-heading\">Regulamin konkursu \u201cTre Voci\u201d<\/h4>\n\n\n\n<p><strong>\u00a7 1. POSTANOWIENIA OG\u00d3LNE<\/strong><\/p>\n\n\n\n<p>1. Organizatorem konkurs\u00f3w jest GazetaRegionalna.com, al. Ko\u015bciuszki 13, lok. 6, 42-202 Cz\u0119stochowa, (zwana dalej \u201eOrganizatorem\u201d).<br>2. Fundatorem nagrody jest Visual Production.<br>3. Niniejszy regulamin (dalej \u201eRegulamin\u201d) stanowi podstaw\u0119 organizacji oraz okre\u015bla warunki Konkursu.<br>4. Konkurs nie jest stworzony, administrowany, wspierany ani sponsorowany przez Facebook.<br>5. Konkurs jest prowadzony na stronie&nbsp;<a href=\"https:\/\/www.gazetaregionalna.com\/\">www.gazetaregionalna.com<\/a>.<\/p>\n\n\n\n<p>6. Administratorem danych osobowych udost\u0119pnianych przez Uczestnik\u00f3w Konkursu jest Organizator. Podanie danych osobowych ma charakter dowolny, lecz niezb\u0119dny do przyst\u0105pienia przez Uczestnika do Konkursu. Osobom udost\u0119pniaj\u0105cym dane przys\u0142uguje prawo dost\u0119pu do tych danych, ich zmian b\u0105d\u017a usuni\u0119cia.<\/p>\n\n\n\n<p><strong>\u00a7 2. MIEJSCE, CZAS I ZASADY KONKURSU<\/strong><\/p>\n\n\n\n<p>1. Konkurs jest dost\u0119pny w formie tekstu konkursowego na portalu organizatora gazetaregionalna.com<br><strong>2. Konkurs trwa od 24 marca 2024 r. od godz. 9 do 25 marca 2024 r. do godz. 9<\/strong>.<\/p>\n\n\n\n<p>W wyj\u0105tkowych sytuacjach Organizator konkursu mo\u017ce przed\u0142u\u017cy\u0107 lub przerwa\u0107 trwanie konkursu, w&nbsp;okre\u015blonym przez siebie zakresie, o czym poinformuje uczestnik\u00f3w konkursu na profilu wskazanym w \u00a71 pkt.6 Regulaminu.<\/p>\n\n\n\n<p><strong>\u00a7 3. UCZESTNICY KONKURSU<\/strong><\/p>\n\n\n\n<p>1. Uczestnikami Konkursu mog\u0105 by\u0107 wy\u0142\u0105cznie osoby fizyczne, konsumenci w rozumieniu art. 221 kodeksu cywilnego, posiadaj\u0105ce pe\u0142n\u0105 zdolno\u015bci do czynno\u015bci prawnych, kt\u00f3re zaakceptowa\u0142y niniejszy Regulamin (dalej: \u201eUczestnik\u201d).<br>2. Uczestnik o\u015bwiadcza, \u017ce:<br>a. jest osob\u0105 fizyczn\u0105, posiadaj\u0105c\u0105 pe\u0142n\u0105 zdolno\u015b\u0107 do czynno\u015bci prawnych;<\/p>\n\n\n\n<p>b. jest osob\u0105 pe\u0142noletni\u0105;<br>c. zapozna\u0142 si\u0119 z tre\u015bci\u0105 niniejszego Regulaminu i w spos\u00f3b dobrowolny przyst\u0119puje do Konkursu;<br>d. wyra\u017ca zgod\u0119 i akceptuje warunki Regulaminu, w tym zapozna\u0142 si\u0119 z tre\u015bci\u0105 dotycz\u0105c\u0105 procedury odbioru nagrody i j\u0105 w pe\u0142ni akceptuje;<br>e. zobowi\u0105zuje si\u0119 do przestrzegania postanowie\u0144 Regulaminu;<br>f. wyrazi\u0142 zgod\u0119 na przetwarzanie danych osobowych dla cel\u00f3w zwi\u0105zanych z uczestnictwem w Konkursie;<br>3. Uczestnik zobowi\u0105zuje si\u0119 do przestrzegania okre\u015blonych w Regulaminie zasad, jak r\u00f3wnie\u017c potwierdza, i\u017c spe\u0142nia wszystkie warunki, kt\u00f3re uprawniaj\u0105 go do udzia\u0142u w Konkursie.<\/p>\n\n\n\n<p>4. W Konkursie nie mog\u0105 uczestniczy\u0107 pracownicy i wsp\u00f3\u0142pracownicy Organizatora.<\/p>\n\n\n\n<p><strong>\u00a7 4. NAGRODA<\/strong><\/p>\n\n\n\n<p><strong>1. Nagrod\u0105 w Konkursie jest jedno podw\u00f3jne zaproszenia na koncert Tre Voci 1 dla jednej osoby wy\u0142onionej w spos\u00f3b wskazany w \u00a76.<br><\/strong>2. Informacja o Nagrodzie b\u0119dzie zawarta w tre\u015bci og\u0142oszenia o Konkursie opublikowanego na stronie gazetaregionalna.com.&nbsp;&nbsp;&nbsp;&nbsp;<br>3. Laureatowi nie przys\u0142uguje prawo wymiany Nagrody na got\u00f3wk\u0119 ani nagrod\u0119 innego rodzaju.<br>4. Zwyci\u0119zca mo\u017ce zrzec si\u0119 Nagrody, ale w zamian nie przys\u0142uguje mu ekwiwalent pieni\u0119\u017cny ani jakakolwiek inna nagroda.<\/p>\n\n\n\n<p><strong>\u00a7 5. ZASADY UCZESTNICTWA W KONKURSIE<\/strong><\/p>\n\n\n\n<p><strong>1. Zadaniem Uczestnika Konkursu jest:<\/strong><br>odpowied\u017a na zadanie\/pytanie konkursowe przedstawione na stronie gazetaregionalna.com. Jest ono nast\u0119puj\u0105ce:<\/p>\n\n\n\n<p><strong><strong>Jaki utw\u00f3r chcia\u0142aby\u015b\/chcia\u0142by\u015b najbardziej us\u0142ysze\u0107 w wykonaniu Tre Vo<\/strong>ci i dlaczego?<\/strong><\/p>\n\n\n\n<p>Odpowied\u017a nale\u017cy wys\u0142a\u0107 mailowo na adres&nbsp;<a href=\"mailto:konkursy@gazetaregionalna.com\">konkursy@gazetaregionalna.com<\/a>, w tytule podaj\u0105c \u201eTre Voci\u201d, a w tre\u015bci swoje imi\u0119 i nazwisko. Zadanie nale\u017cy wykona\u0107 w terminie od 24 marca od godz. 9 do 25 marca do godz. 9.<\/p>\n\n\n\n<p>1. Warunkiem uczestnictwa w Konkursie jest poprawne wykonanie wszystkich zada\u0144 opisanych w \u00a7 5. ust. 1 Regulaminu.<br>2. O przyznaniu nagrody decyduje Organizator w drodze analizy poprawno\u015bci wykonania zada\u0144 opisanych w \u00a7 5. ust. 1 Regulaminu przez Uczestnik\u00f3w Konkursu<br><strong>3. Spo\u015br\u00f3d nades\u0142anych odpowiedzi Organizator wy\u0142oni jednego zwyci\u0119zc\u0119.<br>4. Zwyci\u0119zca Konkursu zostanie powiadomiony o wygranej i o formie jej odbioru w wiadomo\u015bci mailowej wys\u0142anej z adresu&nbsp;<a href=\"mailto:konkursy@gazetaregionalna.com\">konkursy@gazetaregionalna.com<\/a>&nbsp;najp\u00f3\u017aniej do 30 marca do godz. 22.<\/strong><\/p>\n\n\n\n<p><strong>\u00a7 7. ZAKRES ODPOWIEDZIALNO\u015aCI ORGANIZATORA<\/strong><\/p>\n\n\n\n<p>1. Organizator nie ponosi odpowiedzialno\u015bci za rzetelno\u015b\u0107 i prawdziwo\u015b\u0107 danych Uczestnik\u00f3w Konkursu, w tym za brak mo\u017cliwo\u015bci przekazania nagr\u00f3d, z przyczyny le\u017c\u0105cych po stronie Uczestnika, w szczeg\u00f3lno\u015bci, je\u015bli ten nie poda\u0142 prawdziwego adresu do korespondencji lub podane dane s\u0105 niepe\u0142ne lub nieaktualne.<br>2. Organizator o\u015bwiadcza, \u017ce nie prowadzi kontroli, ani monitoringu tre\u015bci umieszczanych przez Uczestnik\u00f3w w&nbsp;zakresie rzetelno\u015bci i prawdziwo\u015bci, z zastrze\u017ceniem dzia\u0142a\u0144 zwi\u0105zanych z usuni\u0119ciem narusze\u0144 Regulaminu lub przepis\u00f3w powszechnie obowi\u0105zuj\u0105cych.<br>3. Organizator zastrzega sobie prawo do wykluczenia z udzia\u0142u w Konkursie Uczestnik\u00f3w, kt\u00f3rych dzia\u0142ania s\u0105 sprzeczne z prawem lub Regulaminem.<br>4. Organizator nie ponosi odpowiedzialno\u015bci za jakiekolwiek zak\u0142\u00f3cenia w dzia\u0142aniu \u0142\u0105cz teleinformatycznych, serwer\u00f3w, interfejs\u00f3w oraz przegl\u0105darek.<br><br><strong>\u00a7 8. PRZETWARZANIE DANYCH OSOBOWYCH<\/strong><\/p>\n\n\n\n<p>1. Dane osobowe Uczestnik\u00f3w Konkursu b\u0119d\u0105 przetwarzane przez Organizatora wy\u0142\u0105cznie w celu dokonania czynno\u015bci niezb\u0119dnych do prawid\u0142owego przeprowadzenia Konkursu.<br>2. Dane osobowe Uczestnik\u00f3w Konkursu b\u0119d\u0105 przechowywane przez Organizatora tylko przez okres niezb\u0119dny do przeprowadzenia Konkursu i wydania nagr\u00f3d wyr\u00f3\u017cnionym Uczestnikom.<br>3. Uczestnicy maj\u0105 prawo wgl\u0105du do przetwarzanych danych i ich poprawiania oraz usuwania. Dane s\u0105 podawane na zasadach dobrowolno\u015bci.<\/p>\n\n\n\n<p>4. W momencie usuni\u0119cia danych U\u017cytkownik traci mo\u017cliwo\u015b\u0107 Uczestnictwa w Konkursie.<\/p>\n\n\n\n<p><strong>\u00a7 9. PRAWA AUTORSKIE<\/strong><\/p>\n\n\n\n<p>1. Wszelkie prawa w\u0142asno\u015bci intelektualnej do Konkursu przys\u0142uguj\u0105 Organizatorowi. Uczestnictwo w&nbsp;Konkursie nie skutkuje w \u017cadnym zakresie nabyciem przez Uczestnik\u00f3w jakichkolwiek praw w\u0142asno\u015bci intelektualnej. Zabronione jest naruszanie w jakikolwiek spos\u00f3b praw w\u0142asno\u015bci intelektualnej w Konkursie, w&nbsp;szczeg\u00f3lno\u015bci:<br>a) kopiowanie, modyfikowanie oraz transmitowanie elektronicznie lub rozpowszechnianie w inny spos\u00f3b mechanizmu Konkursu lub jego cz\u0119\u015bci, a tak\u017ce poszczeg\u00f3lnych utwor\u00f3w<br>i baz danych, bez wyra\u017anej pisemnej zgody Administratora;<br>b) korzystanie z Konkursu w spos\u00f3b niezgodny z Regulaminem lub powszechnie obowi\u0105zuj\u0105cymi przepisami.<\/p>\n\n\n\n<p><strong>\u00a7 10. REKLAMACJE I ZG\u0141OSZENIA NARUSZE\u0143<\/strong><\/p>\n\n\n\n<p>1. Wszelkie reklamacje dotycz\u0105ce sposobu przeprowadzania Konkursu, Uczestnicy winni zg\u0142asza\u0107 na pi\u015bmie w&nbsp;czasie trwania Konkursu, jednak nie p\u00f3\u017aniej ni\u017c w terminie 7 (siedmiu) dni od dnia wydania Nagr\u00f3d.<br>2. Reklamacja zg\u0142oszona po wyznaczonym terminie nie wywo\u0142uje skutk\u00f3w prawnych.<br>3. Pisemna reklamacja powinna zawiera\u0107 imi\u0119, nazwisko, dok\u0142adny adres Uczestnika oraz dok\u0142adny opis i&nbsp;uzasadnienie reklamacji.<br><strong>4. Reklamacja powinna by\u0107 przes\u0142ana listem poleconym na adres Organizatora z dopiskiem \u201eKonkurs z dnia 24 marca 2024 r.\u201d.<br><\/strong>5. Reklamacje rozpatrywane b\u0119d\u0105 pisemnie w terminie 30 dni.<br><br><strong>\u00a7 11. POSTANOWIENIA KO\u0143COWE<\/strong><\/p>\n\n\n\n<p>1. Regulamin wchodzi w \u017cycie z dniem 24 marca 2024 r. i obowi\u0105zuje do 25 marca 2024 r.<\/p>\n\n\n\n<ol class=\"wp-block-list\" start=\"2\">\n<li>W kwestiach nieuregulowanych niniejszym Regulaminem stosuje si\u0119 przepisy Kodeksu cywilnego i inne przepisy prawa.<\/li>\n\n\n\n<li>Spory odnosz\u0105ce si\u0119 i wynikaj\u0105ce z Konkursu b\u0119d\u0105 rozwi\u0105zywane przez s\u0105d powszechny w\u0142a\u015bciwy miejscowo dla siedziby Organizatora.<\/li>\n\n\n\n<li>Organizator zastrzega sobie prawo do zmiany zasad Konkursu w trakcie jego trwania. Informacja o zmianach b\u0119dzie zamieszczona na stronie gazetaregionalna.com.<\/li>\n<\/ol>\n","protected":false},"excerpt":{"rendered":"<p>Visual Production zaprasza na wyj\u0105tkowy koncert Tre Voci. Voytek Soko Sokolnicki, Miko\u0142aj Adamczak i Mi\u0142osz Ga\u0142aj wyst\u0105pi\u0105 27 kwietna na scenie Filharmonii Cz\u0119stochowskiej o<\/p>\n","protected":false},"author":4,"featured_media":123053,"comment_status":"closed","ping_status":"open","sticky":false,"template":"","format":"standard","meta":{"_monsterinsights_skip_tracking":false,"_monsterinsights_sitenote_active":false,"_monsterinsights_sitenote_note":"","_monsterinsights_sitenote_category":0,"_uf_show_specific_survey":0,"_uf_disable_surveys":false,"footnotes":""},"categories":[12,3,94,2],"tags":[352,89,7970,5844],"class_list":["post-123044","post","type-post","status-publish","format-standard","has-post-thumbnail","hentry","category-kultura-i-rozrywka","category-czestochowa-informacje","category-polecane","category-wiadomosci","tag-filharmonia-czestochowska","tag-konkurs","tag-tre-voci","tag-visual-production"],"_links":{"self":[{"href":"https:\/\/gazetaregionalna.com\/index.php?rest_route=\/wp\/v2\/posts\/123044","targetHints":{"allow":["GET"]}}],"collection":[{"href":"https:\/\/gazetaregionalna.com\/index.php?rest_route=\/wp\/v2\/posts"}],"about":[{"href":"https:\/\/gazetaregionalna.com\/index.php?rest_route=\/wp\/v2\/types\/post"}],"author":[{"embeddable":true,"href":"https:\/\/gazetaregionalna.com\/index.php?rest_route=\/wp\/v2\/users\/4"}],"replies":[{"embeddable":true,"href":"https:\/\/gazetaregionalna.com\/index.php?rest_route=%2Fwp%2Fv2%2Fcomments&post=123044"}],"version-history":[{"count":4,"href":"https:\/\/gazetaregionalna.com\/index.php?rest_route=\/wp\/v2\/posts\/123044\/revisions"}],"predecessor-version":[{"id":123056,"href":"https:\/\/gazetaregionalna.com\/index.php?rest_route=\/wp\/v2\/posts\/123044\/revisions\/123056"}],"wp:featuredmedia":[{"embeddable":true,"href":"https:\/\/gazetaregionalna.com\/index.php?rest_route=\/wp\/v2\/media\/123053"}],"wp:attachment":[{"href":"https:\/\/gazetaregionalna.com\/index.php?rest_route=%2Fwp%2Fv2%2Fmedia&parent=123044"}],"wp:term":[{"taxonomy":"category","embeddable":true,"href":"https:\/\/gazetaregionalna.com\/index.php?rest_route=%2Fwp%2Fv2%2Fcategories&post=123044"},{"taxonomy":"post_tag","embeddable":true,"href":"https:\/\/gazetaregionalna.com\/index.php?rest_route=%2Fwp%2Fv2%2Ftags&post=123044"}],"curies":[{"name":"wp","href":"https:\/\/api.w.org\/{rel}","templated":true}]}}