{"id":123029,"date":"2024-03-23T18:10:22","date_gmt":"2024-03-23T18:10:22","guid":{"rendered":"https:\/\/gazetaregionalna.com\/?p=123029"},"modified":"2024-03-23T18:10:23","modified_gmt":"2024-03-23T18:10:23","slug":"porazka-siatkarzy-eco-team-azs-stoelzle-w-ostatni-meczu-sezonu-ale-jest-utrzymanie-w-2-lidze","status":"publish","type":"post","link":"https:\/\/gazetaregionalna.com\/?p=123029","title":{"rendered":"Pora\u017cka siatkarzy Eco-Team AZS Stoelzle w ostatni meczu sezonu. Ale jest utrzymanie w 2. lidze&#8230;"},"content":{"rendered":"\n<p>W ostatnim meczu sezonu w 2 lidze siatkarze Eco-Team AZS Stoelzle Cz\u0119stochowa przegrali w Hali Polonia z Ikarem Legnica 0:3. Cz\u0119stochowianie utrzymanie zapewnili sobie tydzie\u0144 temu&#8230;<\/p>\n\n\n\n<p>Ju\u017c pierwszy set przegrany przez gospodarzy 25:14 pokaza\u0142, \u017ce o dobry wynik mo\u017ce by\u0107 trudno. Ikar walczy\u0142 o jak najwy\u017csze miejsce przed play-off, a dla cz\u0119stochowian by\u0142 to ostatni mecz w sezonie i po\u017cegnanie z kibicami. Eco-Team AZS utrzymanie w 2 lidze zapewni\u0142 sobie w przedostatniej kolejce.<\/p>\n\n\n\n<p>W dw\u00f3ch kolejnych partiach by\u0142o troch\u0119 lepiej, ale pora\u017cki do 18 w drugim i trzecim secie sprawi\u0142y, \u017ce go\u015bcie szybko i \u0142atwo wygrali w Cz\u0119stochowie.<\/p>\n\n\n\n<p>AK, fot: AK<\/p>\n\n\n\n<p>Partnerami relacji sportowych s\u0105:<\/p>\n\n\n\n<p>DMK Invest materia\u0142y budowlane Konopiska <\/p>\n\n\n\n<p>Targi budowlane wyposa\u017cenia wn\u0119trz i nieruchomo\u015bci<\/p>\n\n\n\n<figure class=\"wp-block-image size-large\"><img decoding=\"async\" width=\"1024\" height=\"683\" data-src=\"https:\/\/gazetaregionalna.com\/wp-content\/uploads\/2024\/03\/AZS-Ikar-1-1024x683.jpg\" alt=\"\" class=\"wp-image-123030 lazyload\" data-srcset=\"https:\/\/gazetaregionalna.com\/wp-content\/uploads\/2024\/03\/AZS-Ikar-1-1024x683.jpg 1024w, https:\/\/gazetaregionalna.com\/wp-content\/uploads\/2024\/03\/AZS-Ikar-1-300x200.jpg 300w, https:\/\/gazetaregionalna.com\/wp-content\/uploads\/2024\/03\/AZS-Ikar-1-768x512.jpg 768w, https:\/\/gazetaregionalna.com\/wp-content\/uploads\/2024\/03\/AZS-Ikar-1-1536x1025.jpg 1536w, https:\/\/gazetaregionalna.com\/wp-content\/uploads\/2024\/03\/AZS-Ikar-1-2048x1366.jpg 2048w, https:\/\/gazetaregionalna.com\/wp-content\/uploads\/2024\/03\/AZS-Ikar-1-scaled.jpg 1600w\" data-sizes=\"(max-width: 1024px) 100vw, 1024px\" src=\"data:image\/svg+xml;base64,PHN2ZyB3aWR0aD0iMSIgaGVpZ2h0PSIxIiB4bWxucz0iaHR0cDovL3d3dy53My5vcmcvMjAwMC9zdmciPjwvc3ZnPg==\" style=\"--smush-placeholder-width: 1024px; --smush-placeholder-aspect-ratio: 1024\/683;\" \/><\/figure>\n\n\n\n<p><\/p>\n","protected":false},"excerpt":{"rendered":"<p>W ostatnim meczu sezonu w 2 lidze siatkarze Eco-Team AZS Stoelzle Cz\u0119stochowa przegrali w Hali Polonia z Ikarem Legnica 0:3. Cz\u0119stochowianie utrzymanie zapewnili sobie<\/p>\n","protected":false},"author":15,"featured_media":123030,"comment_status":"closed","ping_status":"open","sticky":false,"template":"","format":"standard","meta":{"_monsterinsights_skip_tracking":false,"_monsterinsights_sitenote_active":false,"_monsterinsights_sitenote_note":"","_monsterinsights_sitenote_category":0,"_uf_show_specific_survey":0,"_uf_disable_surveys":false,"footnotes":""},"categories":[5,8],"tags":[],"class_list":["post-123029","post","type-post","status-publish","format-standard","has-post-thumbnail","hentry","category-sport","category-siatkowka"],"_links":{"self":[{"href":"https:\/\/gazetaregionalna.com\/index.php?rest_route=\/wp\/v2\/posts\/123029","targetHints":{"allow":["GET"]}}],"collection":[{"href":"https:\/\/gazetaregionalna.com\/index.php?rest_route=\/wp\/v2\/posts"}],"about":[{"href":"https:\/\/gazetaregionalna.com\/index.php?rest_route=\/wp\/v2\/types\/post"}],"author":[{"embeddable":true,"href":"https:\/\/gazetaregionalna.com\/index.php?rest_route=\/wp\/v2\/users\/15"}],"replies":[{"embeddable":true,"href":"https:\/\/gazetaregionalna.com\/index.php?rest_route=%2Fwp%2Fv2%2Fcomments&post=123029"}],"version-history":[{"count":1,"href":"https:\/\/gazetaregionalna.com\/index.php?rest_route=\/wp\/v2\/posts\/123029\/revisions"}],"predecessor-version":[{"id":123032,"href":"https:\/\/gazetaregionalna.com\/index.php?rest_route=\/wp\/v2\/posts\/123029\/revisions\/123032"}],"wp:featuredmedia":[{"embeddable":true,"href":"https:\/\/gazetaregionalna.com\/index.php?rest_route=\/wp\/v2\/media\/123030"}],"wp:attachment":[{"href":"https:\/\/gazetaregionalna.com\/index.php?rest_route=%2Fwp%2Fv2%2Fmedia&parent=123029"}],"wp:term":[{"taxonomy":"category","embeddable":true,"href":"https:\/\/gazetaregionalna.com\/index.php?rest_route=%2Fwp%2Fv2%2Fcategories&post=123029"},{"taxonomy":"post_tag","embeddable":true,"href":"https:\/\/gazetaregionalna.com\/index.php?rest_route=%2Fwp%2Fv2%2Ftags&post=123029"}],"curies":[{"name":"wp","href":"https:\/\/api.w.org\/{rel}","templated":true}]}}