{"id":123022,"date":"2024-03-23T17:51:58","date_gmt":"2024-03-23T17:51:58","guid":{"rendered":"https:\/\/gazetaregionalna.com\/?p=123022"},"modified":"2024-03-25T09:00:17","modified_gmt":"2024-03-25T09:00:17","slug":"zlota-druzyna-wlokniarz-z-1974-roku-zaprezentowala-sie-podczas-50-memorialu-im-b-idzikowskiego-i-m-czernego-a-memorial-wygral-kangur","status":"publish","type":"post","link":"https:\/\/gazetaregionalna.com\/2024\/03\/23\/zlota-druzyna-wlokniarz-z-1974-roku-zaprezentowala-sie-podczas-50-memorialu-im-b-idzikowskiego-i-m-czernego-a-memorial-wygral-kangur\/","title":{"rendered":"Z\u0142ota dru\u017cyna W\u0142\u00f3kniarz z 1974 roku zaprezentowa\u0142a si\u0119 podczas 50. Memoria\u0142u im. B. Idzikowskiego i M. Czernego. A Memoria\u0142 wygra\u0142 \u201eKangur\u201d"},"content":{"rendered":"\n<p>Zwyci\u0119stwem Australijczyka Jasona Doyle zako\u0144czy\u0142 si\u0119 50. Jubileuszowy Memoria\u0142 im. Bronis\u0142awa Idzikowskiego i Marka Czernego. Na podium stan\u0105\u0142 te\u017c \u017cu\u017clowiec W\u0142\u00f3kniarza Leon Madsen. O wygranej w turnieju decydowa\u0142&#8230; rzut monet\u0105.<\/p>\n\n\n\n<p>Przed Memoria\u0142em zabytkowymi samochodami wyjechali \u017cu\u017clowcy i cz\u0142onkowie dru\u017cyny W\u0142\u00f3kniarza z 1974 roku, kt\u00f3ra zdoby\u0142a mistrzostwo Polski. Przed cz\u0119stochowsk\u0105 publiczno\u015bci\u0105 zaprezentowali si\u0119 m.in: J\u00f3zef Jarmu\u0142a, Marek Cie\u015blak, Andrzej Jurczy\u0144ski, Lech Zapart, Jerzy Kowalczyk, Marek Nabia\u0142ek. Prezentacj\u0119 poprowadzi\u0142 spiker Janusz Wr\u00f3bel, kt\u00f3ry w przesz\u0142o\u015bci przez wiele lat prowadzi\u0142 z mikrofonem mecze przy ul. Olszty\u0144skiej.<\/p>\n\n\n\n<p>Wszyscy z\u0142oci medali\u015bci z 1974 roku cieszyli si\u0119, \u017ce s\u0105 na stadionie z kibicami. J\u00f3zef Jarmu\u0142a domaga\u0142 si\u0119 nawet grupowego zdj\u0119cia na tle kibic\u00f3w&#8230;<\/p>\n\n\n\n<p>Sobotni memoria\u0142 sk\u0142ada\u0142 si\u0119 tylko z 12. wy\u015bcig\u00f3w, bo nad stadionem zacz\u0105\u0142 pada\u0107 deszcz i przerwano zawody. Po trzech seriach start\u00f3w po 8 punkt\u00f3w mieli Jason Doyle i Bartosz Zmarzlik. Ci zawodnicy nie jechali ze sob\u0105 w pierwszych trzech seriach start\u00f3w. Nie rozegrano te\u017c biegu bara\u017cowego. O zwyci\u0119stwie zadecydowa\u0142 rzut monet\u0105 przez s\u0119dziego. Wygra\u0142 Doyle i to on zaj\u0105\u0142 1. miejsce w Memoriale. Drugi by\u0142 Zmarzlik, a trzeci reprezentant W\u0142\u00f3kniarza Leon Madsen, kt\u00f3ry zgromadzi\u0142 7 punkt\u00f3w. Tu\u017c za podium z 6 punktami uplasowa\u0142 si\u0119 drugi z cz\u0119stochowian Maksym Drabik.<\/p>\n\n\n\n<p>AK, fot: AK<\/p>\n\n\n\n<p>1. Jason Doyle \u2013 8 (2,3,3)<\/p>\n\n\n\n<p>2. Bartosz Zmarzlik \u2013 8 (2,3,3)<\/p>\n\n\n\n<p>3. Leon Madsen \u2013 7 (3,2,2)<\/p>\n\n\n\n<p>4. Maksym Drabik \u2013 6 (3,0,3)<\/p>\n\n\n\n<p>5. Brady Kurtz \u2013 6 (3,2,1)<\/p>\n\n\n\n<p>6. Norbert Krakowiak \u2013 5 (2,3,0)<\/p>\n\n\n\n<p>7. Kacper Woryna \u2013 5 (2,3,-)<\/p>\n\n\n\n<p>8. Fredrik Lindgren \u2013 5 (w,2,3)<\/p>\n\n\n\n<p>9. Mikkel Michelsen \u2013 5 (3,1,1)<\/p>\n\n\n\n<p>10. Mads Hansen \u2013 4 (0,2,2)<\/p>\n\n\n\n<p>11. Rohan Tungate \u2013 4 (1,1,2)<\/p>\n\n\n\n<p>12. Tobiasz Musielak \u2013 4 (1,1,2)<\/p>\n\n\n\n<p>13. Oliver Berntzon \u2013 2 (1,0,1)<\/p>\n\n\n\n<p>14. Steven Goret \u2013 2 (1,1,0)<\/p>\n\n\n\n<p>15. Kajetan Kupiec \u2013 1 (1)<\/p>\n\n\n\n<p>16. Anton Karlsson \u2013 0 (u,0,d)<\/p>\n\n\n\n<p>17. Gleb Czugunow \u2013 0 (0,0,d)<\/p>\n\n\n\n<p>18. Kacper Halkiewicz \u2013 ns<\/p>\n\n\n\n<p>Bieg po biegu:<\/p>\n\n\n\n<p>1. Michelsen, Krakowiak, Berntzon, Karlsson (u)<\/p>\n\n\n\n<p>2. Drabik, Zmarzlik, Musielak, Hansen<\/p>\n\n\n\n<p>3. Kurtz, Woryna, Tungate, Lindgren (w)<\/p>\n\n\n\n<p>4. Madsen, Doyle, Goret, Czugunow<\/p>\n\n\n\n<p>5. Woryna, Madsen, Michelsen, Drabik<\/p>\n\n\n\n<p>6. Doyle, Kurtz, Musielak, Berntzon<\/p>\n\n\n\n<p>7. Zmarzlik, Lindgren, Goret, Karlsson<\/p>\n\n\n\n<p>8. Krakowiak, Hansen, Tungate, Czugunow<\/p>\n\n\n\n<p>9. Lindgren, Musielak, Michelsen, Czugunow (d)<\/p>\n\n\n\n<p>10. Drabik, Tungate, Berntzon, Goret<\/p>\n\n\n\n<p>11. Doyle, Hansen, Kupiec, Karlsson (d)<\/p>\n\n\n\n<p>12. Zmarzlik, Madsen, Kurtz, Krakowiak<\/p>\n\n\n\n<p>Partnerami relacji sportowych s\u0105:<\/p>\n\n\n\n<p>DMK Invest materia\u0142y budowlane Konopiska (www.dmkinvest.pl)<\/p>\n\n\n\n<p>Targi budowlane wyposa\u017cenia wn\u0119trz i nieruchomo\u015bci<\/p>\n\n\n\n<figure class=\"wp-block-image size-large\"><img decoding=\"async\" width=\"1024\" height=\"683\" data-src=\"https:\/\/gazetaregionalna.com\/wp-content\/uploads\/2024\/03\/50Memorial-3-1024x683.jpg\" alt=\"\" class=\"wp-image-123027 lazyload\" data-srcset=\"https:\/\/gazetaregionalna.com\/wp-content\/uploads\/2024\/03\/50Memorial-3-1024x683.jpg 1024w, https:\/\/gazetaregionalna.com\/wp-content\/uploads\/2024\/03\/50Memorial-3-300x200.jpg 300w, https:\/\/gazetaregionalna.com\/wp-content\/uploads\/2024\/03\/50Memorial-3-768x512.jpg 768w, https:\/\/gazetaregionalna.com\/wp-content\/uploads\/2024\/03\/50Memorial-3-1536x1024.jpg 1536w, https:\/\/gazetaregionalna.com\/wp-content\/uploads\/2024\/03\/50Memorial-3-2048x1365.jpg 2048w, https:\/\/gazetaregionalna.com\/wp-content\/uploads\/2024\/03\/50Memorial-3-scaled.jpg 1600w\" data-sizes=\"(max-width: 1024px) 100vw, 1024px\" src=\"data:image\/svg+xml;base64,PHN2ZyB3aWR0aD0iMSIgaGVpZ2h0PSIxIiB4bWxucz0iaHR0cDovL3d3dy53My5vcmcvMjAwMC9zdmciPjwvc3ZnPg==\" style=\"--smush-placeholder-width: 1024px; --smush-placeholder-aspect-ratio: 1024\/683;\" \/><\/figure>\n\n\n\n<figure class=\"wp-block-image size-large\"><img decoding=\"async\" width=\"1024\" height=\"683\" data-src=\"https:\/\/gazetaregionalna.com\/wp-content\/uploads\/2024\/03\/50Memeorial-1-1024x683.jpg\" alt=\"\" class=\"wp-image-123024 lazyload\" data-srcset=\"https:\/\/gazetaregionalna.com\/wp-content\/uploads\/2024\/03\/50Memeorial-1-1024x683.jpg 1024w, https:\/\/gazetaregionalna.com\/wp-content\/uploads\/2024\/03\/50Memeorial-1-300x200.jpg 300w, https:\/\/gazetaregionalna.com\/wp-content\/uploads\/2024\/03\/50Memeorial-1-768x512.jpg 768w, https:\/\/gazetaregionalna.com\/wp-content\/uploads\/2024\/03\/50Memeorial-1-1536x1024.jpg 1536w, https:\/\/gazetaregionalna.com\/wp-content\/uploads\/2024\/03\/50Memeorial-1-2048x1365.jpg 2048w, https:\/\/gazetaregionalna.com\/wp-content\/uploads\/2024\/03\/50Memeorial-1-scaled.jpg 1600w\" data-sizes=\"(max-width: 1024px) 100vw, 1024px\" src=\"data:image\/svg+xml;base64,PHN2ZyB3aWR0aD0iMSIgaGVpZ2h0PSIxIiB4bWxucz0iaHR0cDovL3d3dy53My5vcmcvMjAwMC9zdmciPjwvc3ZnPg==\" style=\"--smush-placeholder-width: 1024px; --smush-placeholder-aspect-ratio: 1024\/683;\" \/><\/figure>\n\n\n\n<figure class=\"wp-block-image size-large\"><img decoding=\"async\" width=\"1024\" height=\"774\" data-src=\"https:\/\/gazetaregionalna.com\/wp-content\/uploads\/2024\/03\/50Memeorial-0-1024x774.jpg\" alt=\"\" class=\"wp-image-123023 lazyload\" data-srcset=\"https:\/\/gazetaregionalna.com\/wp-content\/uploads\/2024\/03\/50Memeorial-0-1024x774.jpg 1024w, https:\/\/gazetaregionalna.com\/wp-content\/uploads\/2024\/03\/50Memeorial-0-300x227.jpg 300w, https:\/\/gazetaregionalna.com\/wp-content\/uploads\/2024\/03\/50Memeorial-0-768x581.jpg 768w, https:\/\/gazetaregionalna.com\/wp-content\/uploads\/2024\/03\/50Memeorial-0-1536x1161.jpg 1536w, https:\/\/gazetaregionalna.com\/wp-content\/uploads\/2024\/03\/50Memeorial-0-scaled.jpg 1600w\" data-sizes=\"(max-width: 1024px) 100vw, 1024px\" src=\"data:image\/svg+xml;base64,PHN2ZyB3aWR0aD0iMSIgaGVpZ2h0PSIxIiB4bWxucz0iaHR0cDovL3d3dy53My5vcmcvMjAwMC9zdmciPjwvc3ZnPg==\" style=\"--smush-placeholder-width: 1024px; --smush-placeholder-aspect-ratio: 1024\/774;\" \/><\/figure>\n\n\n\n<figure class=\"wp-block-image size-large\"><img decoding=\"async\" width=\"1024\" height=\"681\" data-src=\"https:\/\/gazetaregionalna.com\/wp-content\/uploads\/2024\/03\/50Memorial-2-1024x681.jpg\" alt=\"\" class=\"wp-image-123026 lazyload\" data-srcset=\"https:\/\/gazetaregionalna.com\/wp-content\/uploads\/2024\/03\/50Memorial-2-1024x681.jpg 1024w, https:\/\/gazetaregionalna.com\/wp-content\/uploads\/2024\/03\/50Memorial-2-300x200.jpg 300w, https:\/\/gazetaregionalna.com\/wp-content\/uploads\/2024\/03\/50Memorial-2-768x511.jpg 768w, https:\/\/gazetaregionalna.com\/wp-content\/uploads\/2024\/03\/50Memorial-2-1536x1022.jpg 1536w, https:\/\/gazetaregionalna.com\/wp-content\/uploads\/2024\/03\/50Memorial-2-2048x1363.jpg 2048w, https:\/\/gazetaregionalna.com\/wp-content\/uploads\/2024\/03\/50Memorial-2-scaled.jpg 1600w\" data-sizes=\"(max-width: 1024px) 100vw, 1024px\" src=\"data:image\/svg+xml;base64,PHN2ZyB3aWR0aD0iMSIgaGVpZ2h0PSIxIiB4bWxucz0iaHR0cDovL3d3dy53My5vcmcvMjAwMC9zdmciPjwvc3ZnPg==\" style=\"--smush-placeholder-width: 1024px; --smush-placeholder-aspect-ratio: 1024\/681;\" \/><\/figure>\n\n\n\n<figure class=\"wp-block-image size-large\"><img decoding=\"async\" width=\"1024\" height=\"683\" data-src=\"https:\/\/gazetaregionalna.com\/wp-content\/uploads\/2024\/03\/50Memorial-0-1024x683.jpg\" alt=\"\" class=\"wp-image-123025 lazyload\" data-srcset=\"https:\/\/gazetaregionalna.com\/wp-content\/uploads\/2024\/03\/50Memorial-0-1024x683.jpg 1024w, https:\/\/gazetaregionalna.com\/wp-content\/uploads\/2024\/03\/50Memorial-0-300x200.jpg 300w, https:\/\/gazetaregionalna.com\/wp-content\/uploads\/2024\/03\/50Memorial-0-768x512.jpg 768w, https:\/\/gazetaregionalna.com\/wp-content\/uploads\/2024\/03\/50Memorial-0-1536x1024.jpg 1536w, https:\/\/gazetaregionalna.com\/wp-content\/uploads\/2024\/03\/50Memorial-0-2048x1365.jpg 2048w, https:\/\/gazetaregionalna.com\/wp-content\/uploads\/2024\/03\/50Memorial-0-scaled.jpg 1600w\" data-sizes=\"(max-width: 1024px) 100vw, 1024px\" src=\"data:image\/svg+xml;base64,PHN2ZyB3aWR0aD0iMSIgaGVpZ2h0PSIxIiB4bWxucz0iaHR0cDovL3d3dy53My5vcmcvMjAwMC9zdmciPjwvc3ZnPg==\" style=\"--smush-placeholder-width: 1024px; --smush-placeholder-aspect-ratio: 1024\/683;\" \/><\/figure>\n\n\n\n<figure class=\"wp-block-image size-full\"><img decoding=\"async\" width=\"300\" height=\"250\" data-src=\"https:\/\/gazetaregionalna.com\/wp-content\/uploads\/2022\/04\/DMK-10.jpg\" alt=\"\" class=\"wp-image-77218 lazyload\" src=\"data:image\/svg+xml;base64,PHN2ZyB3aWR0aD0iMSIgaGVpZ2h0PSIxIiB4bWxucz0iaHR0cDovL3d3dy53My5vcmcvMjAwMC9zdmciPjwvc3ZnPg==\" style=\"--smush-placeholder-width: 300px; --smush-placeholder-aspect-ratio: 300\/250;\"><\/figure>\n\n\n\n<figure class=\"wp-block-image size-large\"><img decoding=\"async\" width=\"1024\" height=\"1024\" data-src=\"https:\/\/gazetaregionalna.com\/wp-content\/uploads\/2024\/02\/Targi-2-1024x1024.png\" alt=\"\" class=\"wp-image-120992 lazyload\" data-srcset=\"https:\/\/gazetaregionalna.com\/wp-content\/uploads\/2024\/02\/Targi-2-1024x1024.png 1024w, https:\/\/gazetaregionalna.com\/wp-content\/uploads\/2024\/02\/Targi-2-300x300.png 300w, https:\/\/gazetaregionalna.com\/wp-content\/uploads\/2024\/02\/Targi-2-150x150.png 150w, https:\/\/gazetaregionalna.com\/wp-content\/uploads\/2024\/02\/Targi-2-768x768.png 768w, https:\/\/gazetaregionalna.com\/wp-content\/uploads\/2024\/02\/Targi-2-696x696.png 696w, https:\/\/gazetaregionalna.com\/wp-content\/uploads\/2024\/02\/Targi-2-1068x1068.png 1068w, https:\/\/gazetaregionalna.com\/wp-content\/uploads\/2024\/02\/Targi-2-420x420.png 420w, https:\/\/gazetaregionalna.com\/wp-content\/uploads\/2024\/02\/Targi-2.png 1080w\" data-sizes=\"(max-width: 1024px) 100vw, 1024px\" src=\"data:image\/svg+xml;base64,PHN2ZyB3aWR0aD0iMSIgaGVpZ2h0PSIxIiB4bWxucz0iaHR0cDovL3d3dy53My5vcmcvMjAwMC9zdmciPjwvc3ZnPg==\" style=\"--smush-placeholder-width: 1024px; --smush-placeholder-aspect-ratio: 1024\/1024;\" \/><\/figure>\n","protected":false},"excerpt":{"rendered":"<p>Zwyci\u0119stwem Australijczyka Jasona Doyle zako\u0144czy\u0142 si\u0119 50. Jubileuszowy Memoria\u0142 im. Bronis\u0142awa Idzikowskiego i Marka Czernego. Na podium stan\u0105\u0142 te\u017c \u017cu\u017clowiec W\u0142\u00f3kniarza Leon Madsen. O<\/p>\n","protected":false},"author":15,"featured_media":123024,"comment_status":"closed","ping_status":"open","sticky":false,"template":"","format":"standard","meta":{"_monsterinsights_skip_tracking":false,"_monsterinsights_sitenote_active":false,"_monsterinsights_sitenote_note":"","_monsterinsights_sitenote_category":0,"_uf_show_specific_survey":0,"_uf_disable_surveys":false,"footnotes":""},"categories":[94,5,7],"tags":[],"class_list":["post-123022","post","type-post","status-publish","format-standard","has-post-thumbnail","hentry","category-polecane","category-sport","category-zuzel"],"_links":{"self":[{"href":"https:\/\/gazetaregionalna.com\/wp-json\/wp\/v2\/posts\/123022","targetHints":{"allow":["GET"]}}],"collection":[{"href":"https:\/\/gazetaregionalna.com\/wp-json\/wp\/v2\/posts"}],"about":[{"href":"https:\/\/gazetaregionalna.com\/wp-json\/wp\/v2\/types\/post"}],"author":[{"embeddable":true,"href":"https:\/\/gazetaregionalna.com\/wp-json\/wp\/v2\/users\/15"}],"replies":[{"embeddable":true,"href":"https:\/\/gazetaregionalna.com\/wp-json\/wp\/v2\/comments?post=123022"}],"version-history":[{"count":2,"href":"https:\/\/gazetaregionalna.com\/wp-json\/wp\/v2\/posts\/123022\/revisions"}],"predecessor-version":[{"id":123081,"href":"https:\/\/gazetaregionalna.com\/wp-json\/wp\/v2\/posts\/123022\/revisions\/123081"}],"wp:featuredmedia":[{"embeddable":true,"href":"https:\/\/gazetaregionalna.com\/wp-json\/wp\/v2\/media\/123024"}],"wp:attachment":[{"href":"https:\/\/gazetaregionalna.com\/wp-json\/wp\/v2\/media?parent=123022"}],"wp:term":[{"taxonomy":"category","embeddable":true,"href":"https:\/\/gazetaregionalna.com\/wp-json\/wp\/v2\/categories?post=123022"},{"taxonomy":"post_tag","embeddable":true,"href":"https:\/\/gazetaregionalna.com\/wp-json\/wp\/v2\/tags?post=123022"}],"curies":[{"name":"wp","href":"https:\/\/api.w.org\/{rel}","templated":true}]}}