{"id":123015,"date":"2024-03-23T17:02:52","date_gmt":"2024-03-23T17:02:52","guid":{"rendered":"https:\/\/gazetaregionalna.com\/?p=123015"},"modified":"2024-03-23T17:02:53","modified_gmt":"2024-03-23T17:02:53","slug":"lukasz-banas-przedstawia-przemyslany-program-wyborczy-podczas-debaty-prezydenckiej","status":"publish","type":"post","link":"https:\/\/gazetaregionalna.com\/?p=123015","title":{"rendered":"\u0141ukasz Bana\u015b przedstawia przemy\u015blany program wyborczy podczas debaty prezydenckiej."},"content":{"rendered":"\n<p>W trakcie wczorajszej debaty na prezydenta Cz\u0119stochowy, kt\u00f3ra by\u0142a transmitowana na \u017cywo przez platform\u0119 YouTube, kandydat \u0141ukasz Bana\u015b zaprezentowa\u0142 swoje szczeg\u00f3\u0142owe plany na przysz\u0142o\u015b\u0107 miasta, odpowiadaj\u0105c na pytania przygotowane przez redakcj\u0119 oraz studio Cz\u0119stochowa. Jego odpowiedzi rzuci\u0142y \u015bwiat\u0142o na dobrze przemy\u015blany program wyborczy, kt\u00f3ry ma na celu przeciwdzia\u0142anie wieloletniej stagnacji, jakiej do\u015bwiadczy\u0142o miasto.<\/p>\n\n\n\n<figure class=\"wp-block-image size-large\"><img decoding=\"async\" width=\"1024\" height=\"683\" data-src=\"https:\/\/gazetaregionalna.com\/wp-content\/uploads\/2024\/03\/Debata-Lukasz-Banas-6-1024x683.jpg\" alt=\"\" class=\"wp-image-123017 lazyload\" data-srcset=\"https:\/\/gazetaregionalna.com\/wp-content\/uploads\/2024\/03\/Debata-Lukasz-Banas-6-1024x683.jpg 1024w, https:\/\/gazetaregionalna.com\/wp-content\/uploads\/2024\/03\/Debata-Lukasz-Banas-6-300x200.jpg 300w, https:\/\/gazetaregionalna.com\/wp-content\/uploads\/2024\/03\/Debata-Lukasz-Banas-6-768x512.jpg 768w, https:\/\/gazetaregionalna.com\/wp-content\/uploads\/2024\/03\/Debata-Lukasz-Banas-6-1536x1024.jpg 1536w, https:\/\/gazetaregionalna.com\/wp-content\/uploads\/2024\/03\/Debata-Lukasz-Banas-6-scaled.jpg 1600w\" data-sizes=\"(max-width: 1024px) 100vw, 1024px\" src=\"data:image\/svg+xml;base64,PHN2ZyB3aWR0aD0iMSIgaGVpZ2h0PSIxIiB4bWxucz0iaHR0cDovL3d3dy53My5vcmcvMjAwMC9zdmciPjwvc3ZnPg==\" style=\"--smush-placeholder-width: 1024px; --smush-placeholder-aspect-ratio: 1024\/683;\" \/><\/figure>\n\n\n\n<p>\u0141ukasz Bana\u015b, prezentuj\u0105c swoje warto\u015bci i plany dla Cz\u0119stochowy, podkre\u015bli\u0142, \u017ce jego propozycje s\u0105 bezpo\u015bredni\u0105 odpowiedzi\u0105 na potrzeby mieszka\u0144c\u00f3w. W trakcie debaty zaznaczy\u0142, \u017ce \u015brodki z Krajowego Planu Odbudowy (KPO), wynosz\u0105ce 600 miliard\u00f3w z\u0142otych, trafi\u0105 tak\u017ce do Cz\u0119stochowy. Kandydat zapewni\u0142, \u017ce te fundusze b\u0119d\u0105 w\u0142a\u015bciwie zarz\u0105dzane, aby przyczyni\u0107 si\u0119 do dynamicznego rozwoju miasta.<\/p>\n\n\n\n<figure class=\"wp-block-image size-large\"><img decoding=\"async\" width=\"1024\" height=\"683\" data-src=\"https:\/\/gazetaregionalna.com\/wp-content\/uploads\/2024\/03\/DSC04746-1024x683.jpg\" alt=\"\" class=\"wp-image-123018 lazyload\" data-srcset=\"https:\/\/gazetaregionalna.com\/wp-content\/uploads\/2024\/03\/DSC04746-1024x683.jpg 1024w, https:\/\/gazetaregionalna.com\/wp-content\/uploads\/2024\/03\/DSC04746-300x200.jpg 300w, https:\/\/gazetaregionalna.com\/wp-content\/uploads\/2024\/03\/DSC04746-768x512.jpg 768w, https:\/\/gazetaregionalna.com\/wp-content\/uploads\/2024\/03\/DSC04746-1536x1024.jpg 1536w, https:\/\/gazetaregionalna.com\/wp-content\/uploads\/2024\/03\/DSC04746-2048x1365.jpg 2048w, https:\/\/gazetaregionalna.com\/wp-content\/uploads\/2024\/03\/DSC04746-scaled.jpg 1600w\" data-sizes=\"(max-width: 1024px) 100vw, 1024px\" src=\"data:image\/svg+xml;base64,PHN2ZyB3aWR0aD0iMSIgaGVpZ2h0PSIxIiB4bWxucz0iaHR0cDovL3d3dy53My5vcmcvMjAwMC9zdmciPjwvc3ZnPg==\" style=\"--smush-placeholder-width: 1024px; --smush-placeholder-aspect-ratio: 1024\/683;\" \/><\/figure>\n\n\n\n<p>Jednym z kluczowych element\u00f3w warto\u015bci przysz\u0142ego prezydenta \u0141ukasza Banasia jest r\u00f3wnie\u017c sta\u0142a wsp\u00f3\u0142praca z ministr\u0105 zdrowia, Izabel\u0105 Leszczyn\u0105, co ma na celu szybkie i skuteczne reagowanie na problemy zdrowotne mieszka\u0144c\u00f3w Cz\u0119stochowy.<br>Przysz\u0142y prezydent \u00a0Cz\u0119stochowy podkre\u015bli\u0142 r\u00f3wnie\u017c, \u017ce jego priorytetem b\u0119dzie poprawa dost\u0119pu do bada\u0144 profilaktycznych dla mieszka\u0144c\u00f3w. Taka inicjatywa ma na celu wczesne wykrywanie i zapobieganie chorobom, co jest istotne dla zwi\u0119kszenia og\u00f3lnej jako\u015bci \u017cycia oraz obni\u017cenia koszt\u00f3w leczenia na p\u00f3\u017aniejszych etapach.<\/p>\n\n\n\n<p>Podczas debaty \u0141ukasz Bana\u015b ponownie zwr\u00f3ci\u0142 uwag\u0119 na swoje kluczowe warto\u015bci: Zdrowie, Rodzin\u0119, Rozw\u00f3j i Bezpiecze\u0144stwo, podkre\u015blaj\u0105c, \u017ce ka\u017cdy z tych aspekt\u00f3w jest niezb\u0119dny do budowy silnej i zjednoczonej wsp\u00f3lnoty miejskiej. Zaprezentowane propozycje, takie jak darmowa komunikacja miejska dla m\u0142odzie\u017cy, wsparcie dla rodzin i senior\u00f3w, a tak\u017ce inwestycje w infrastruktur\u0119 i bezpiecze\u0144stwo, s\u0105 odzwierciedleniem tych warto\u015bci.<\/p>\n\n\n\n<figure class=\"wp-block-image size-large\"><img decoding=\"async\" width=\"1024\" height=\"683\" data-src=\"https:\/\/gazetaregionalna.com\/wp-content\/uploads\/2024\/03\/Debata-Lukasz-Banas-2-1024x683.jpg\" alt=\"\" class=\"wp-image-123019 lazyload\" data-srcset=\"https:\/\/gazetaregionalna.com\/wp-content\/uploads\/2024\/03\/Debata-Lukasz-Banas-2-1024x683.jpg 1024w, https:\/\/gazetaregionalna.com\/wp-content\/uploads\/2024\/03\/Debata-Lukasz-Banas-2-300x200.jpg 300w, https:\/\/gazetaregionalna.com\/wp-content\/uploads\/2024\/03\/Debata-Lukasz-Banas-2-768x512.jpg 768w, https:\/\/gazetaregionalna.com\/wp-content\/uploads\/2024\/03\/Debata-Lukasz-Banas-2-1536x1024.jpg 1536w, https:\/\/gazetaregionalna.com\/wp-content\/uploads\/2024\/03\/Debata-Lukasz-Banas-2-scaled.jpg 1600w\" data-sizes=\"(max-width: 1024px) 100vw, 1024px\" src=\"data:image\/svg+xml;base64,PHN2ZyB3aWR0aD0iMSIgaGVpZ2h0PSIxIiB4bWxucz0iaHR0cDovL3d3dy53My5vcmcvMjAwMC9zdmciPjwvc3ZnPg==\" style=\"--smush-placeholder-width: 1024px; --smush-placeholder-aspect-ratio: 1024\/683;\" \/><\/figure>\n\n\n\n<p>Wi\u0119cej informacji o programie wyborczym \u0141ukasza Banasia mo\u017cna znale\u017a\u0107 na jego oficjalnej stronie internetowej:&nbsp;<a href=\"https:\/\/lukaszbanas.pl\/wartosci\/\" target=\"_blank\" rel=\"noreferrer noopener\">https:\/\/lukaszbanas.pl\/wartosci\/<\/a>.<\/p>\n","protected":false},"excerpt":{"rendered":"<p>W trakcie wczorajszej debaty na prezydenta Cz\u0119stochowy, kt\u00f3ra by\u0142a transmitowana na \u017cywo przez platform\u0119 YouTube, kandydat \u0141ukasz Bana\u015b zaprezentowa\u0142 swoje szczeg\u00f3\u0142owe plany na przysz\u0142o\u015b\u0107<\/p>\n","protected":false},"author":2,"featured_media":0,"comment_status":"closed","ping_status":"open","sticky":false,"template":"","format":"standard","meta":{"_monsterinsights_skip_tracking":false,"_monsterinsights_sitenote_active":false,"_monsterinsights_sitenote_note":"","_monsterinsights_sitenote_category":0,"_uf_show_specific_survey":0,"_uf_disable_surveys":false,"footnotes":""},"categories":[1],"tags":[],"class_list":["post-123015","post","type-post","status-publish","format-standard","hentry","category-uncategorized"],"_links":{"self":[{"href":"https:\/\/gazetaregionalna.com\/index.php?rest_route=\/wp\/v2\/posts\/123015","targetHints":{"allow":["GET"]}}],"collection":[{"href":"https:\/\/gazetaregionalna.com\/index.php?rest_route=\/wp\/v2\/posts"}],"about":[{"href":"https:\/\/gazetaregionalna.com\/index.php?rest_route=\/wp\/v2\/types\/post"}],"author":[{"embeddable":true,"href":"https:\/\/gazetaregionalna.com\/index.php?rest_route=\/wp\/v2\/users\/2"}],"replies":[{"embeddable":true,"href":"https:\/\/gazetaregionalna.com\/index.php?rest_route=%2Fwp%2Fv2%2Fcomments&post=123015"}],"version-history":[{"count":2,"href":"https:\/\/gazetaregionalna.com\/index.php?rest_route=\/wp\/v2\/posts\/123015\/revisions"}],"predecessor-version":[{"id":123020,"href":"https:\/\/gazetaregionalna.com\/index.php?rest_route=\/wp\/v2\/posts\/123015\/revisions\/123020"}],"wp:attachment":[{"href":"https:\/\/gazetaregionalna.com\/index.php?rest_route=%2Fwp%2Fv2%2Fmedia&parent=123015"}],"wp:term":[{"taxonomy":"category","embeddable":true,"href":"https:\/\/gazetaregionalna.com\/index.php?rest_route=%2Fwp%2Fv2%2Fcategories&post=123015"},{"taxonomy":"post_tag","embeddable":true,"href":"https:\/\/gazetaregionalna.com\/index.php?rest_route=%2Fwp%2Fv2%2Ftags&post=123015"}],"curies":[{"name":"wp","href":"https:\/\/api.w.org\/{rel}","templated":true}]}}