{"id":123009,"date":"2024-03-23T14:12:51","date_gmt":"2024-03-23T14:12:51","guid":{"rendered":"https:\/\/gazetaregionalna.com\/?p=123009"},"modified":"2024-03-23T14:12:52","modified_gmt":"2024-03-23T14:12:52","slug":"teraz-lepsza-praca-konferencja-w-firmie-automex","status":"publish","type":"post","link":"https:\/\/gazetaregionalna.com\/?p=123009","title":{"rendered":"Teraz Lepsza Praca, konferencja w firmie Automex"},"content":{"rendered":"\n<p><strong>Podczas konferencji prezydent Krzysztof Matyjaszczyk przedstawi\u0142 za\u0142o\u017cenia jednego z filar\u00f3w jego programu wyborczego, kt\u00f3ry dotyczy rynku pracy. \u201eLepsza praca\u201d to odpowied\u017a na wyzwania stoj\u0105ce dzi\u015b przed naszym miastem, dotycz\u0105ce pracownik\u00f3w i przedsi\u0119biorc\u00f3w.<\/strong><\/p>\n\n\n\n<figure class=\"wp-block-image size-large\"><img decoding=\"async\" width=\"1024\" height=\"682\" data-src=\"https:\/\/gazetaregionalna.com\/wp-content\/uploads\/2024\/03\/DSC_0684-1024x682.jpg\" alt=\"\" class=\"wp-image-123010 lazyload\" data-srcset=\"https:\/\/gazetaregionalna.com\/wp-content\/uploads\/2024\/03\/DSC_0684-1024x682.jpg 1024w, https:\/\/gazetaregionalna.com\/wp-content\/uploads\/2024\/03\/DSC_0684-300x200.jpg 300w, https:\/\/gazetaregionalna.com\/wp-content\/uploads\/2024\/03\/DSC_0684-768x511.jpg 768w, https:\/\/gazetaregionalna.com\/wp-content\/uploads\/2024\/03\/DSC_0684-1536x1022.jpg 1536w, https:\/\/gazetaregionalna.com\/wp-content\/uploads\/2024\/03\/DSC_0684-scaled.jpg 1600w\" data-sizes=\"(max-width: 1024px) 100vw, 1024px\" src=\"data:image\/svg+xml;base64,PHN2ZyB3aWR0aD0iMSIgaGVpZ2h0PSIxIiB4bWxucz0iaHR0cDovL3d3dy53My5vcmcvMjAwMC9zdmciPjwvc3ZnPg==\" style=\"--smush-placeholder-width: 1024px; --smush-placeholder-aspect-ratio: 1024\/682;\" \/><\/figure>\n\n\n\n<p>Wdra\u017cany przez cz\u0119stochowski samorz\u0105d od wielu lat program \u201eTeraz Lepsza Praca\u201d ju\u017c przyni\u00f3s\u0142 konkretne efekty, zw\u0142aszcza na terenie zlokalizowanych w naszym mie\u015bcie <strong>Specjalnych Stref Ekonomicznych.<\/strong><\/p>\n\n\n\n<figure class=\"wp-block-image size-large\"><img decoding=\"async\" width=\"1024\" height=\"682\" data-src=\"https:\/\/gazetaregionalna.com\/wp-content\/uploads\/2024\/03\/DSC_5772-1024x682.jpg\" alt=\"\" class=\"wp-image-123012 lazyload\" data-srcset=\"https:\/\/gazetaregionalna.com\/wp-content\/uploads\/2024\/03\/DSC_5772-1024x682.jpg 1024w, https:\/\/gazetaregionalna.com\/wp-content\/uploads\/2024\/03\/DSC_5772-300x200.jpg 300w, https:\/\/gazetaregionalna.com\/wp-content\/uploads\/2024\/03\/DSC_5772-768x511.jpg 768w, https:\/\/gazetaregionalna.com\/wp-content\/uploads\/2024\/03\/DSC_5772-1536x1022.jpg 1536w, https:\/\/gazetaregionalna.com\/wp-content\/uploads\/2024\/03\/DSC_5772-scaled.jpg 1600w\" data-sizes=\"(max-width: 1024px) 100vw, 1024px\" src=\"data:image\/svg+xml;base64,PHN2ZyB3aWR0aD0iMSIgaGVpZ2h0PSIxIiB4bWxucz0iaHR0cDovL3d3dy53My5vcmcvMjAwMC9zdmciPjwvc3ZnPg==\" style=\"--smush-placeholder-width: 1024px; --smush-placeholder-aspect-ratio: 1024\/682;\" \/><\/figure>\n\n\n\n<p>&#8211; Tereny inwestycyjne obj\u0119te statusem strefy ustanowiono w 2014. Tym samym umo\u017cliwiono w ko\u0144cu ma\u0142ym przedsi\u0119biorstwom rodzimym uzyskanie pomocy publicznej i rozw\u00f3j w ramach specjalnych stref ekonomicznych i jeszcze w tym samym roku odby\u0142y si\u0119 pierwsze przetargi!\u00a0W sumie do dzi\u015b w Katowickiej Specjalnej Strefie Ekonomicznej na terenie miasta odby\u0142y si\u0119 43 przetargi i rokowania, a\u00a0minimalna warto\u015b\u0107 nak\u0142ad\u00f3w inwestycyjnych to prawie 2 miliardy z\u0142otych.\u00a0Utrzymano ponad 7 tys.\u00a0miejsc pracy i zadeklarowano utworzenie ponad tysi\u0105ca dwustu nowych, co oczywi\u015bcie te\u017c jest deklarowan\u0105 warto\u015bci\u0105 minimaln\u0105, bo szacuje si\u0119, \u017ce obecne zatrudnienie jest co najmniej\u00a0dwa\u00a0i p\u00f3\u0142 razy wi\u0119ksze\u00a0\u2013 powiedzia\u0142a\u00a0<strong>Anna Tymoshenko<\/strong>,\u00a0szefowa Centrum Obs\u0142ugi Inwestora w cz\u0119stochowskim magistracie.<\/p>\n\n\n\n<figure class=\"wp-block-image size-large\"><img decoding=\"async\" width=\"1024\" height=\"682\" data-src=\"https:\/\/gazetaregionalna.com\/wp-content\/uploads\/2024\/03\/DSC_5789-1024x682.jpg\" alt=\"Lepsza Praca\n\" class=\"wp-image-123011 lazyload\" data-srcset=\"https:\/\/gazetaregionalna.com\/wp-content\/uploads\/2024\/03\/DSC_5789-1024x682.jpg 1024w, https:\/\/gazetaregionalna.com\/wp-content\/uploads\/2024\/03\/DSC_5789-300x200.jpg 300w, https:\/\/gazetaregionalna.com\/wp-content\/uploads\/2024\/03\/DSC_5789-768x511.jpg 768w, https:\/\/gazetaregionalna.com\/wp-content\/uploads\/2024\/03\/DSC_5789-1536x1022.jpg 1536w, https:\/\/gazetaregionalna.com\/wp-content\/uploads\/2024\/03\/DSC_5789-scaled.jpg 1600w\" data-sizes=\"(max-width: 1024px) 100vw, 1024px\" src=\"data:image\/svg+xml;base64,PHN2ZyB3aWR0aD0iMSIgaGVpZ2h0PSIxIiB4bWxucz0iaHR0cDovL3d3dy53My5vcmcvMjAwMC9zdmciPjwvc3ZnPg==\" style=\"--smush-placeholder-width: 1024px; --smush-placeholder-aspect-ratio: 1024\/682;\" \/><\/figure>\n\n\n\n<p>Konferencja prasowa odby\u0142a si\u0119 na terenie cz\u0119stochowskiej firmy <strong>\u201eAutomex\u201d<\/strong>, kt\u00f3rej w\u0142a\u015bciciele, Stanis\u0142aw Ociepa i Piotr Ociepa, podkre\u015blali dobr\u0105 wsp\u00f3\u0142prac\u0119 ich przedsi\u0119biorstwa z w\u0142adzami samorz\u0105dowymi. &#8211; Nasze wyzwania na kolejne lata to nowe technologie, automatyzacja produkcji, aby naszemu personelowi l\u017cej si\u0119 pracowa\u0142o. Szukamy te\u017c specjalist\u00f3w. Jeste\u015bmy cz\u0119stochowsk\u0105 firm\u0105, nigdzie si\u0119 nie wybieramy, chcemy si\u0119 tutaj rozwija\u0107 i zatrudnia\u0107 nowych pracownik\u00f3w \u2013 powiedzia\u0142 Piotr Ociepa.<\/p>\n\n\n\n<p>&#8211; Nasze dzia\u0142ania motywuj\u0105 do zmiany oblicza rynku pracy, by w coraz wi\u0119kszym stopniu stawa\u0142 si\u0119 rynkiem pracownika i pracodawcy wra\u017cliwego spo\u0142ecznie, kt\u00f3ry jest \u015bwiadomy, \u017ce cz\u0142owiek to jego najwi\u0119kszy kapita\u0142. Program \u201eTeraz Lepsza Praca\u201d powsta\u0142, by wyj\u015b\u0107 naprzeciw potrzebom cz\u0119stochowianek i cz\u0119stochowian, kt\u00f3rzy oczekuj\u0105 miasta przyjaznego, zielonego, gdzie opr\u00f3cz pracy jest miejsce na wypoczynek \u2013 podsumowa\u0142 prezydent Matyjaszczyk.<\/p>\n\n\n\n<p>red<\/p>\n","protected":false},"excerpt":{"rendered":"<p>Podczas konferencji prezydent Krzysztof Matyjaszczyk przedstawi\u0142 za\u0142o\u017cenia jednego z filar\u00f3w jego programu wyborczego, kt\u00f3ry dotyczy rynku pracy. \u201eLepsza praca\u201d to odpowied\u017a na wyzwania stoj\u0105ce<\/p>\n","protected":false},"author":2,"featured_media":0,"comment_status":"closed","ping_status":"open","sticky":false,"template":"","format":"standard","meta":{"_monsterinsights_skip_tracking":false,"_monsterinsights_sitenote_active":false,"_monsterinsights_sitenote_note":"","_monsterinsights_sitenote_category":0,"_uf_show_specific_survey":0,"_uf_disable_surveys":false,"footnotes":""},"categories":[43],"tags":[8902],"class_list":["post-123009","post","type-post","status-publish","format-standard","hentry","category-biznes","tag-lepsza-praca"],"_links":{"self":[{"href":"https:\/\/gazetaregionalna.com\/index.php?rest_route=\/wp\/v2\/posts\/123009","targetHints":{"allow":["GET"]}}],"collection":[{"href":"https:\/\/gazetaregionalna.com\/index.php?rest_route=\/wp\/v2\/posts"}],"about":[{"href":"https:\/\/gazetaregionalna.com\/index.php?rest_route=\/wp\/v2\/types\/post"}],"author":[{"embeddable":true,"href":"https:\/\/gazetaregionalna.com\/index.php?rest_route=\/wp\/v2\/users\/2"}],"replies":[{"embeddable":true,"href":"https:\/\/gazetaregionalna.com\/index.php?rest_route=%2Fwp%2Fv2%2Fcomments&post=123009"}],"version-history":[{"count":1,"href":"https:\/\/gazetaregionalna.com\/index.php?rest_route=\/wp\/v2\/posts\/123009\/revisions"}],"predecessor-version":[{"id":123013,"href":"https:\/\/gazetaregionalna.com\/index.php?rest_route=\/wp\/v2\/posts\/123009\/revisions\/123013"}],"wp:attachment":[{"href":"https:\/\/gazetaregionalna.com\/index.php?rest_route=%2Fwp%2Fv2%2Fmedia&parent=123009"}],"wp:term":[{"taxonomy":"category","embeddable":true,"href":"https:\/\/gazetaregionalna.com\/index.php?rest_route=%2Fwp%2Fv2%2Fcategories&post=123009"},{"taxonomy":"post_tag","embeddable":true,"href":"https:\/\/gazetaregionalna.com\/index.php?rest_route=%2Fwp%2Fv2%2Ftags&post=123009"}],"curies":[{"name":"wp","href":"https:\/\/api.w.org\/{rel}","templated":true}]}}