{"id":123002,"date":"2024-03-23T10:44:44","date_gmt":"2024-03-23T10:44:44","guid":{"rendered":"https:\/\/gazetaregionalna.com\/?p=123002"},"modified":"2024-03-23T10:46:04","modified_gmt":"2024-03-23T10:46:04","slug":"juz-dzisiaj-o-godz-14-odbedzie-sie-50-jubileuszowy-memorial-im-b-idzikowskiego-i-m-czernego","status":"publish","type":"post","link":"https:\/\/gazetaregionalna.com\/?p=123002","title":{"rendered":"Ju\u017c dzisiaj o godz. 14 odb\u0119dzie si\u0119 50. jubileuszowy Memoria\u0142 im. B. Idzikowskiego i M. Czernego"},"content":{"rendered":"\n<p>W sobot\u0119 o godz. 14 rozpocznie si\u0119 Speedway Silesia Cup 2024 \u2013 50 Jubileuszowy Memoria\u0142 im. B. Idzikowskiego i M. Czernego pod patronatem Marsza\u0142ka Wojew\u00f3dztwa \u015al\u0105skiego Jakuba Che\u0142stowskiego. Dzia\u0142acze W\u0142\u00f3kniarza zapewnili ciekaw\u0105 stawk\u0119 zawodnik\u00f3w.<\/p>\n\n\n\n<p>W zawodach wyst\u0105pi 10 go\u015bci oraz 6 \u017cu\u017clowc\u00f3w W\u0142\u00f3kniarz. B\u0119d\u0105 to: Bartosz Zmarzlik, Fredrik Lindgren, Jason Doyle, Gleb Chugunov, Olivier Berntzon, Norbert Krakowiak, Rohan Tungate, Tobiasz Musielak, Steven Goret i Brady Kurtz. Stawk\u0119 uzupe\u0142ni\u0105 gospodarze: Maksym Drabik, Kacper Woryna, Leon, Madsen, Mikkel Michelsen, Mads Hansen i Anton Karlsson.<\/p>\n\n\n\n<p>B\u0119dzie to te\u017c pierwsze oficjalne \u015bciganie po przerwie zimowej w Cz\u0119stochowie. Kibice W\u0142\u00f3kniarza zastanawiaj\u0105 si\u0119, w jakiej formie s\u0105 zawodnicy?<\/p>\n\n\n\n<p>Dzia\u0142acze W\u0142\u00f3kniarza przygotowali te\u017c niespodziank\u0119 dla kibic\u00f3w. O godz. 13:45 pojawi\u0105 si\u0119 zawodnicy i cz\u0142onkowie z\u0142otej dru\u017cyny W\u0142\u00f3kniarza z 1974 roku. W tym roku minie 50 lat od tamtego mistrzostwa Polski. Sw\u00f3j udzia\u0142 potwierdzili: J\u00f3zef Jarmu\u0142a, Marek Cie\u015blak, Andrzej Jurczy\u0144ski, Lech Zapart, Jerzy Kowalczyk, Marek Nabia\u0142ek. B\u0119dzie te\u017c by\u0142y spiker Janusz Wr\u00f3bel, kt\u00f3ry znany jest w Cz\u0119stochowie z prowadzenie mecz\u00f3w \u017cu\u017clowych i siatkarskich. Podczas 50. Memoria\u0142u b\u0119dzie troch\u0119 wspomnie\u0144\u2026<\/p>\n\n\n\n<p>Bilety na zawody mo\u017cna kupi\u0107 online, tak\u017ce przed zawodami. Karnetowicze maj\u0105 wst\u0119p gratis. Bilet normalny wyceniono na 30 z\u0142, ulgowy na 20 z\u0142. 40 z\u0142 kosztuje wej\u015bci\u00f3wka na sektor centralny. Dzieci do lat 12 wchodz\u0105 bezp\u0142atnie.<\/p>\n\n\n\n<p>AK, fot: materia\u0142y prasowe<\/p>\n\n\n\n<p>Partnerami relacji sportowych s\u0105:<\/p>\n\n\n\n<p>DMK Invest materia\u0142y budowlane Konopiska (www.dmkinvest.pl)<\/p>\n\n\n\n<p>Targi budowlane wyposa\u017cenia wn\u0119trz i nieruchomo\u015bci<\/p>\n\n\n\n<figure class=\"wp-block-image size-full\"><img decoding=\"async\" width=\"750\" height=\"330\" data-src=\"https:\/\/gazetaregionalna.com\/wp-content\/uploads\/2024\/03\/Memorial-2024.png\" alt=\"\" class=\"wp-image-123003 lazyload\" data-srcset=\"https:\/\/gazetaregionalna.com\/wp-content\/uploads\/2024\/03\/Memorial-2024.png 750w, https:\/\/gazetaregionalna.com\/wp-content\/uploads\/2024\/03\/Memorial-2024-300x132.png 300w\" data-sizes=\"(max-width: 750px) 100vw, 750px\" src=\"data:image\/svg+xml;base64,PHN2ZyB3aWR0aD0iMSIgaGVpZ2h0PSIxIiB4bWxucz0iaHR0cDovL3d3dy53My5vcmcvMjAwMC9zdmciPjwvc3ZnPg==\" style=\"--smush-placeholder-width: 750px; --smush-placeholder-aspect-ratio: 750\/330;\" \/><\/figure>\n\n\n\n<figure class=\"wp-block-image size-full\"><img decoding=\"async\" width=\"300\" height=\"250\" data-src=\"https:\/\/gazetaregionalna.com\/wp-content\/uploads\/2022\/04\/DMK-5.jpg\" alt=\"\" class=\"wp-image-77213 lazyload\" src=\"data:image\/svg+xml;base64,PHN2ZyB3aWR0aD0iMSIgaGVpZ2h0PSIxIiB4bWxucz0iaHR0cDovL3d3dy53My5vcmcvMjAwMC9zdmciPjwvc3ZnPg==\" style=\"--smush-placeholder-width: 300px; --smush-placeholder-aspect-ratio: 300\/250;\"><\/figure>\n\n\n\n<figure class=\"wp-block-image size-large\"><img decoding=\"async\" width=\"1024\" height=\"1024\" data-src=\"https:\/\/gazetaregionalna.com\/wp-content\/uploads\/2024\/02\/Targi-2-1024x1024.png\" alt=\"\" class=\"wp-image-120992 lazyload\" data-srcset=\"https:\/\/gazetaregionalna.com\/wp-content\/uploads\/2024\/02\/Targi-2-1024x1024.png 1024w, https:\/\/gazetaregionalna.com\/wp-content\/uploads\/2024\/02\/Targi-2-300x300.png 300w, https:\/\/gazetaregionalna.com\/wp-content\/uploads\/2024\/02\/Targi-2-150x150.png 150w, https:\/\/gazetaregionalna.com\/wp-content\/uploads\/2024\/02\/Targi-2-768x768.png 768w, https:\/\/gazetaregionalna.com\/wp-content\/uploads\/2024\/02\/Targi-2-696x696.png 696w, https:\/\/gazetaregionalna.com\/wp-content\/uploads\/2024\/02\/Targi-2-1068x1068.png 1068w, https:\/\/gazetaregionalna.com\/wp-content\/uploads\/2024\/02\/Targi-2-420x420.png 420w, https:\/\/gazetaregionalna.com\/wp-content\/uploads\/2024\/02\/Targi-2.png 1080w\" data-sizes=\"(max-width: 1024px) 100vw, 1024px\" src=\"data:image\/svg+xml;base64,PHN2ZyB3aWR0aD0iMSIgaGVpZ2h0PSIxIiB4bWxucz0iaHR0cDovL3d3dy53My5vcmcvMjAwMC9zdmciPjwvc3ZnPg==\" style=\"--smush-placeholder-width: 1024px; --smush-placeholder-aspect-ratio: 1024\/1024;\" \/><\/figure>\n","protected":false},"excerpt":{"rendered":"<p>W sobot\u0119 o godz. 14 rozpocznie si\u0119 Speedway Silesia Cup 2024 \u2013 50 Jubileuszowy Memoria\u0142 im. B. Idzikowskiego i M. Czernego pod patronatem Marsza\u0142ka<\/p>\n","protected":false},"author":15,"featured_media":123003,"comment_status":"closed","ping_status":"open","sticky":false,"template":"","format":"standard","meta":{"_monsterinsights_skip_tracking":false,"_monsterinsights_sitenote_active":false,"_monsterinsights_sitenote_note":"","_monsterinsights_sitenote_category":0,"_uf_show_specific_survey":0,"_uf_disable_surveys":false,"footnotes":""},"categories":[5,7],"tags":[],"class_list":["post-123002","post","type-post","status-publish","format-standard","has-post-thumbnail","hentry","category-sport","category-zuzel"],"_links":{"self":[{"href":"https:\/\/gazetaregionalna.com\/index.php?rest_route=\/wp\/v2\/posts\/123002","targetHints":{"allow":["GET"]}}],"collection":[{"href":"https:\/\/gazetaregionalna.com\/index.php?rest_route=\/wp\/v2\/posts"}],"about":[{"href":"https:\/\/gazetaregionalna.com\/index.php?rest_route=\/wp\/v2\/types\/post"}],"author":[{"embeddable":true,"href":"https:\/\/gazetaregionalna.com\/index.php?rest_route=\/wp\/v2\/users\/15"}],"replies":[{"embeddable":true,"href":"https:\/\/gazetaregionalna.com\/index.php?rest_route=%2Fwp%2Fv2%2Fcomments&post=123002"}],"version-history":[{"count":2,"href":"https:\/\/gazetaregionalna.com\/index.php?rest_route=\/wp\/v2\/posts\/123002\/revisions"}],"predecessor-version":[{"id":123006,"href":"https:\/\/gazetaregionalna.com\/index.php?rest_route=\/wp\/v2\/posts\/123002\/revisions\/123006"}],"wp:featuredmedia":[{"embeddable":true,"href":"https:\/\/gazetaregionalna.com\/index.php?rest_route=\/wp\/v2\/media\/123003"}],"wp:attachment":[{"href":"https:\/\/gazetaregionalna.com\/index.php?rest_route=%2Fwp%2Fv2%2Fmedia&parent=123002"}],"wp:term":[{"taxonomy":"category","embeddable":true,"href":"https:\/\/gazetaregionalna.com\/index.php?rest_route=%2Fwp%2Fv2%2Fcategories&post=123002"},{"taxonomy":"post_tag","embeddable":true,"href":"https:\/\/gazetaregionalna.com\/index.php?rest_route=%2Fwp%2Fv2%2Ftags&post=123002"}],"curies":[{"name":"wp","href":"https:\/\/api.w.org\/{rel}","templated":true}]}}