{"id":122992,"date":"2024-03-22T22:06:10","date_gmt":"2024-03-22T22:06:10","guid":{"rendered":"https:\/\/gazetaregionalna.com\/?p=122992"},"modified":"2024-03-22T22:06:12","modified_gmt":"2024-03-22T22:06:12","slug":"strajku-pilkarzy-skry-nie-bylo-remis-z-silna-chojniczanka","status":"publish","type":"post","link":"https:\/\/gazetaregionalna.com\/?p=122992","title":{"rendered":"Strajku pi\u0142karzy Skry nie by\u0142o&#8230; Remis z siln\u0105 Chojniczank\u0105&#8230;"},"content":{"rendered":"\n<p>Pi\u0142karze Skry Cz\u0119stochowa w 2024 roku nie potrafi\u0105 wygra\u0107 u siebie. W pi\u0105tkowy wiecz\u00f3r zremisowali z wy\u017cej notowan\u0105 Chojniczank\u0105 Chojnice 0:0.<\/p>\n\n\n\n<p>Pi\u0142karze Skry Cz\u0119stochowa musz\u0105 szuka\u0107 punkt\u00f3w i ucieka\u0107 przed stref\u0105 spadkow\u0105. Cz\u0119stochowianie w 2024 roku nie wygrali jeszcze w Cz\u0119stochowie dlatego w pi\u0105tkowym spotkaniu z wy\u017cej notowana Chojniczank\u0105 celowali w zwyci\u0119stwo. Skra rozegra\u0142a dobr\u0105 pierwsz\u0105 po\u0142ow\u0119. Cz\u0119stochowianie du\u017co strzelali. Najlepsz\u0105 sytuacj\u0119 zmarnowa\u0142 jednak tu\u017c przed ko\u0144cem pierwszej po\u0142owy Mateusz Winciersz, kt\u00f3ry z 6-7 metr\u00f3w maj\u0105c tylko przed sob\u0105 bramkarza Chojniczanki przestrzeli\u0142 nad poprzeczk\u0105&#8230;<\/p>\n\n\n\n<p>Po zmianie stron obydwie dru\u017cyny nadal atakowa\u0142y, ale bramki nie pad\u0142y. Mimo i\u017c cz\u0119stochowianie byli lepsi na boisku to ponownie nie udokumentowali tego zwyci\u0119stwem i zdobyciem 3 punkt\u00f3w&#8230;<\/p>\n\n\n\n<p>Przed meczem plotkowa\u0142o si\u0119, \u017ce pi\u0142karze Skry wyjd\u0105 na mecz z op\u00f3\u017anieniem ze wzgl\u0119du na op\u00f3\u017anienia w wyp\u0142acaniu wyp\u0142at. Nic takiego nie mia\u0142o miejsca. Mecz rozpocz\u0105\u0142 si\u0119 o czasie&#8230;<\/p>\n\n\n\n<p>AK, fot: AK<\/p>\n\n\n\n<p>Skra Cz\u0119stochowa \u2013 Chojniczanka Chojnice 0:0<\/p>\n\n\n\n<p>Skra: Rajczykowski \u2013 Wypart (82. Bartosiak), P. Kucharczyk, Nawrocki \u2013 Winciersz (56. Ma\u0107kowiak), Kubik, Ko\u0142odziejczyk (82. \u0141awrynowicz), \u0141abojko, Niedba\u0142a (70. Dzi\u0119gielewski), Sajdak \u2013 Mas.<\/p>\n\n\n\n<p>Partnerami relacji sportowych s\u0105:<\/p>\n\n\n\n<p>DMK Invest materia\u0142y budowlane Konopiska (<a href=\"http:\/\/www.dmkinvest.pl\/\" target=\"_blank\" rel=\"noopener\">www.dmkinvest.pl<\/a>)<\/p>\n\n\n\n<p>Targi budowlane wyposa\u017cenia wn\u0119trz i nieruchomo\u015bci&#8230;<\/p>\n\n\n\n<figure class=\"wp-block-image size-large\"><img decoding=\"async\" width=\"1024\" height=\"648\" data-src=\"https:\/\/gazetaregionalna.com\/wp-content\/uploads\/2024\/03\/Skra-Chojniczanka-0-1024x648.jpg\" alt=\"\" class=\"wp-image-122993 lazyload\" data-srcset=\"https:\/\/gazetaregionalna.com\/wp-content\/uploads\/2024\/03\/Skra-Chojniczanka-0-1024x648.jpg 1024w, https:\/\/gazetaregionalna.com\/wp-content\/uploads\/2024\/03\/Skra-Chojniczanka-0-300x190.jpg 300w, https:\/\/gazetaregionalna.com\/wp-content\/uploads\/2024\/03\/Skra-Chojniczanka-0-768x486.jpg 768w, https:\/\/gazetaregionalna.com\/wp-content\/uploads\/2024\/03\/Skra-Chojniczanka-0-1536x972.jpg 1536w, https:\/\/gazetaregionalna.com\/wp-content\/uploads\/2024\/03\/Skra-Chojniczanka-0-2048x1296.jpg 2048w, https:\/\/gazetaregionalna.com\/wp-content\/uploads\/2024\/03\/Skra-Chojniczanka-0-115x73.jpg 115w, https:\/\/gazetaregionalna.com\/wp-content\/uploads\/2024\/03\/Skra-Chojniczanka-0-scaled.jpg 1600w\" data-sizes=\"(max-width: 1024px) 100vw, 1024px\" src=\"data:image\/svg+xml;base64,PHN2ZyB3aWR0aD0iMSIgaGVpZ2h0PSIxIiB4bWxucz0iaHR0cDovL3d3dy53My5vcmcvMjAwMC9zdmciPjwvc3ZnPg==\" style=\"--smush-placeholder-width: 1024px; --smush-placeholder-aspect-ratio: 1024\/648;\" \/><\/figure>\n\n\n\n<p><\/p>\n\n\n\n<figure class=\"wp-block-image size-large\"><img decoding=\"async\" width=\"1024\" height=\"626\" data-src=\"https:\/\/gazetaregionalna.com\/wp-content\/uploads\/2024\/03\/Skra-Chojniczanka-1-1024x626.jpg\" alt=\"\" class=\"wp-image-122994 lazyload\" data-srcset=\"https:\/\/gazetaregionalna.com\/wp-content\/uploads\/2024\/03\/Skra-Chojniczanka-1-1024x626.jpg 1024w, https:\/\/gazetaregionalna.com\/wp-content\/uploads\/2024\/03\/Skra-Chojniczanka-1-300x183.jpg 300w, https:\/\/gazetaregionalna.com\/wp-content\/uploads\/2024\/03\/Skra-Chojniczanka-1-768x470.jpg 768w, https:\/\/gazetaregionalna.com\/wp-content\/uploads\/2024\/03\/Skra-Chojniczanka-1-1536x939.jpg 1536w, https:\/\/gazetaregionalna.com\/wp-content\/uploads\/2024\/03\/Skra-Chojniczanka-1-2048x1253.jpg 2048w, https:\/\/gazetaregionalna.com\/wp-content\/uploads\/2024\/03\/Skra-Chojniczanka-1-scaled.jpg 1600w\" data-sizes=\"(max-width: 1024px) 100vw, 1024px\" src=\"data:image\/svg+xml;base64,PHN2ZyB3aWR0aD0iMSIgaGVpZ2h0PSIxIiB4bWxucz0iaHR0cDovL3d3dy53My5vcmcvMjAwMC9zdmciPjwvc3ZnPg==\" style=\"--smush-placeholder-width: 1024px; --smush-placeholder-aspect-ratio: 1024\/626;\" \/><\/figure>\n\n\n\n<figure class=\"wp-block-image size-large\"><img decoding=\"async\" width=\"1024\" height=\"710\" data-src=\"https:\/\/gazetaregionalna.com\/wp-content\/uploads\/2024\/03\/Skra-Chojniczanka-25-1024x710.jpg\" alt=\"\" class=\"wp-image-122995 lazyload\" data-srcset=\"https:\/\/gazetaregionalna.com\/wp-content\/uploads\/2024\/03\/Skra-Chojniczanka-25-1024x710.jpg 1024w, https:\/\/gazetaregionalna.com\/wp-content\/uploads\/2024\/03\/Skra-Chojniczanka-25-300x208.jpg 300w, https:\/\/gazetaregionalna.com\/wp-content\/uploads\/2024\/03\/Skra-Chojniczanka-25-768x533.jpg 768w, https:\/\/gazetaregionalna.com\/wp-content\/uploads\/2024\/03\/Skra-Chojniczanka-25-1536x1065.jpg 1536w, https:\/\/gazetaregionalna.com\/wp-content\/uploads\/2024\/03\/Skra-Chojniczanka-25-2048x1420.jpg 2048w, https:\/\/gazetaregionalna.com\/wp-content\/uploads\/2024\/03\/Skra-Chojniczanka-25-scaled.jpg 1600w\" data-sizes=\"(max-width: 1024px) 100vw, 1024px\" src=\"data:image\/svg+xml;base64,PHN2ZyB3aWR0aD0iMSIgaGVpZ2h0PSIxIiB4bWxucz0iaHR0cDovL3d3dy53My5vcmcvMjAwMC9zdmciPjwvc3ZnPg==\" style=\"--smush-placeholder-width: 1024px; --smush-placeholder-aspect-ratio: 1024\/710;\" \/><\/figure>\n\n\n\n<figure class=\"wp-block-image size-large\"><img decoding=\"async\" width=\"1024\" height=\"664\" data-src=\"https:\/\/gazetaregionalna.com\/wp-content\/uploads\/2024\/03\/Skra-Chojniczanka-37-1024x664.jpg\" alt=\"\" class=\"wp-image-122996 lazyload\" data-srcset=\"https:\/\/gazetaregionalna.com\/wp-content\/uploads\/2024\/03\/Skra-Chojniczanka-37-1024x664.jpg 1024w, https:\/\/gazetaregionalna.com\/wp-content\/uploads\/2024\/03\/Skra-Chojniczanka-37-300x194.jpg 300w, https:\/\/gazetaregionalna.com\/wp-content\/uploads\/2024\/03\/Skra-Chojniczanka-37-768x498.jpg 768w, https:\/\/gazetaregionalna.com\/wp-content\/uploads\/2024\/03\/Skra-Chojniczanka-37-1536x995.jpg 1536w, https:\/\/gazetaregionalna.com\/wp-content\/uploads\/2024\/03\/Skra-Chojniczanka-37-2048x1327.jpg 2048w, https:\/\/gazetaregionalna.com\/wp-content\/uploads\/2024\/03\/Skra-Chojniczanka-37-scaled.jpg 1600w\" data-sizes=\"(max-width: 1024px) 100vw, 1024px\" src=\"data:image\/svg+xml;base64,PHN2ZyB3aWR0aD0iMSIgaGVpZ2h0PSIxIiB4bWxucz0iaHR0cDovL3d3dy53My5vcmcvMjAwMC9zdmciPjwvc3ZnPg==\" style=\"--smush-placeholder-width: 1024px; --smush-placeholder-aspect-ratio: 1024\/664;\" \/><\/figure>\n\n\n\n<figure class=\"wp-block-image size-large\"><img decoding=\"async\" width=\"1024\" height=\"481\" data-src=\"https:\/\/gazetaregionalna.com\/wp-content\/uploads\/2024\/03\/Skra-Chojniczanka-38-1024x481.jpg\" alt=\"\" class=\"wp-image-122997 lazyload\" data-srcset=\"https:\/\/gazetaregionalna.com\/wp-content\/uploads\/2024\/03\/Skra-Chojniczanka-38-1024x481.jpg 1024w, https:\/\/gazetaregionalna.com\/wp-content\/uploads\/2024\/03\/Skra-Chojniczanka-38-300x141.jpg 300w, https:\/\/gazetaregionalna.com\/wp-content\/uploads\/2024\/03\/Skra-Chojniczanka-38-768x361.jpg 768w, https:\/\/gazetaregionalna.com\/wp-content\/uploads\/2024\/03\/Skra-Chojniczanka-38-1536x722.jpg 1536w, https:\/\/gazetaregionalna.com\/wp-content\/uploads\/2024\/03\/Skra-Chojniczanka-38-2048x963.jpg 2048w, https:\/\/gazetaregionalna.com\/wp-content\/uploads\/2024\/03\/Skra-Chojniczanka-38-scaled.jpg 1600w\" data-sizes=\"(max-width: 1024px) 100vw, 1024px\" src=\"data:image\/svg+xml;base64,PHN2ZyB3aWR0aD0iMSIgaGVpZ2h0PSIxIiB4bWxucz0iaHR0cDovL3d3dy53My5vcmcvMjAwMC9zdmciPjwvc3ZnPg==\" style=\"--smush-placeholder-width: 1024px; --smush-placeholder-aspect-ratio: 1024\/481;\" \/><\/figure>\n\n\n\n<figure class=\"wp-block-image size-large\"><img decoding=\"async\" width=\"1024\" height=\"589\" data-src=\"https:\/\/gazetaregionalna.com\/wp-content\/uploads\/2024\/03\/Skra-Chojniczanka-39-1024x589.jpg\" alt=\"\" class=\"wp-image-122998 lazyload\" data-srcset=\"https:\/\/gazetaregionalna.com\/wp-content\/uploads\/2024\/03\/Skra-Chojniczanka-39-1024x589.jpg 1024w, https:\/\/gazetaregionalna.com\/wp-content\/uploads\/2024\/03\/Skra-Chojniczanka-39-300x173.jpg 300w, https:\/\/gazetaregionalna.com\/wp-content\/uploads\/2024\/03\/Skra-Chojniczanka-39-768x442.jpg 768w, https:\/\/gazetaregionalna.com\/wp-content\/uploads\/2024\/03\/Skra-Chojniczanka-39-1536x884.jpg 1536w, https:\/\/gazetaregionalna.com\/wp-content\/uploads\/2024\/03\/Skra-Chojniczanka-39-2048x1179.jpg 2048w, https:\/\/gazetaregionalna.com\/wp-content\/uploads\/2024\/03\/Skra-Chojniczanka-39-scaled.jpg 1600w\" data-sizes=\"(max-width: 1024px) 100vw, 1024px\" src=\"data:image\/svg+xml;base64,PHN2ZyB3aWR0aD0iMSIgaGVpZ2h0PSIxIiB4bWxucz0iaHR0cDovL3d3dy53My5vcmcvMjAwMC9zdmciPjwvc3ZnPg==\" style=\"--smush-placeholder-width: 1024px; --smush-placeholder-aspect-ratio: 1024\/589;\" \/><\/figure>\n\n\n\n<figure class=\"wp-block-image size-full is-resized\"><img decoding=\"async\" width=\"300\" height=\"250\" data-src=\"https:\/\/gazetaregionalna.com\/wp-content\/uploads\/2022\/04\/DMK-7.jpg\" alt=\"\" class=\"wp-image-77214 lazyload\" style=\"--smush-placeholder-width: 300px; --smush-placeholder-aspect-ratio: 300\/250;width:840px;height:auto\" src=\"data:image\/svg+xml;base64,PHN2ZyB3aWR0aD0iMSIgaGVpZ2h0PSIxIiB4bWxucz0iaHR0cDovL3d3dy53My5vcmcvMjAwMC9zdmciPjwvc3ZnPg==\"><\/figure>\n\n\n\n<figure class=\"wp-block-image size-large\"><img decoding=\"async\" width=\"1024\" height=\"1024\" data-src=\"https:\/\/gazetaregionalna.com\/wp-content\/uploads\/2024\/02\/Targi-2-1024x1024.png\" alt=\"\" class=\"wp-image-120992 lazyload\" data-srcset=\"https:\/\/gazetaregionalna.com\/wp-content\/uploads\/2024\/02\/Targi-2-1024x1024.png 1024w, https:\/\/gazetaregionalna.com\/wp-content\/uploads\/2024\/02\/Targi-2-300x300.png 300w, https:\/\/gazetaregionalna.com\/wp-content\/uploads\/2024\/02\/Targi-2-150x150.png 150w, https:\/\/gazetaregionalna.com\/wp-content\/uploads\/2024\/02\/Targi-2-768x768.png 768w, https:\/\/gazetaregionalna.com\/wp-content\/uploads\/2024\/02\/Targi-2-696x696.png 696w, https:\/\/gazetaregionalna.com\/wp-content\/uploads\/2024\/02\/Targi-2-1068x1068.png 1068w, https:\/\/gazetaregionalna.com\/wp-content\/uploads\/2024\/02\/Targi-2-420x420.png 420w, https:\/\/gazetaregionalna.com\/wp-content\/uploads\/2024\/02\/Targi-2.png 1080w\" data-sizes=\"(max-width: 1024px) 100vw, 1024px\" src=\"data:image\/svg+xml;base64,PHN2ZyB3aWR0aD0iMSIgaGVpZ2h0PSIxIiB4bWxucz0iaHR0cDovL3d3dy53My5vcmcvMjAwMC9zdmciPjwvc3ZnPg==\" style=\"--smush-placeholder-width: 1024px; --smush-placeholder-aspect-ratio: 1024\/1024;\" \/><\/figure>\n","protected":false},"excerpt":{"rendered":"<p>Pi\u0142karze Skry Cz\u0119stochowa w 2024 roku nie potrafi\u0105 wygra\u0107 u siebie. W pi\u0105tkowy wiecz\u00f3r zremisowali z wy\u017cej notowan\u0105 Chojniczank\u0105 Chojnice 0:0. Pi\u0142karze Skry Cz\u0119stochowa<\/p>\n","protected":false},"author":15,"featured_media":122994,"comment_status":"closed","ping_status":"open","sticky":false,"template":"","format":"standard","meta":{"_monsterinsights_skip_tracking":false,"_monsterinsights_sitenote_active":false,"_monsterinsights_sitenote_note":"","_monsterinsights_sitenote_category":0,"_uf_show_specific_survey":0,"_uf_disable_surveys":false,"footnotes":""},"categories":[94,6,5],"tags":[],"class_list":["post-122992","post","type-post","status-publish","format-standard","has-post-thumbnail","hentry","category-polecane","category-pilka-nozna","category-sport"],"_links":{"self":[{"href":"https:\/\/gazetaregionalna.com\/index.php?rest_route=\/wp\/v2\/posts\/122992","targetHints":{"allow":["GET"]}}],"collection":[{"href":"https:\/\/gazetaregionalna.com\/index.php?rest_route=\/wp\/v2\/posts"}],"about":[{"href":"https:\/\/gazetaregionalna.com\/index.php?rest_route=\/wp\/v2\/types\/post"}],"author":[{"embeddable":true,"href":"https:\/\/gazetaregionalna.com\/index.php?rest_route=\/wp\/v2\/users\/15"}],"replies":[{"embeddable":true,"href":"https:\/\/gazetaregionalna.com\/index.php?rest_route=%2Fwp%2Fv2%2Fcomments&post=122992"}],"version-history":[{"count":1,"href":"https:\/\/gazetaregionalna.com\/index.php?rest_route=\/wp\/v2\/posts\/122992\/revisions"}],"predecessor-version":[{"id":122999,"href":"https:\/\/gazetaregionalna.com\/index.php?rest_route=\/wp\/v2\/posts\/122992\/revisions\/122999"}],"wp:featuredmedia":[{"embeddable":true,"href":"https:\/\/gazetaregionalna.com\/index.php?rest_route=\/wp\/v2\/media\/122994"}],"wp:attachment":[{"href":"https:\/\/gazetaregionalna.com\/index.php?rest_route=%2Fwp%2Fv2%2Fmedia&parent=122992"}],"wp:term":[{"taxonomy":"category","embeddable":true,"href":"https:\/\/gazetaregionalna.com\/index.php?rest_route=%2Fwp%2Fv2%2Fcategories&post=122992"},{"taxonomy":"post_tag","embeddable":true,"href":"https:\/\/gazetaregionalna.com\/index.php?rest_route=%2Fwp%2Fv2%2Ftags&post=122992"}],"curies":[{"name":"wp","href":"https:\/\/api.w.org\/{rel}","templated":true}]}}