{"id":12289,"date":"2020-05-08T16:52:27","date_gmt":"2020-05-08T16:52:27","guid":{"rendered":"https:\/\/gazetaregionalna.com\/?p=12289"},"modified":"2020-05-08T16:52:30","modified_gmt":"2020-05-08T16:52:30","slug":"urodziny-poetki-online","status":"publish","type":"post","link":"https:\/\/gazetaregionalna.com\/?p=12289","title":{"rendered":"Urodziny poetki online"},"content":{"rendered":"\n<p> Muzeum Cz\u0119stochowskie zaprasza jutro na niecodzienne wydarzenie online. Na fanpage&#8217;u Muzeum Cz\u0119stochowskiego na Facebooku odb\u0119dzie si\u0119 spotkanie ze Zbigniewem Myg\u0105, bratem Haliny Po\u015bwiatowskiej.<\/p>\n\n\n\n<p><br> Opowie on o poetce i i wystawie w Domu Poezji \u2014 Muzeum Haliny Po\u015bwiatowskiej. Spotkanie &#8222;Hasiu Hasie\u0144ko \/ mia\u0142a\u015b sukienk\u0119 w kropki\u2026&#8221; przygotowano w 85. rocznic\u0119 urodzin Haliny Po\u015bwiatowskiej.<\/p>\n\n\n\n<p><br> Pocz\u0105tek transmisji godzina 18.<\/p>\n\n\n\n<p><br> Wydarzenie odb\u0119dzie si\u0119 w ramach cyklu &#8222;Czas na miasto, czas na Muzeum\u2026&#8221;.<\/p>\n","protected":false},"excerpt":{"rendered":"<p>Muzeum Cz\u0119stochowskie zaprasza jutro na niecodzienne wydarzenie online. Na fanpage&#8217;u Muzeum Cz\u0119stochowskiego na Facebooku odb\u0119dzie si\u0119 spotkanie ze Zbigniewem Myg\u0105, bratem Haliny Po\u015bwiatowskiej. Opowie<\/p>\n","protected":false},"author":7,"featured_media":12290,"comment_status":"open","ping_status":"open","sticky":false,"template":"","format":"standard","meta":{"_monsterinsights_skip_tracking":false,"_monsterinsights_sitenote_active":false,"_monsterinsights_sitenote_note":"","_monsterinsights_sitenote_category":0,"_uf_show_specific_survey":0,"_uf_disable_surveys":false,"footnotes":""},"categories":[94,3,12,2,13],"tags":[],"class_list":["post-12289","post","type-post","status-publish","format-standard","has-post-thumbnail","hentry","category-polecane","category-czestochowa-informacje","category-kultura-i-rozrywka","category-wiadomosci","category-wydarzenia"],"_links":{"self":[{"href":"https:\/\/gazetaregionalna.com\/index.php?rest_route=\/wp\/v2\/posts\/12289","targetHints":{"allow":["GET"]}}],"collection":[{"href":"https:\/\/gazetaregionalna.com\/index.php?rest_route=\/wp\/v2\/posts"}],"about":[{"href":"https:\/\/gazetaregionalna.com\/index.php?rest_route=\/wp\/v2\/types\/post"}],"author":[{"embeddable":true,"href":"https:\/\/gazetaregionalna.com\/index.php?rest_route=\/wp\/v2\/users\/7"}],"replies":[{"embeddable":true,"href":"https:\/\/gazetaregionalna.com\/index.php?rest_route=%2Fwp%2Fv2%2Fcomments&post=12289"}],"version-history":[{"count":1,"href":"https:\/\/gazetaregionalna.com\/index.php?rest_route=\/wp\/v2\/posts\/12289\/revisions"}],"predecessor-version":[{"id":12291,"href":"https:\/\/gazetaregionalna.com\/index.php?rest_route=\/wp\/v2\/posts\/12289\/revisions\/12291"}],"wp:featuredmedia":[{"embeddable":true,"href":"https:\/\/gazetaregionalna.com\/index.php?rest_route=\/wp\/v2\/media\/12290"}],"wp:attachment":[{"href":"https:\/\/gazetaregionalna.com\/index.php?rest_route=%2Fwp%2Fv2%2Fmedia&parent=12289"}],"wp:term":[{"taxonomy":"category","embeddable":true,"href":"https:\/\/gazetaregionalna.com\/index.php?rest_route=%2Fwp%2Fv2%2Fcategories&post=12289"},{"taxonomy":"post_tag","embeddable":true,"href":"https:\/\/gazetaregionalna.com\/index.php?rest_route=%2Fwp%2Fv2%2Ftags&post=12289"}],"curies":[{"name":"wp","href":"https:\/\/api.w.org\/{rel}","templated":true}]}}