{"id":12286,"date":"2020-05-08T15:47:49","date_gmt":"2020-05-08T15:47:49","guid":{"rendered":"https:\/\/gazetaregionalna.com\/?p=12286"},"modified":"2020-05-08T15:53:21","modified_gmt":"2020-05-08T15:53:21","slug":"20-osob-zmarlo-187-zostalo-zakazonych-znowu-najwiecej-chorych-przybylo-w-wojewodztwie-slaskim","status":"publish","type":"post","link":"https:\/\/gazetaregionalna.com\/?p=12286","title":{"rendered":"20 os\u00f3b zmar\u0142o, 187 zosta\u0142o zaka\u017conych. Znowu najwi\u0119cej chorych przyby\u0142o w wojew\u00f3dztwie \u015bl\u0105skim"},"content":{"rendered":"\n<p>Mamy 187 nowych i potwierdzonych przypadk\u00f3w zaka\u017cenia koronawirusem z wojew\u00f3dztw: \u015bl\u0105skiego (108), dolno\u015bl\u0105skiego (23), mazowieckiego (22), \u0142\u00f3dzkiego (14), opolskiego (7), ma\u0142opolskiego (5), wielkopolskiego (5), podlaskiego (2), \u015bwi\u0119tokrzyskiego (1). Jak poda\u0142o w drugim dzisiejszym komunikacie Ministerstwo Zdrowia, zmar\u0142o 20 kolejnych pacjent\u00f3w.<\/p>\n\n\n\n<p>W\u015br\u00f3d zaka\u017conych w wojew\u00f3dztwie \u015bl\u0105skim znale\u017ali si\u0119: starszy mieszkaniec Myszkowa oraz  3 mieszka\u0144c\u00f3w powiatu myszkowskiego (nastolatka, m\u0142ody m\u0119\u017cczyzna i kobieta w \u015brednim wieku.<\/p>\n\n\n\n<p><br> Liczba zaka\u017conych koronawirusem wynosi obecnie 15 366. Do dzisiaj zmar\u0142o 776 chorych.<\/p>\n","protected":false},"excerpt":{"rendered":"<p>Mamy 187 nowych i potwierdzonych przypadk\u00f3w zaka\u017cenia koronawirusem z wojew\u00f3dztw: \u015bl\u0105skiego (108), dolno\u015bl\u0105skiego (23), mazowieckiego (22), \u0142\u00f3dzkiego (14), opolskiego (7), ma\u0142opolskiego (5), wielkopolskiego (5),<\/p>\n","protected":false},"author":7,"featured_media":11592,"comment_status":"open","ping_status":"open","sticky":false,"template":"","format":"standard","meta":{"_monsterinsights_skip_tracking":false,"_monsterinsights_sitenote_active":false,"_monsterinsights_sitenote_note":"","_monsterinsights_sitenote_category":0,"_uf_show_specific_survey":0,"_uf_disable_surveys":false,"footnotes":""},"categories":[94,2],"tags":[],"class_list":["post-12286","post","type-post","status-publish","format-standard","has-post-thumbnail","hentry","category-polecane","category-wiadomosci"],"_links":{"self":[{"href":"https:\/\/gazetaregionalna.com\/index.php?rest_route=\/wp\/v2\/posts\/12286","targetHints":{"allow":["GET"]}}],"collection":[{"href":"https:\/\/gazetaregionalna.com\/index.php?rest_route=\/wp\/v2\/posts"}],"about":[{"href":"https:\/\/gazetaregionalna.com\/index.php?rest_route=\/wp\/v2\/types\/post"}],"author":[{"embeddable":true,"href":"https:\/\/gazetaregionalna.com\/index.php?rest_route=\/wp\/v2\/users\/7"}],"replies":[{"embeddable":true,"href":"https:\/\/gazetaregionalna.com\/index.php?rest_route=%2Fwp%2Fv2%2Fcomments&post=12286"}],"version-history":[{"count":2,"href":"https:\/\/gazetaregionalna.com\/index.php?rest_route=\/wp\/v2\/posts\/12286\/revisions"}],"predecessor-version":[{"id":12288,"href":"https:\/\/gazetaregionalna.com\/index.php?rest_route=\/wp\/v2\/posts\/12286\/revisions\/12288"}],"wp:featuredmedia":[{"embeddable":true,"href":"https:\/\/gazetaregionalna.com\/index.php?rest_route=\/wp\/v2\/media\/11592"}],"wp:attachment":[{"href":"https:\/\/gazetaregionalna.com\/index.php?rest_route=%2Fwp%2Fv2%2Fmedia&parent=12286"}],"wp:term":[{"taxonomy":"category","embeddable":true,"href":"https:\/\/gazetaregionalna.com\/index.php?rest_route=%2Fwp%2Fv2%2Fcategories&post=12286"},{"taxonomy":"post_tag","embeddable":true,"href":"https:\/\/gazetaregionalna.com\/index.php?rest_route=%2Fwp%2Fv2%2Ftags&post=12286"}],"curies":[{"name":"wp","href":"https:\/\/api.w.org\/{rel}","templated":true}]}}