{"id":12279,"date":"2020-05-08T11:57:26","date_gmt":"2020-05-08T11:57:26","guid":{"rendered":"https:\/\/gazetaregionalna.com\/?p=12279"},"modified":"2020-05-08T11:57:28","modified_gmt":"2020-05-08T11:57:28","slug":"moze-weekend-na-jurze","status":"publish","type":"post","link":"https:\/\/gazetaregionalna.com\/?p=12279","title":{"rendered":"Mo\u017ce weekend na Jurze?"},"content":{"rendered":"\n<p> Kolejne obiekty turystyczne na Jurze Krakowsko- Cz\u0119stochowskiej po przerwie otwierane s\u0105 dla turyst\u00f3w. O &#8222;odmra\u017caniu&#8221; Muzeum Rzemios\u0142 Dawnych w Starym M\u0142ynie w \u017barkach ju\u017c informowali\u015bmy. Dzisiaj donosimy, \u017ce w najbli\u017cszy weekend otwarte b\u0119d\u0105 kolejne interesuj\u0105ce miejsca.<\/p>\n\n\n\n<figure class=\"wp-block-image size-large\"><img decoding=\"async\" width=\"1024\" height=\"768\" data-src=\"https:\/\/gazetaregionalna.com\/wp-content\/uploads\/2020\/05\/pieskowa-skaa-castle-972811_1920-1024x768.jpg\" alt=\"\" class=\"wp-image-12283 lazyload\" data-srcset=\"https:\/\/gazetaregionalna.com\/wp-content\/uploads\/2020\/05\/pieskowa-skaa-castle-972811_1920-1024x768.jpg 1024w, https:\/\/gazetaregionalna.com\/wp-content\/uploads\/2020\/05\/pieskowa-skaa-castle-972811_1920-300x225.jpg 300w, https:\/\/gazetaregionalna.com\/wp-content\/uploads\/2020\/05\/pieskowa-skaa-castle-972811_1920-768x576.jpg 768w, https:\/\/gazetaregionalna.com\/wp-content\/uploads\/2020\/05\/pieskowa-skaa-castle-972811_1920-1536x1152.jpg 1536w, https:\/\/gazetaregionalna.com\/wp-content\/uploads\/2020\/05\/pieskowa-skaa-castle-972811_1920-80x60.jpg 80w, https:\/\/gazetaregionalna.com\/wp-content\/uploads\/2020\/05\/pieskowa-skaa-castle-972811_1920-265x198.jpg 265w, https:\/\/gazetaregionalna.com\/wp-content\/uploads\/2020\/05\/pieskowa-skaa-castle-972811_1920-696x522.jpg 696w, https:\/\/gazetaregionalna.com\/wp-content\/uploads\/2020\/05\/pieskowa-skaa-castle-972811_1920-1068x801.jpg 1068w, https:\/\/gazetaregionalna.com\/wp-content\/uploads\/2020\/05\/pieskowa-skaa-castle-972811_1920-560x420.jpg 560w, https:\/\/gazetaregionalna.com\/wp-content\/uploads\/2020\/05\/pieskowa-skaa-castle-972811_1920.jpg 1200w\" data-sizes=\"(max-width: 1024px) 100vw, 1024px\" src=\"data:image\/svg+xml;base64,PHN2ZyB3aWR0aD0iMSIgaGVpZ2h0PSIxIiB4bWxucz0iaHR0cDovL3d3dy53My5vcmcvMjAwMC9zdmciPjwvc3ZnPg==\" style=\"--smush-placeholder-width: 1024px; --smush-placeholder-aspect-ratio: 1024\/768;\" \/><\/figure>\n\n\n\n<p><br> Wsz\u0119dzie oczywi\u015bcie zwiedzanie odbywa si\u0119 z zachowaniem wymog\u00f3w sanitarnych. Przed wyjazdem warto tak\u017ce zerkn\u0105\u0107 na strony internetowe zabytk\u00f3w, kt\u00f3re chcemy zwiedzi\u0107, aby upewni\u0107 si\u0119, co do godzin ich otwarcia.<\/p>\n\n\n\n<figure class=\"wp-block-image size-large\"><img decoding=\"async\" width=\"1024\" height=\"576\" data-src=\"https:\/\/gazetaregionalna.com\/wp-content\/uploads\/2020\/05\/castle-382834_1920-1024x576.jpg\" alt=\"\" class=\"wp-image-12282 lazyload\" data-srcset=\"https:\/\/gazetaregionalna.com\/wp-content\/uploads\/2020\/05\/castle-382834_1920-1024x576.jpg 1024w, https:\/\/gazetaregionalna.com\/wp-content\/uploads\/2020\/05\/castle-382834_1920-300x169.jpg 300w, https:\/\/gazetaregionalna.com\/wp-content\/uploads\/2020\/05\/castle-382834_1920-768x432.jpg 768w, https:\/\/gazetaregionalna.com\/wp-content\/uploads\/2020\/05\/castle-382834_1920-1536x864.jpg 1536w, https:\/\/gazetaregionalna.com\/wp-content\/uploads\/2020\/05\/castle-382834_1920-696x392.jpg 696w, https:\/\/gazetaregionalna.com\/wp-content\/uploads\/2020\/05\/castle-382834_1920-1068x601.jpg 1068w, https:\/\/gazetaregionalna.com\/wp-content\/uploads\/2020\/05\/castle-382834_1920-747x420.jpg 747w, https:\/\/gazetaregionalna.com\/wp-content\/uploads\/2020\/05\/castle-382834_1920.jpg 1200w\" data-sizes=\"(max-width: 1024px) 100vw, 1024px\" src=\"data:image\/svg+xml;base64,PHN2ZyB3aWR0aD0iMSIgaGVpZ2h0PSIxIiB4bWxucz0iaHR0cDovL3d3dy53My5vcmcvMjAwMC9zdmciPjwvc3ZnPg==\" style=\"--smush-placeholder-width: 1024px; --smush-placeholder-aspect-ratio: 1024\/576;\" \/><\/figure>\n\n\n\n<p><br> Oto wykaz miejsc w p\u00f3\u0142nocnej cz\u0119\u015bci Jury, kt\u00f3re mo\u017cna odwiedzi\u0107:<\/p>\n\n\n\n<ol class=\"wp-block-list\"><li>Zamek Ogrodzieniec w Podzamczu: czynny od 8 maja codziennie w godzinach 10-19.<br> Strona zamku:<a href=\"https:\/\/www.zamek-ogrodzieniec.pl\/\" class=\"rank-math-link\" target=\"_blank\" rel=\"noopener\"> www.zamek-ogrodzieniec.pl<\/a><\/li><li>Jaskinia G\u0142\u0119boka: czynna od 9 maja w godzinach: 9-17, tel. 730702056<\/li><li>Gr\u00f3d na G\u00f3rze Bir\u00f3w: czynny od 9 maja codziennie w godzinach 10-18. Wi\u0119cej informacji pod adresem:<br> <a href=\"https:\/\/www.zamek-ogrodzieniec.pl\/\" class=\"rank-math-link\" target=\"_blank\" rel=\"noopener\">www.zamek-ogrodzieniec.pl.<\/a><\/li><li>Zamek Pilcza w Smoleniu: czynny w godzinach: pn-pt 10:30-17:00. Sob-ndz 9-18.<br> Tel. 530702056. Szczeg\u00f3\u0142y tak\u017ce na:<br> www.facebook.com\/zamekpilczaSmolen\/.<br> W Ma\u0142opolsce czynne dla zwiedzaj\u0105cych s\u0105 nast\u0119puj\u0105ce jurajskie obiekty:<\/li><li>Zamek Pieskowa Ska\u0142a: otwiera dziedzi\u0144ce i ogr\u00f3d w\u0142oski<br> poniedzia\u0142ek \u2013 dzie\u0144 bezp\u0142atny, czynny dziedziniec zewn\u0119trzny i arkadowy 9 \u201317, wtorek \u2013 pi\u0105tek, czynny dziedziniec zewn\u0119trzny i arkadowy + ogr\u00f3d w\u0142oski 9\u201317, kasa czynna 9.00\u201316.30;<br> sobota-niedziela i \u015bwi\u0119ta pracuj\u0105ce \u2014 czynny dziedziniec zewn\u0119trzny i arkadowy + ogr\u00f3d w\u0142oski 10.00\u201318.00, kasa czynna 10.00 \u2013 17.30.<br> Ogr\u00f3d w\u0142oski dost\u0119pny dla zwiedzaj\u0105cych wy\u0142\u0105cznie przy sprzyjaj\u0105cej pogodzie.<br> Wn\u0119trza muzeum pozostaj\u0105 nadal zamkni\u0119te. Szczeg\u00f3\u0142y na stronie:<br> <a href=\"http:\/\/pieskowaskala.eu\/\" target=\"_blank\" rel=\"noopener\">http:\/\/pieskowaskala.eu\/<\/a> <\/li><li>Jaskinia Wierzchowska G\u00f3rna: czynna 9 i 10 maja w godzinach 10-15 (wej\u015bcia co godzin\u0119), szczeg\u00f3\u0142y dost\u0119pno\u015bci jaskini po 10 maja zamieszczone zostan\u0105 na stronie obiektu:  <a href=\"http:\/\/www.jaskiniawierzchowska.pl\/\" target=\"_blank\" rel=\"noopener\">http:\/\/www.jaskiniawierzchowska.pl\/<\/a> .<\/li><li>Jaskinia Nietoperzowa: czynne ju\u017c od 4 maja od godz. 9. Informacje o godzinach wej\u015b\u0107 udzielane s\u0105 telefonicznie: 605 467 892. Szczeg\u00f3\u0142y tak\u017ce na stronie:<br>  <a href=\"https:\/\/jaskinianietoperzowa.wordpress.com\/\" target=\"_blank\" rel=\"noopener\">https:\/\/jaskinianietoperzowa.wordpress.com\/<\/a> <\/li><li>Zamek Tenczyn: czynny od 9 maja w soboty, niedziele i \u015bwi\u0119ta w godz. 10-18. Wi\u0119cej na stronie:<br> www.facebook.com\/ZamekTenczyn.<br> (\u0179r\u00f3d\u0142o: orlegniazda.pl, fot. pixabay)<\/li><\/ol>\n","protected":false},"excerpt":{"rendered":"<p>Kolejne obiekty turystyczne na Jurze Krakowsko- Cz\u0119stochowskiej po przerwie otwierane s\u0105 dla turyst\u00f3w. O &#8222;odmra\u017caniu&#8221; Muzeum Rzemios\u0142 Dawnych w Starym M\u0142ynie w \u017barkach ju\u017c<\/p>\n","protected":false},"author":7,"featured_media":12284,"comment_status":"open","ping_status":"open","sticky":false,"template":"","format":"standard","meta":{"_monsterinsights_skip_tracking":false,"_monsterinsights_sitenote_active":false,"_monsterinsights_sitenote_note":"","_monsterinsights_sitenote_category":0,"_uf_show_specific_survey":0,"_uf_disable_surveys":false,"footnotes":""},"categories":[94,4,2,30],"tags":[],"class_list":["post-12279","post","type-post","status-publish","format-standard","has-post-thumbnail","hentry","category-polecane","category-region","category-wiadomosci","category-wypoczynek"],"_links":{"self":[{"href":"https:\/\/gazetaregionalna.com\/index.php?rest_route=\/wp\/v2\/posts\/12279","targetHints":{"allow":["GET"]}}],"collection":[{"href":"https:\/\/gazetaregionalna.com\/index.php?rest_route=\/wp\/v2\/posts"}],"about":[{"href":"https:\/\/gazetaregionalna.com\/index.php?rest_route=\/wp\/v2\/types\/post"}],"author":[{"embeddable":true,"href":"https:\/\/gazetaregionalna.com\/index.php?rest_route=\/wp\/v2\/users\/7"}],"replies":[{"embeddable":true,"href":"https:\/\/gazetaregionalna.com\/index.php?rest_route=%2Fwp%2Fv2%2Fcomments&post=12279"}],"version-history":[{"count":3,"href":"https:\/\/gazetaregionalna.com\/index.php?rest_route=\/wp\/v2\/posts\/12279\/revisions"}],"predecessor-version":[{"id":12285,"href":"https:\/\/gazetaregionalna.com\/index.php?rest_route=\/wp\/v2\/posts\/12279\/revisions\/12285"}],"wp:featuredmedia":[{"embeddable":true,"href":"https:\/\/gazetaregionalna.com\/index.php?rest_route=\/wp\/v2\/media\/12284"}],"wp:attachment":[{"href":"https:\/\/gazetaregionalna.com\/index.php?rest_route=%2Fwp%2Fv2%2Fmedia&parent=12279"}],"wp:term":[{"taxonomy":"category","embeddable":true,"href":"https:\/\/gazetaregionalna.com\/index.php?rest_route=%2Fwp%2Fv2%2Fcategories&post=12279"},{"taxonomy":"post_tag","embeddable":true,"href":"https:\/\/gazetaregionalna.com\/index.php?rest_route=%2Fwp%2Fv2%2Ftags&post=12279"}],"curies":[{"name":"wp","href":"https:\/\/api.w.org\/{rel}","templated":true}]}}