{"id":122633,"date":"2024-03-14T18:11:16","date_gmt":"2024-03-14T18:11:16","guid":{"rendered":"https:\/\/gazetaregionalna.com\/?p=122633"},"modified":"2024-03-14T18:11:18","modified_gmt":"2024-03-14T18:11:18","slug":"rakow-jest-juz-3-w-tabeli-pko-bp-ekstraklasy-nikt-tez-nie-ma-juz-zaleglosci-walka-o-mistrza-wchodzi-w-decydujaca-faze","status":"publish","type":"post","link":"https:\/\/gazetaregionalna.com\/?p=122633","title":{"rendered":"Rak\u00f3w jest ju\u017c 3. w tabeli PKO BP Ekstraklasy. Nikt te\u017c nie ma ju\u017c zaleg\u0142o\u015bci\u2026 Walka o mistrza wchodzi w decyduj\u0105c\u0105 faz\u0119&#8230;"},"content":{"rendered":"\n<p>W tabeli PKO BP Ekstraklasy nikt ju\u017c nie ma zaleg\u0142o\u015bci i wszyscy rozegrali po 24 mecze. Rak\u00f3w Cz\u0119stochowa po \u015brodowej wygranej w Kielcach awansowa\u0142 na 3. miejsce i ma ju\u017c tylko 2 punkty straty do prowadz\u0105cej Jagiellonii Bia\u0142ystok i wicelidera \u015al\u0105ska Wroc\u0142aw.<\/p>\n\n\n\n<p>W \u015brod\u0119 cz\u0119stochowianie odrabiali zaleg\u0142o\u015bci w PKO BP Ekstraklasy, a dok\u0142adnie z 2. kolejki. Rak\u00f3w wygra\u0142 w Kielcach z Koron\u0105 i m\u00f3g\u0142 cieszy\u0107 si\u0119 z 12 zwyci\u0119stwa w sezonie. Czerwono-niebiescy dzi\u0119ki 3 punktom awansowali na 3. miejsce w tabeli. Do 1. Jagiellonii Bia\u0142ystok i 2. \u015al\u0105ska Wroc\u0142aw pi\u0142karze trenera Dawida Szwargi trac\u0105 ju\u017c tylko 2 punkty i ca\u0142y czas s\u0105 w grze o mistrzostwo Polski.<\/p>\n\n\n\n<p>Do zako\u0144czenia sezonu pozosta\u0142o ju\u017c tylko 10 kolejek spotka\u0144. Czerwono-niebiescy musz\u0105 do ka\u017cdego meczu podej\u015b\u0107 maksymalnie zmobilizowani&#8230;<\/p>\n\n\n\n<p>Rak\u00f3w dwa najbli\u017csze mecze rozegra z dwoma najs\u0142abszymi zespo\u0142ami z tabeli PKO BP Ekstraklasy. W niedziel\u0119 zmierzy si\u0119 w \u0141odzi z ostatnim w tabeli \u0141KS-em, a w Wielk\u0105 Sobot\u0119 podejmowa\u0107 b\u0119dzie przy Limanowskiego 83 przedostatni Ruch Chorz\u00f3w. W ostatniej kolejce \u0141KS niespodziewanie wygra\u0142 w Grodzisku Wielkopolskim z Wart\u0105 Pozna\u0144.<\/p>\n\n\n\n<p>Czerwono-niebiescy nie mog\u0105 patrze\u0107 na to, \u017ce \u0141KS jest na samym dole tabeli. Z \u0142odzianami pi\u0142karzom Rakowa w obecnym sezonie gra si\u0119 do\u015b\u0107 trudno. W pierwszej cz\u0119\u015bci rozgrywek Rak\u00f3w pokona\u0142 przy Limanowskiego \u0141KS Skromnie 1:0.<\/p>\n\n\n\n<p>R\u00f3wnie\u017c w Pucharze Polski nie by\u0142o \u0142atwo. W meczu rozgrywanym na stadionie \u0141KS-u po 90 minutach by\u0142 remis 0:0. Dopiero w dogrywce cz\u0119stochowianie strzelili dwie bramki i wygrali 2:0.<\/p>\n\n\n\n<p>Kibice Rakowa, kt\u00f3rzy t\u0142umnie wybieraj\u0105 si\u0119 do Lodzi, licz\u0105, \u017ce Rak\u00f3w tak jak ostatnio w Kielcach od samego pocz\u0105tku narzuci sw\u00f3j szybki styl gry i tym razem b\u0119dzie to naj\u0142atwiejszy mecz z \u0141KS-em w tym sezonie&#8230;<\/p>\n\n\n\n<p>MR-K, fot: AK<\/p>\n\n\n\n<p>Partnerami relacji sportowych s\u0105:<\/p>\n\n\n\n<p>DMK Invest materia\u0142y budowlane Konopiska (<a href=\"http:\/\/www.dmkinvest.pl\/\" target=\"_blank\" rel=\"noreferrer noopener\">www.dmkinvest.pl<\/a>)<\/p>\n\n\n\n<p>Targi budowlane wyposa\u017cenia wn\u0119trz i nieruchomo\u015bci<\/p>\n\n\n\n<figure class=\"wp-block-image size-large\"><img decoding=\"async\" width=\"1024\" height=\"676\" data-src=\"https:\/\/gazetaregionalna.com\/wp-content\/uploads\/2024\/03\/Korona-Rakow-3-1024x676.jpg\" alt=\"\" class=\"wp-image-122519 lazyload\" data-srcset=\"https:\/\/gazetaregionalna.com\/wp-content\/uploads\/2024\/03\/Korona-Rakow-3-1024x676.jpg 1024w, https:\/\/gazetaregionalna.com\/wp-content\/uploads\/2024\/03\/Korona-Rakow-3-300x198.jpg 300w, https:\/\/gazetaregionalna.com\/wp-content\/uploads\/2024\/03\/Korona-Rakow-3-768x507.jpg 768w, https:\/\/gazetaregionalna.com\/wp-content\/uploads\/2024\/03\/Korona-Rakow-3-1536x1013.jpg 1536w, https:\/\/gazetaregionalna.com\/wp-content\/uploads\/2024\/03\/Korona-Rakow-3-2048x1351.jpg 2048w, https:\/\/gazetaregionalna.com\/wp-content\/uploads\/2024\/03\/Korona-Rakow-3-scaled.jpg 1600w\" data-sizes=\"(max-width: 1024px) 100vw, 1024px\" src=\"data:image\/svg+xml;base64,PHN2ZyB3aWR0aD0iMSIgaGVpZ2h0PSIxIiB4bWxucz0iaHR0cDovL3d3dy53My5vcmcvMjAwMC9zdmciPjwvc3ZnPg==\" style=\"--smush-placeholder-width: 1024px; --smush-placeholder-aspect-ratio: 1024\/676;\" \/><\/figure>\n\n\n\n<figure class=\"wp-block-image size-large\"><img decoding=\"async\" width=\"1024\" height=\"1024\" data-src=\"https:\/\/gazetaregionalna.com\/wp-content\/uploads\/2024\/02\/Targi-2-1024x1024.png\" alt=\"\" class=\"wp-image-120992 lazyload\" data-srcset=\"https:\/\/gazetaregionalna.com\/wp-content\/uploads\/2024\/02\/Targi-2-1024x1024.png 1024w, https:\/\/gazetaregionalna.com\/wp-content\/uploads\/2024\/02\/Targi-2-300x300.png 300w, https:\/\/gazetaregionalna.com\/wp-content\/uploads\/2024\/02\/Targi-2-150x150.png 150w, https:\/\/gazetaregionalna.com\/wp-content\/uploads\/2024\/02\/Targi-2-768x768.png 768w, https:\/\/gazetaregionalna.com\/wp-content\/uploads\/2024\/02\/Targi-2-696x696.png 696w, https:\/\/gazetaregionalna.com\/wp-content\/uploads\/2024\/02\/Targi-2-1068x1068.png 1068w, https:\/\/gazetaregionalna.com\/wp-content\/uploads\/2024\/02\/Targi-2-420x420.png 420w, https:\/\/gazetaregionalna.com\/wp-content\/uploads\/2024\/02\/Targi-2.png 1080w\" data-sizes=\"(max-width: 1024px) 100vw, 1024px\" src=\"data:image\/svg+xml;base64,PHN2ZyB3aWR0aD0iMSIgaGVpZ2h0PSIxIiB4bWxucz0iaHR0cDovL3d3dy53My5vcmcvMjAwMC9zdmciPjwvc3ZnPg==\" style=\"--smush-placeholder-width: 1024px; --smush-placeholder-aspect-ratio: 1024\/1024;\" \/><\/figure>\n\n\n\n<figure class=\"wp-block-image size-full\"><img decoding=\"async\" width=\"300\" height=\"250\" data-src=\"https:\/\/gazetaregionalna.com\/wp-content\/uploads\/2022\/04\/DMK-3.jpg\" alt=\"\" class=\"wp-image-77211 lazyload\" src=\"data:image\/svg+xml;base64,PHN2ZyB3aWR0aD0iMSIgaGVpZ2h0PSIxIiB4bWxucz0iaHR0cDovL3d3dy53My5vcmcvMjAwMC9zdmciPjwvc3ZnPg==\" style=\"--smush-placeholder-width: 300px; --smush-placeholder-aspect-ratio: 300\/250;\"><\/figure>\n","protected":false},"excerpt":{"rendered":"<p>W tabeli PKO BP Ekstraklasy nikt ju\u017c nie ma zaleg\u0142o\u015bci i wszyscy rozegrali po 24 mecze. Rak\u00f3w Cz\u0119stochowa po \u015brodowej wygranej w Kielcach awansowa\u0142<\/p>\n","protected":false},"author":15,"featured_media":122519,"comment_status":"closed","ping_status":"open","sticky":false,"template":"","format":"standard","meta":{"_monsterinsights_skip_tracking":false,"_monsterinsights_sitenote_active":false,"_monsterinsights_sitenote_note":"","_monsterinsights_sitenote_category":0,"_uf_show_specific_survey":0,"_uf_disable_surveys":false,"footnotes":""},"categories":[94,6,5],"tags":[],"class_list":["post-122633","post","type-post","status-publish","format-standard","has-post-thumbnail","hentry","category-polecane","category-pilka-nozna","category-sport"],"_links":{"self":[{"href":"https:\/\/gazetaregionalna.com\/index.php?rest_route=\/wp\/v2\/posts\/122633","targetHints":{"allow":["GET"]}}],"collection":[{"href":"https:\/\/gazetaregionalna.com\/index.php?rest_route=\/wp\/v2\/posts"}],"about":[{"href":"https:\/\/gazetaregionalna.com\/index.php?rest_route=\/wp\/v2\/types\/post"}],"author":[{"embeddable":true,"href":"https:\/\/gazetaregionalna.com\/index.php?rest_route=\/wp\/v2\/users\/15"}],"replies":[{"embeddable":true,"href":"https:\/\/gazetaregionalna.com\/index.php?rest_route=%2Fwp%2Fv2%2Fcomments&post=122633"}],"version-history":[{"count":1,"href":"https:\/\/gazetaregionalna.com\/index.php?rest_route=\/wp\/v2\/posts\/122633\/revisions"}],"predecessor-version":[{"id":122634,"href":"https:\/\/gazetaregionalna.com\/index.php?rest_route=\/wp\/v2\/posts\/122633\/revisions\/122634"}],"wp:featuredmedia":[{"embeddable":true,"href":"https:\/\/gazetaregionalna.com\/index.php?rest_route=\/wp\/v2\/media\/122519"}],"wp:attachment":[{"href":"https:\/\/gazetaregionalna.com\/index.php?rest_route=%2Fwp%2Fv2%2Fmedia&parent=122633"}],"wp:term":[{"taxonomy":"category","embeddable":true,"href":"https:\/\/gazetaregionalna.com\/index.php?rest_route=%2Fwp%2Fv2%2Fcategories&post=122633"},{"taxonomy":"post_tag","embeddable":true,"href":"https:\/\/gazetaregionalna.com\/index.php?rest_route=%2Fwp%2Fv2%2Ftags&post=122633"}],"curies":[{"name":"wp","href":"https:\/\/api.w.org\/{rel}","templated":true}]}}