{"id":12249,"date":"2020-05-07T10:48:15","date_gmt":"2020-05-07T10:48:15","guid":{"rendered":"https:\/\/gazetaregionalna.com\/?p=12249"},"modified":"2020-05-07T10:59:17","modified_gmt":"2020-05-07T10:59:17","slug":"samorzadowcy-wspolnie-odwoluja-wszystkie-imprezy-w-swoich-gminach","status":"publish","type":"post","link":"https:\/\/gazetaregionalna.com\/?p=12249","title":{"rendered":"Samorz\u0105dowcy wsp\u00f3lnie odwo\u0142uj\u0105 wszystkie imprezy w swoich gminach"},"content":{"rendered":"\n<p> W\u0142odarze gmin wchodz\u0105cych w sk\u0142ad powiatu lublinieckiego, a tak\u017ce burmistrz Lubli\u0144ca oraz starosta lubliniecki wydali wsp\u00f3lne o\u015bwiadczenie dotycz\u0105ce zaplanowanych na swoim terenie do 30 wrze\u015bnia imprez kulturalnych, rozrywkowych i sportowych. W li\u015bcie otwartym do mieszka\u0144c\u00f3w regionu samorz\u0105dowcy zapowiedzieli zgodnie odwo\u0142anie tych wydarze\u0144. Decyzj\u0119 swoj\u0105 t\u0142umacz\u0105 sytuacj\u0105 epidemiczn\u0105 w kraju, w szczeg\u00f3lno\u015bci du\u017c\u0105 liczb\u0105 zachorowa\u0144 w wojew\u00f3dztwie \u015bl\u0105skim, w tym r\u00f3wnie\u017c w powiecie lublinieckim .<\/p>\n\n\n\n<p> \u2014  <em>W Polsce epidemia przebiega inaczej ni\u017c we W\u0142oszech czy Wielkiej Brytanii <\/em>\u2014 argumentuj\u0105 samorz\u0105dowcy.   \u2014  <em> Wielu ekspert\u00f3w twierdzi, \u017ce w naszym kraju mo\u017cemy nie mie\u0107 szczytu zachorowa\u0144, a ich sta\u0142y, wysoki wzrost. W odpowiedzi na te prognozy musimy dzia\u0142a\u0107 bardzo ostro\u017cnie, ograniczaj\u0105c maksymalnie ryzyko rozprzestrzeniania si\u0119 wirusa.<\/em><\/p>\n\n\n\n<p><br> Notariusze listu zaapelowali do mieszka\u0144c\u00f3w o zrozumienie oraz uszanowanie tej decyzji.<\/p>\n\n\n\n<p>(Fot. pixabay)<\/p>\n","protected":false},"excerpt":{"rendered":"<p>W\u0142odarze gmin wchodz\u0105cych w sk\u0142ad powiatu lublinieckiego, a tak\u017ce burmistrz Lubli\u0144ca oraz starosta lubliniecki wydali wsp\u00f3lne o\u015bwiadczenie dotycz\u0105ce zaplanowanych na swoim terenie do 30<\/p>\n","protected":false},"author":7,"featured_media":12253,"comment_status":"open","ping_status":"open","sticky":false,"template":"","format":"standard","meta":{"_monsterinsights_skip_tracking":false,"_monsterinsights_sitenote_active":false,"_monsterinsights_sitenote_note":"","_monsterinsights_sitenote_category":0,"_uf_show_specific_survey":0,"_uf_disable_surveys":false,"footnotes":""},"categories":[12,25,94,2],"tags":[],"class_list":["post-12249","post","type-post","status-publish","format-standard","has-post-thumbnail","hentry","category-kultura-i-rozrywka","category-lubliniec","category-polecane","category-wiadomosci"],"_links":{"self":[{"href":"https:\/\/gazetaregionalna.com\/index.php?rest_route=\/wp\/v2\/posts\/12249","targetHints":{"allow":["GET"]}}],"collection":[{"href":"https:\/\/gazetaregionalna.com\/index.php?rest_route=\/wp\/v2\/posts"}],"about":[{"href":"https:\/\/gazetaregionalna.com\/index.php?rest_route=\/wp\/v2\/types\/post"}],"author":[{"embeddable":true,"href":"https:\/\/gazetaregionalna.com\/index.php?rest_route=\/wp\/v2\/users\/7"}],"replies":[{"embeddable":true,"href":"https:\/\/gazetaregionalna.com\/index.php?rest_route=%2Fwp%2Fv2%2Fcomments&post=12249"}],"version-history":[{"count":2,"href":"https:\/\/gazetaregionalna.com\/index.php?rest_route=\/wp\/v2\/posts\/12249\/revisions"}],"predecessor-version":[{"id":12252,"href":"https:\/\/gazetaregionalna.com\/index.php?rest_route=\/wp\/v2\/posts\/12249\/revisions\/12252"}],"wp:featuredmedia":[{"embeddable":true,"href":"https:\/\/gazetaregionalna.com\/index.php?rest_route=\/wp\/v2\/media\/12253"}],"wp:attachment":[{"href":"https:\/\/gazetaregionalna.com\/index.php?rest_route=%2Fwp%2Fv2%2Fmedia&parent=12249"}],"wp:term":[{"taxonomy":"category","embeddable":true,"href":"https:\/\/gazetaregionalna.com\/index.php?rest_route=%2Fwp%2Fv2%2Fcategories&post=12249"},{"taxonomy":"post_tag","embeddable":true,"href":"https:\/\/gazetaregionalna.com\/index.php?rest_route=%2Fwp%2Fv2%2Ftags&post=12249"}],"curies":[{"name":"wp","href":"https:\/\/api.w.org\/{rel}","templated":true}]}}