{"id":122430,"date":"2024-03-10T20:31:52","date_gmt":"2024-03-10T20:31:52","guid":{"rendered":"https:\/\/gazetaregionalna.com\/?p=122430"},"modified":"2024-03-10T20:31:53","modified_gmt":"2024-03-10T20:31:53","slug":"czestochowa-urodzeni-11-marca-okf","status":"publish","type":"post","link":"https:\/\/gazetaregionalna.com\/?p=122430","title":{"rendered":"Cz\u0119stochowa. Urodzeni 11 marca ogl\u0105daj\u0105 filmy w OKF-ie za darmo"},"content":{"rendered":"\n<h2 class=\"wp-block-heading\">Wszyscy urodzeni 11 marca (bez wzgl\u0119du na wiem) w poniedzia\u0142ek ogl\u0105daj\u0105 filmy w OKF za darmo. To jeden ze sposob\u00f3w na uczczenie jubileuszu 35-lecia cz\u0119stochowskiego kina.<\/h2>\n\n\n\n<p>Historia OKF-u si\u0119ga roku 1989. To w\u00f3wczas 11 marca odby\u0142y si\u0119 pierwszy projekcje. Do po\u0142udnia by\u0142a premiera filmu \u201eGwiazda Pio\u0142un\u201d Henryka Kluby (urodzonego zreszt\u0105 w Przystajni ko\u0142o Cz\u0119stochowy), wieczorem &#8211; \u201eOkr\u0105g\u0142ego tygodnia\u201d z 1977 r. w re\u017cyserii Tadeusza Kija\u0144skiego.<\/p>\n\n\n\n<p>Pierwszym kierownikiem kina by\u0142 Tadeusz Piersiak, kt\u00f3ry do wsp\u00f3\u0142pracy zaprosi\u0142 Iwon\u0119 Kwinci\u0144sk\u0105. W kolejnym roku instytucj\u0119 w\u0142\u0105czono w struktury Biura Wystaw Artystycznych (obecnie Miejskiej Galerii Sztuki), a do zespo\u0142u do\u0142\u0105czy\u0142a Ma\u0142gorzata Stasikowska-Lis. Obie nadal pracuj\u0105 w gmachu przy Al. NMP 64. Pierwsza z wymienionych jest kierowniczk\u0105 miejskiego kina, druga \u2013 specjalistk\u0105 ds. filmu. <\/p>\n\n\n\n<p>Przez 35 lat OKF dorobi\u0142 si\u0119 nie tylko solidnej marki, ale te\u017c rozmaitych form dzia\u0142alno\u015bci. St\u0105d przegl\u0105dy tematyczne, problemowe czy monograficzne, repliki festiwali, spotkania z lud\u017ami kina, konkursy, plebiscyt \u201eZ\u0142ota Pi\u0105tka\u201d, cykle: \u201eM\u0142ody Iluzjonista\u201d, \u201eKino Seniora\u201d, \u201eWielka sztuka na ekranie\u201d transmisje oper czy retransmisje sztuk teatralnych, balet\u00f3w, koncert\u00f3w&#8230;<\/p>\n\n\n\n<figure class=\"wp-block-image size-full\"><img decoding=\"async\" width=\"715\" height=\"400\" data-src=\"https:\/\/gazetaregionalna.com\/wp-content\/uploads\/2024\/03\/MiejskGaleriaSztuki2-715x400-1.jpg\" alt=\"\" class=\"wp-image-122432 lazyload\" data-srcset=\"https:\/\/gazetaregionalna.com\/wp-content\/uploads\/2024\/03\/MiejskGaleriaSztuki2-715x400-1.jpg 715w, https:\/\/gazetaregionalna.com\/wp-content\/uploads\/2024\/03\/MiejskGaleriaSztuki2-715x400-1-300x168.jpg 300w\" data-sizes=\"(max-width: 715px) 100vw, 715px\" src=\"data:image\/svg+xml;base64,PHN2ZyB3aWR0aD0iMSIgaGVpZ2h0PSIxIiB4bWxucz0iaHR0cDovL3d3dy53My5vcmcvMjAwMC9zdmciPjwvc3ZnPg==\" style=\"--smush-placeholder-width: 715px; --smush-placeholder-aspect-ratio: 715\/400;\" \/><figcaption class=\"wp-element-caption\">archiwum<\/figcaption><\/figure>\n\n\n\n<p>Od 2009 r. kino nosi nazw\u0119 \u201eIluzja\u201d (a w\u0142a\u015bciwie Kino Studyjne OKF \u201eIluzja\u201d). Nazw\u0119 wybrano podczas konkursu og\u0142oszonego z okazji 20-lecia instytucji.<\/p>\n\n\n\n<p>&#8211; Nasze kino ma bogat\u0105, r\u00f3\u017cnorodn\u0105 tematycznie oraz gatunkowo ofert\u0119 programow\u0105. ale priorytetem w ofercie repertuarowej jest kinematografia europejska i filmy polskie. Co nie znaczy, \u017ce nie trafiaj\u0105 do nas produkcje kina azjatyckiego oraz po\u0142udniowoameryka\u0144skiego. Zobaczy\u0107 mo\u017cna u nas i film z festiwalu kina niezale\u017cnego w Soundance, i tak oryginalne dla Europejczyka kino z dalekiego Iranu. Przypominamy obrazy minionej epoki, a jednocze\u015bnie przygl\u0105damy si\u0119 temu, co w kinie nowatorskie i oryginalne \u2013 zaznacza Stasikowska-Lis<\/p>\n\n\n\n<h3 class=\"wp-block-heading\">Dla urodzonych 11 marca<\/h3>\n\n\n\n<p>Pracownicy kina podkre\u015blaj\u0105, \u017ce bez kinoman\u00f3w nie ma obchod\u00f3w 35-lecia. &#8211; To nie tylko jubileusz kina, ale tak\u017ce \u015bwi\u0119to naszych widz\u00f3w. Dzi\u0119kujemy za ka\u017cdy moment, kt\u00f3ry razem prze\u017cyli\u015bmy i za to, \u017ce s\u0105 cz\u0119\u015bci\u0105 naszej historii \u2013 podkre\u015bla Ma\u0142gorzata Stasikowska-Lis. &#8211; Zapraszamy wszystkich do wsp\u00f3lnego \u015bwi\u0119towania ! Przygotowali\u015bmy przedpremiery oraz Z\u0142ot\u0105 Dziesi\u0105tk\u0119, czyli najlepsze filmy ubieg\u0142ego roku. Poka\u017cemy na du\u017cym ekranie archiwalne zdj\u0119cia nades\u0142ane przez widz\u00f3w. Chcemy tak\u017ce podzieli\u0107 si\u0119 naszym archiwum plakat\u00f3w, wi\u0119c zorganizujemy \u201ePlakatobranie\u201d. Najm\u0142odszym widzom zaproponujemy warsztaty plastyczne. Pocz\u0119stujemy was okoliczno\u015bciowymi kr\u00f3wkami i rozdamy jubileuszowe gad\u017cety. Nie zabraknie r\u00f3wnie\u017c facebookowych konkurs\u00f3w \u2013 wylicza.<\/p>\n\n\n\n<p>Zostaj\u0105c przy 31. Plebiscycie \u201eZ\u0142ota Pi\u0105tka\u201d to z racji 35-lecia kino przypomina nie tylko tytu\u0142y, kt\u00f3re zaj\u0119\u0142y pierwsze pi\u0119\u0107 pozycji w rankingu widz\u00f3w, ale dodaje te\u017c drug\u0105 pi\u0105tk\u0119. Pierwsze seanse ju\u017c za nami. Oto kolejne: \u201eAftersun\u201d (11 marca, godz.16.30), \u201eDuchy Inisherin\u201d (11 marca, godz. 20.30), \u201eCzas krwawego ksi\u0119\u017cyca\u201d (12 marca, godz. 17.00), \u201eBarbie\u201d (13 marca, godz. 15.45), \u201eZielona granica\u201d (13 marca, godz. 18.00), \u201eCh\u0142opi\u201d (14 marca, godz. 15.15) i \u201eOppenheimer\u201d (14 marca, godz. 19.40).<\/p>\n\n\n\n<p>Dwa z tych seans\u00f3w przypadaj\u0105 na wspomniany ju\u017c poniedzia\u0142ek, 11 marca. Wszyscy urodzeni tego dnia (nie musz\u0105 ko\u0144czy\u0107 35 lat) mog\u0105 obejrze\u0107 wybrany film za darmo. Tego dnia wy\u015bwietlone zostan\u0105 r\u00f3wnie\u017c obrazy \u201eSami swoi. Pocz\u0105tek\u201d i \u201eStrefa interes\u00f3w\u201d. By skorzysta\u0107 z promocji, wystarczy okaza\u0107 si\u0119 w kasie dokumentem potwierdzaj\u0105cym dat\u0119 urodzenia i odebra\u0107 bezp\u0142atny bilet.<\/p>\n\n\n\n<p>Na jubileuszowy marzec przewidziano tak\u017ce przedpremierowe pokazy: 17 marca \u2013 \u201eDo us\u0142ug Szanownej Pani\u201d (najnowsze filmowe wcielenie Johna Malkovicha), a 24 marca \u2013 \u201eMonster\u201d (nagrodzony za scenariusz na festiwalu w Cannes film Japo\u0144czyka Hirokazu Kore-edy).<\/p>\n\n\n\n<p><strong>mat. ze strony UM Cz\u0119stochowy<\/strong><\/p>\n","protected":false},"excerpt":{"rendered":"<p>Wszyscy urodzeni 11 marca (bez wzgl\u0119du na wiem) w poniedzia\u0142ek ogl\u0105daj\u0105 filmy w OKF za darmo. To jeden ze sposob\u00f3w na uczczenie jubileuszu 35-lecia<\/p>\n","protected":false},"author":4,"featured_media":122431,"comment_status":"closed","ping_status":"open","sticky":false,"template":"","format":"standard","meta":{"_monsterinsights_skip_tracking":false,"_monsterinsights_sitenote_active":false,"_monsterinsights_sitenote_note":"","_monsterinsights_sitenote_category":0,"_uf_show_specific_survey":0,"_uf_disable_surveys":false,"footnotes":""},"categories":[12,3,2],"tags":[144,1169,1224,1160],"class_list":["post-122430","post","type-post","status-publish","format-standard","has-post-thumbnail","hentry","category-kultura-i-rozrywka","category-czestochowa-informacje","category-wiadomosci","tag-czestochowa","tag-jubileusz","tag-kino","tag-okf"],"_links":{"self":[{"href":"https:\/\/gazetaregionalna.com\/index.php?rest_route=\/wp\/v2\/posts\/122430","targetHints":{"allow":["GET"]}}],"collection":[{"href":"https:\/\/gazetaregionalna.com\/index.php?rest_route=\/wp\/v2\/posts"}],"about":[{"href":"https:\/\/gazetaregionalna.com\/index.php?rest_route=\/wp\/v2\/types\/post"}],"author":[{"embeddable":true,"href":"https:\/\/gazetaregionalna.com\/index.php?rest_route=\/wp\/v2\/users\/4"}],"replies":[{"embeddable":true,"href":"https:\/\/gazetaregionalna.com\/index.php?rest_route=%2Fwp%2Fv2%2Fcomments&post=122430"}],"version-history":[{"count":1,"href":"https:\/\/gazetaregionalna.com\/index.php?rest_route=\/wp\/v2\/posts\/122430\/revisions"}],"predecessor-version":[{"id":122433,"href":"https:\/\/gazetaregionalna.com\/index.php?rest_route=\/wp\/v2\/posts\/122430\/revisions\/122433"}],"wp:featuredmedia":[{"embeddable":true,"href":"https:\/\/gazetaregionalna.com\/index.php?rest_route=\/wp\/v2\/media\/122431"}],"wp:attachment":[{"href":"https:\/\/gazetaregionalna.com\/index.php?rest_route=%2Fwp%2Fv2%2Fmedia&parent=122430"}],"wp:term":[{"taxonomy":"category","embeddable":true,"href":"https:\/\/gazetaregionalna.com\/index.php?rest_route=%2Fwp%2Fv2%2Fcategories&post=122430"},{"taxonomy":"post_tag","embeddable":true,"href":"https:\/\/gazetaregionalna.com\/index.php?rest_route=%2Fwp%2Fv2%2Ftags&post=122430"}],"curies":[{"name":"wp","href":"https:\/\/api.w.org\/{rel}","templated":true}]}}