{"id":1224,"date":"2018-11-26T10:59:59","date_gmt":"2018-11-26T10:59:59","guid":{"rendered":"http:\/\/gazetaregionalna.com\/?p=1224"},"modified":"2018-11-26T10:59:59","modified_gmt":"2018-11-26T10:59:59","slug":"1224","status":"publish","type":"post","link":"https:\/\/gazetaregionalna.com\/?p=1224","title":{"rendered":""},"content":{"rendered":"<p>&nbsp;<\/p>\n<p style=\"font-weight: 400;\"><strong>26.11. PONIEDZIA\u0141EK<\/strong><\/p>\n<p style=\"font-weight: 400;\"><strong>9:00\u00a0<\/strong>gdy z rana zimno i plecy bol\u0105 warto wybra\u0107 si\u0119 na jog\u0119<\/p>\n<p style=\"font-weight: 400;\"><strong>od 16:00<\/strong>\u00a0Kino Karolinka czeka na kinoman\u00f3w du\u017cych i ma\u0142ych, seanse ruszaj\u0105 o\u00a0<strong>16:00<\/strong>\u00a0<em>\u201eMisja Yeti\u201d<\/em>; a o\u00a0<strong>18:00 i 20:20<\/strong>\u00a0<em>\u201eMi\u0142o\u015b\u0107 jest wszystkim\u201d<\/em><\/p>\n<p style=\"font-weight: 400;\"><strong>17:00<\/strong>\u00a0zaj\u0119cia z japo\u0144skiego z Akemi<\/p>\n<p style=\"font-weight: 400;\"><strong>17:30\u00a0<\/strong>w tym tygodniu, ju\u017c w poniedzia\u0142ek<strong>,\u00a0<\/strong>Galeria pod Glinianym Anio\u0142em zaprasza na kolejny warsztat, tym razem \u201eKalendarz adwentowy\u201d<\/p>\n<p style=\"font-weight: 400;\">Z CYKLU WIECZ\u00d3R NA SPORTOWO:<\/p>\n<p style=\"font-weight: 400;\"><strong>18:45<\/strong>\u00a0Zumba<\/p>\n<p style=\"font-weight: 400;\"><strong>19:45<\/strong>\u00a0Aerobik<\/p>\n<p style=\"font-weight: 400;\"><strong>27.11. WTOREK<\/strong><\/p>\n<p style=\"font-weight: 400;\"><strong>10:00<\/strong>\u00a0sportowe zaj\u0119cia w sali baletowej: Tabata i Stretching<\/p>\n<p style=\"font-weight: 400;\"><strong>11:00<\/strong>\u00a0\u201eAdwentowy wieniec ze \u015bwiecami\u201d &#8211; Kreatywni 60+ b\u0119d\u0105 przygotowywa\u0107 tradycyjn\u0105 ozdob\u0119 adwentow\u0105 w Galerii pod Glinianym Anio\u0142em<\/p>\n<p style=\"font-weight: 400;\"><strong>od 16:00<\/strong>\u00a0kino czeka na widz\u00f3w: o\u00a0<strong>16:00<\/strong>\u00a0<em>\u201eMisja Yeti\u201d<\/em>; a o\u00a0<strong>18:00 i 20:20<\/strong>\u00a0<em>\u201eMi\u0142o\u015b\u0107 jest wszystkim\u201d<\/em><\/p>\n<p style=\"font-weight: 400;\"><strong>17:00<\/strong>\u00a0kurs j\u0119zyka japo\u0144skiego z Akemi<\/p>\n<p style=\"font-weight: 400;\"><strong>19:30<\/strong>\u00a0Klub Zdrowego Stylu \u017bycia\u00a0zaprasza na wieczorne spotkanie<\/p>\n<p style=\"font-weight: 400;\"><strong>28.11. \u015aRODA<\/strong><\/p>\n<p style=\"font-weight: 400;\"><strong>9:00\u00a0<\/strong>kto nie zd\u0105\u017cy\u0142 wczoraj wieczorem, ma szans\u0119 dotrze\u0107 na poranne spotkanie Klubu Zdrowego Stylu \u017bycia<\/p>\n<p style=\"font-weight: 400;\"><strong>A wieczorem wyj\u0105tkowe wydarzenie:<\/strong>\u00a0<strong>19:00 PREMIERA \u201eTu i Teraz\u201d spektakl Teatru po Pracy<\/strong><\/p>\n<p style=\"font-weight: 400;\"><strong>29.11. CZWARTEK<\/strong><\/p>\n<p style=\"font-weight: 400;\"><strong>10:00<\/strong>\u00a0Body ball \u2013 \u0107wiczenia z pi\u0142kami<\/p>\n<p style=\"font-weight: 400;\">zaj\u0119cia jogi o\u00a0<strong>18:00\u00a0<\/strong>dla szukaj\u0105cych harmonii dla cia\u0142a i g\u0142owy<\/p>\n<p style=\"font-weight: 400;\"><strong>19:30<\/strong>\u00a0radosne wygibasy w trakcie zaj\u0119\u0107 aerobiku<\/p>\n<p style=\"font-weight: 400;\"><strong>Kolejna atrakcja tego tygodnia:<\/strong><\/p>\n<p style=\"font-weight: 400;\"><strong>18:00 Koncert zespo\u0142u Blue Party\u00a0<\/strong><em><strong>\u201eAndrzejki z przymru\u017ceniem oka\u201d\u00a0<\/strong><\/em><strong>\u00a0<\/strong><\/p>\n<p style=\"font-weight: 400;\"><strong>30.11. PI\u0104TEK<\/strong><\/p>\n<p style=\"font-weight: 400;\"><strong>9:00<\/strong>\u00a0Klub Zdrowego Stylu \u017bycia ponownie zaprasza fan\u00f3w zdrowego stylu \u017cycia<\/p>\n<p style=\"font-weight: 400;\"><strong>10:00<\/strong>\u00a0sala kinowa od rana zaczyna t\u0119tni\u0107 \u017cyciem, seanse ju\u017c od godzin porannych, bo na ekrany wchodzi\u00a0<em>\u201eGrinch (z dodatkiem Minionki uciekaj\u0105)\u201d<\/em>, a po po\u0142udniu\u00a0<em>\u201eMi\u0142o\u015b\u0107 jest wszystkim\u201d\u00a0<\/em>i o\u00a0<strong>21:20<\/strong><em>\u00a0\u201ePlaneta singli\u201d<\/em><\/p>\n<p style=\"font-weight: 400;\"><strong>01.12. SOBOTA<\/strong><\/p>\n<p style=\"font-weight: 400;\"><strong>14:00-20:00\u00a0<\/strong>Kiermasz Bo\u017conarodzeniowy w holu MDK &#8211; \u015bwi\u0105teczne przygotowania czas zacz\u0105\u0107<\/p>\n<p style=\"font-weight: 400;\">Kino Karolinka zaprasza ju\u017c od\u00a0<strong>13:00<\/strong><\/p>\n<p style=\"font-weight: 400;\"><strong>02.12. NIEDZIELA<\/strong><\/p>\n<p style=\"font-weight: 400;\"><strong>14:00-20:00<\/strong>\u00a0Kiermasz \u015awi\u0105teczny dla wszystkich, kt\u00f3rzy nie zd\u0105\u017cyli wczoraj. W niedziel\u0119 pojawi\u0105 si\u0119 nowe kramiki z r\u0119kodzie\u0142em, a w mi\u0119dzyczasie na Miejskim Rynku:<\/p>\n<p style=\"font-weight: 400;\"><strong>16:00 Spotkanie z Miko\u0142ajem i koncert dla najm\u0142odszych<\/strong><em>\u201eWszystkie dzieci mocno wierz\u0105 w to\u201d<\/em><\/p>\n<p style=\"font-weight: 400;\">Pomimo tak wielu atrakcji wok\u00f3\u0142 Kino Karolinka zaprasza:<\/p>\n<p style=\"font-weight: 400;\"><strong>13:00, 15:00 i 17:00<\/strong>\u00a0\u00a0<em>\u201eGrinch &#8211; (z dodatkiem Minionki uciekaj\u0105)\u201d<\/em><\/p>\n<p style=\"font-weight: 400;\"><strong>19:00<\/strong>\u00a0dla wszystkich, kt\u00f3rzy nie zd\u0105\u017cyli w minionych dniach, komedia romantyczna\u00a0<em>\u201eMi\u0142o\u015b\u0107 jest wszystkim\u201d ,\u00a0<\/em>a nast\u0119pnie\u00a0<em>\u201ePlaneta singli\u201d<\/em><\/p>\n<p style=\"font-weight: 400;\">\n","protected":false},"excerpt":{"rendered":"<p>&nbsp; 26.11. PONIEDZIA\u0141EK 9:00\u00a0gdy z rana zimno i plecy bol\u0105 warto wybra\u0107 si\u0119 na jog\u0119 od 16:00\u00a0Kino Karolinka czeka na kinoman\u00f3w du\u017cych i ma\u0142ych,<\/p>\n","protected":false},"author":3,"featured_media":0,"comment_status":"open","ping_status":"closed","sticky":false,"template":"","format":"standard","meta":{"_monsterinsights_skip_tracking":false,"_monsterinsights_sitenote_active":false,"_monsterinsights_sitenote_note":"","_monsterinsights_sitenote_category":0,"_uf_show_specific_survey":0,"_uf_disable_surveys":false,"footnotes":""},"categories":[15,12,25,14],"tags":[],"class_list":["post-1224","post","type-post","status-publish","format-standard","hentry","category-dla-dzieci","category-kultura-i-rozrywka","category-lubliniec","category-repertuary"],"_links":{"self":[{"href":"https:\/\/gazetaregionalna.com\/index.php?rest_route=\/wp\/v2\/posts\/1224","targetHints":{"allow":["GET"]}}],"collection":[{"href":"https:\/\/gazetaregionalna.com\/index.php?rest_route=\/wp\/v2\/posts"}],"about":[{"href":"https:\/\/gazetaregionalna.com\/index.php?rest_route=\/wp\/v2\/types\/post"}],"author":[{"embeddable":true,"href":"https:\/\/gazetaregionalna.com\/index.php?rest_route=\/wp\/v2\/users\/3"}],"replies":[{"embeddable":true,"href":"https:\/\/gazetaregionalna.com\/index.php?rest_route=%2Fwp%2Fv2%2Fcomments&post=1224"}],"version-history":[{"count":1,"href":"https:\/\/gazetaregionalna.com\/index.php?rest_route=\/wp\/v2\/posts\/1224\/revisions"}],"predecessor-version":[{"id":1226,"href":"https:\/\/gazetaregionalna.com\/index.php?rest_route=\/wp\/v2\/posts\/1224\/revisions\/1226"}],"wp:attachment":[{"href":"https:\/\/gazetaregionalna.com\/index.php?rest_route=%2Fwp%2Fv2%2Fmedia&parent=1224"}],"wp:term":[{"taxonomy":"category","embeddable":true,"href":"https:\/\/gazetaregionalna.com\/index.php?rest_route=%2Fwp%2Fv2%2Fcategories&post=1224"},{"taxonomy":"post_tag","embeddable":true,"href":"https:\/\/gazetaregionalna.com\/index.php?rest_route=%2Fwp%2Fv2%2Ftags&post=1224"}],"curies":[{"name":"wp","href":"https:\/\/api.w.org\/{rel}","templated":true}]}}