{"id":121994,"date":"2024-03-02T10:09:27","date_gmt":"2024-03-02T10:09:27","guid":{"rendered":"https:\/\/gazetaregionalna.com\/?p=121994"},"modified":"2024-03-02T10:09:28","modified_gmt":"2024-03-02T10:09:28","slug":"leon-madsen-i-mikkel-michelsen-o-obozie-integracyjnym-w-hiszpanskim-calpe-a-8-marca-prezentacja-druzyny-w-gj","status":"publish","type":"post","link":"https:\/\/gazetaregionalna.com\/?p=121994","title":{"rendered":"Leon Madsen i Mikkel Michelsen o obozie integracyjnym w hiszpa\u0144skim Calpe, a 8 marca prezentacja dru\u017cyny w GJ"},"content":{"rendered":"\n<p>W\u0142\u00f3kniarz Cz\u0119stochowa ko\u0144czy w niedziel\u0119 zgrupowanie w hiszpa\u0144skim Calpe i wraca do Polski. Cz\u0119stochowscy \u017cu\u017clowcy podczas pobytu nad Morzem \u015ar\u00f3dziemnym je\u017adzili g\u0142\u00f3wnie na rowerach i budowali team spirit w dru\u017cynie&#8230;<\/p>\n\n\n\n<p>Z ko\u0144cz\u0105cego si\u0119 w niedziel\u0119 6 dniowego zgrupowania zadowoleni s\u0105 zawodnicy W\u0142\u00f3kniarza.<\/p>\n\n\n\n<p>&#8211; Przebywamy na obozie w hiszpa\u0144skim Calpe \u2013 m\u00f3wi Leon Madsen. &#8211; Sp\u0119dzamy tutaj fajny czas i panuje dobra atmosfera. Du\u017co trenujemy i my\u015blimy ju\u017c o nowym sezonie. Co wiecz\u00f3r ca\u0142a dru\u017cyna wraz ze sztabem szkoleniowym spotyka si\u0119 na kr\u00f3tkich rozmowach, dotycz\u0105cych kwestii technicznych zwi\u0105zanych ze zbli\u017caj\u0105cymi si\u0119 rozgrywkami w PGE Ekstralidze. Nie mo\u017cemy si\u0119 ju\u017c doczeka\u0107, kiedy wr\u00f3cimy do Cz\u0119stochowy i spotkamy si\u0119 z kibicami 8 marca w Galerii Jurajskiej na oficjalnej prezentacji naszej dru\u017cyny.<\/p>\n\n\n\n<p>Po hiszpa\u0144skim Calpe u\u015bmiechni\u0119ty chodzi te\u017c Mikkel Michelsen. &#8211; Kolejny pi\u0119kny dzie\u0144 sp\u0119dzamy na swoich rowerach i zdobywamy kolejne szczyty \u2013 m\u00f3wi Mikkel Michelsen. &#8211; Jestem pod wielkim wra\u017ceniem, jak dobrze radz\u0105 sobie nasi najm\u0142odsi koledzy: Halkiewicz, Kupiec oraz Ludwiczak. Z tego co wiem, nigdy wcze\u015bniej nie je\u017adzili na rowerach tak cz\u0119sto i tak d\u0142ugich dystans\u00f3w. Podjazd pod g\u00f3r\u0119 mia\u0142 oko\u0142o 19 km a oni bez wi\u0119kszego problemu sobie z tym poradzili. Je\u015bli chodzi o mnie, to czuj\u0119 si\u0119 wspaniale. Kolarstwo to zaraz po \u017cu\u017clu moja druga pasja. Zna\u0142em ju\u017c Calpe ze swoich wcze\u015bniejszych wyjazd\u00f3w, bo s\u0105 tutaj \u015bwietne trasy do jazdy na rowerach. Od przyjazdu towarzyszy nam dobra pogoda i atmosfera. Zarz\u0105d klubu podj\u0105\u0142 \u015bwietn\u0105 decyzj\u0119 organizuj\u0105c dla nas ten ob\u00f3z.<\/p>\n\n\n\n<p>\u017bu\u017clowcy W\u0142\u00f3kniarz z kibicami spotkaj\u0105 si\u0119 ju\u017c 8 marca w Galerii Jurajskiej. W \u201eDzie\u0144 Kobiet\u201d odb\u0119dzie si\u0119 oficjalna prezentacja zespo\u0142u.<\/p>\n\n\n\n<p>AK, fot: Grzegorz Misiak (W\u0142\u00f3kniarz Cz\u0119stochowa)<\/p>\n\n\n\n<p>Partnerami relacji sportowych s\u0105:<\/p>\n\n\n\n<p>DMK Invest materia\u0142y budowlane Konopiska (www.dmkinvest.pl)<\/p>\n\n\n\n<p>Targu budowlane wyposa\u017cenia wn\u0119trz i nieruchomo\u015bci<\/p>\n\n\n\n<figure class=\"wp-block-image size-large\"><img decoding=\"async\" width=\"683\" height=\"1024\" data-src=\"https:\/\/gazetaregionalna.com\/wp-content\/uploads\/2024\/03\/foto-grzegorz-misiak-17_1709357155_7155-683x1024.jpeg\" alt=\"\" class=\"wp-image-121995 lazyload\" data-srcset=\"https:\/\/gazetaregionalna.com\/wp-content\/uploads\/2024\/03\/foto-grzegorz-misiak-17_1709357155_7155-683x1024.jpeg 683w, https:\/\/gazetaregionalna.com\/wp-content\/uploads\/2024\/03\/foto-grzegorz-misiak-17_1709357155_7155-200x300.jpeg 200w, https:\/\/gazetaregionalna.com\/wp-content\/uploads\/2024\/03\/foto-grzegorz-misiak-17_1709357155_7155-768x1152.jpeg 768w, https:\/\/gazetaregionalna.com\/wp-content\/uploads\/2024\/03\/foto-grzegorz-misiak-17_1709357155_7155-1024x1536.jpeg 1024w, https:\/\/gazetaregionalna.com\/wp-content\/uploads\/2024\/03\/foto-grzegorz-misiak-17_1709357155_7155-1365x2048.jpeg 1365w, https:\/\/gazetaregionalna.com\/wp-content\/uploads\/2024\/03\/foto-grzegorz-misiak-17_1709357155_7155-scaled.jpeg 1067w\" data-sizes=\"(max-width: 683px) 100vw, 683px\" src=\"data:image\/svg+xml;base64,PHN2ZyB3aWR0aD0iMSIgaGVpZ2h0PSIxIiB4bWxucz0iaHR0cDovL3d3dy53My5vcmcvMjAwMC9zdmciPjwvc3ZnPg==\" style=\"--smush-placeholder-width: 683px; --smush-placeholder-aspect-ratio: 683\/1024;\" \/><\/figure>\n\n\n\n<figure class=\"wp-block-image size-large\"><img decoding=\"async\" width=\"695\" height=\"1024\" data-src=\"https:\/\/gazetaregionalna.com\/wp-content\/uploads\/2024\/03\/foto-grzegorz-misiak-3_1709357101_7101-695x1024.jpeg\" alt=\"\" class=\"wp-image-121999 lazyload\" data-srcset=\"https:\/\/gazetaregionalna.com\/wp-content\/uploads\/2024\/03\/foto-grzegorz-misiak-3_1709357101_7101-695x1024.jpeg 695w, https:\/\/gazetaregionalna.com\/wp-content\/uploads\/2024\/03\/foto-grzegorz-misiak-3_1709357101_7101-204x300.jpeg 204w, https:\/\/gazetaregionalna.com\/wp-content\/uploads\/2024\/03\/foto-grzegorz-misiak-3_1709357101_7101-768x1131.jpeg 768w, https:\/\/gazetaregionalna.com\/wp-content\/uploads\/2024\/03\/foto-grzegorz-misiak-3_1709357101_7101-1043x1536.jpeg 1043w, https:\/\/gazetaregionalna.com\/wp-content\/uploads\/2024\/03\/foto-grzegorz-misiak-3_1709357101_7101-1391x2048.jpeg 1391w, https:\/\/gazetaregionalna.com\/wp-content\/uploads\/2024\/03\/foto-grzegorz-misiak-3_1709357101_7101-scaled.jpeg 1087w\" data-sizes=\"(max-width: 695px) 100vw, 695px\" src=\"data:image\/svg+xml;base64,PHN2ZyB3aWR0aD0iMSIgaGVpZ2h0PSIxIiB4bWxucz0iaHR0cDovL3d3dy53My5vcmcvMjAwMC9zdmciPjwvc3ZnPg==\" style=\"--smush-placeholder-width: 695px; --smush-placeholder-aspect-ratio: 695\/1024;\" \/><\/figure>\n\n\n\n<figure class=\"wp-block-image size-full\"><img decoding=\"async\" width=\"300\" height=\"250\" data-src=\"https:\/\/gazetaregionalna.com\/wp-content\/uploads\/2022\/04\/DMK-2.jpg\" alt=\"\" class=\"wp-image-77210 lazyload\" src=\"data:image\/svg+xml;base64,PHN2ZyB3aWR0aD0iMSIgaGVpZ2h0PSIxIiB4bWxucz0iaHR0cDovL3d3dy53My5vcmcvMjAwMC9zdmciPjwvc3ZnPg==\" style=\"--smush-placeholder-width: 300px; --smush-placeholder-aspect-ratio: 300\/250;\"><\/figure>\n\n\n\n<figure class=\"wp-block-image size-large\"><img decoding=\"async\" width=\"1024\" height=\"611\" data-src=\"https:\/\/gazetaregionalna.com\/wp-content\/uploads\/2024\/03\/foto-grzegorz-misiak-13_1709357140_7140-1024x611.jpeg\" alt=\"\" class=\"wp-image-121998 lazyload\" data-srcset=\"https:\/\/gazetaregionalna.com\/wp-content\/uploads\/2024\/03\/foto-grzegorz-misiak-13_1709357140_7140-1024x611.jpeg 1024w, https:\/\/gazetaregionalna.com\/wp-content\/uploads\/2024\/03\/foto-grzegorz-misiak-13_1709357140_7140-300x179.jpeg 300w, https:\/\/gazetaregionalna.com\/wp-content\/uploads\/2024\/03\/foto-grzegorz-misiak-13_1709357140_7140-768x458.jpeg 768w, https:\/\/gazetaregionalna.com\/wp-content\/uploads\/2024\/03\/foto-grzegorz-misiak-13_1709357140_7140-1536x916.jpeg 1536w, https:\/\/gazetaregionalna.com\/wp-content\/uploads\/2024\/03\/foto-grzegorz-misiak-13_1709357140_7140-2048x1222.jpeg 2048w, https:\/\/gazetaregionalna.com\/wp-content\/uploads\/2024\/03\/foto-grzegorz-misiak-13_1709357140_7140-184x109.jpeg 184w, https:\/\/gazetaregionalna.com\/wp-content\/uploads\/2024\/03\/foto-grzegorz-misiak-13_1709357140_7140-scaled.jpeg 1600w\" data-sizes=\"(max-width: 1024px) 100vw, 1024px\" src=\"data:image\/svg+xml;base64,PHN2ZyB3aWR0aD0iMSIgaGVpZ2h0PSIxIiB4bWxucz0iaHR0cDovL3d3dy53My5vcmcvMjAwMC9zdmciPjwvc3ZnPg==\" style=\"--smush-placeholder-width: 1024px; --smush-placeholder-aspect-ratio: 1024\/611;\" \/><\/figure>\n\n\n\n<figure class=\"wp-block-image size-large\"><img decoding=\"async\" width=\"1024\" height=\"700\" data-src=\"https:\/\/gazetaregionalna.com\/wp-content\/uploads\/2024\/03\/foto-grzegorz-misiak-8_1709357119_7119-1024x700.jpeg\" alt=\"\" class=\"wp-image-121997 lazyload\" data-srcset=\"https:\/\/gazetaregionalna.com\/wp-content\/uploads\/2024\/03\/foto-grzegorz-misiak-8_1709357119_7119-1024x700.jpeg 1024w, https:\/\/gazetaregionalna.com\/wp-content\/uploads\/2024\/03\/foto-grzegorz-misiak-8_1709357119_7119-300x205.jpeg 300w, https:\/\/gazetaregionalna.com\/wp-content\/uploads\/2024\/03\/foto-grzegorz-misiak-8_1709357119_7119-768x525.jpeg 768w, https:\/\/gazetaregionalna.com\/wp-content\/uploads\/2024\/03\/foto-grzegorz-misiak-8_1709357119_7119-1536x1050.jpeg 1536w, https:\/\/gazetaregionalna.com\/wp-content\/uploads\/2024\/03\/foto-grzegorz-misiak-8_1709357119_7119-2048x1400.jpeg 2048w, https:\/\/gazetaregionalna.com\/wp-content\/uploads\/2024\/03\/foto-grzegorz-misiak-8_1709357119_7119-scaled.jpeg 1600w\" data-sizes=\"(max-width: 1024px) 100vw, 1024px\" src=\"data:image\/svg+xml;base64,PHN2ZyB3aWR0aD0iMSIgaGVpZ2h0PSIxIiB4bWxucz0iaHR0cDovL3d3dy53My5vcmcvMjAwMC9zdmciPjwvc3ZnPg==\" style=\"--smush-placeholder-width: 1024px; --smush-placeholder-aspect-ratio: 1024\/700;\" \/><\/figure>\n\n\n\n<figure class=\"wp-block-image size-large\"><img decoding=\"async\" width=\"1024\" height=\"683\" data-src=\"https:\/\/gazetaregionalna.com\/wp-content\/uploads\/2024\/03\/foto-grzegorz-misiak-5_1709357107_7107-1024x683.jpeg\" alt=\"\" class=\"wp-image-121996 lazyload\" data-srcset=\"https:\/\/gazetaregionalna.com\/wp-content\/uploads\/2024\/03\/foto-grzegorz-misiak-5_1709357107_7107-1024x683.jpeg 1024w, https:\/\/gazetaregionalna.com\/wp-content\/uploads\/2024\/03\/foto-grzegorz-misiak-5_1709357107_7107-300x200.jpeg 300w, https:\/\/gazetaregionalna.com\/wp-content\/uploads\/2024\/03\/foto-grzegorz-misiak-5_1709357107_7107-768x512.jpeg 768w, https:\/\/gazetaregionalna.com\/wp-content\/uploads\/2024\/03\/foto-grzegorz-misiak-5_1709357107_7107-1536x1024.jpeg 1536w, https:\/\/gazetaregionalna.com\/wp-content\/uploads\/2024\/03\/foto-grzegorz-misiak-5_1709357107_7107-2048x1365.jpeg 2048w, https:\/\/gazetaregionalna.com\/wp-content\/uploads\/2024\/03\/foto-grzegorz-misiak-5_1709357107_7107-scaled.jpeg 1600w\" data-sizes=\"(max-width: 1024px) 100vw, 1024px\" src=\"data:image\/svg+xml;base64,PHN2ZyB3aWR0aD0iMSIgaGVpZ2h0PSIxIiB4bWxucz0iaHR0cDovL3d3dy53My5vcmcvMjAwMC9zdmciPjwvc3ZnPg==\" style=\"--smush-placeholder-width: 1024px; --smush-placeholder-aspect-ratio: 1024\/683;\" \/><\/figure>\n\n\n\n<figure class=\"wp-block-image size-large\"><img decoding=\"async\" width=\"1024\" height=\"1024\" data-src=\"https:\/\/gazetaregionalna.com\/wp-content\/uploads\/2024\/02\/Targi-2-1024x1024.png\" alt=\"\" class=\"wp-image-120992 lazyload\" data-srcset=\"https:\/\/gazetaregionalna.com\/wp-content\/uploads\/2024\/02\/Targi-2-1024x1024.png 1024w, https:\/\/gazetaregionalna.com\/wp-content\/uploads\/2024\/02\/Targi-2-300x300.png 300w, https:\/\/gazetaregionalna.com\/wp-content\/uploads\/2024\/02\/Targi-2-150x150.png 150w, https:\/\/gazetaregionalna.com\/wp-content\/uploads\/2024\/02\/Targi-2-768x768.png 768w, https:\/\/gazetaregionalna.com\/wp-content\/uploads\/2024\/02\/Targi-2-696x696.png 696w, https:\/\/gazetaregionalna.com\/wp-content\/uploads\/2024\/02\/Targi-2-1068x1068.png 1068w, https:\/\/gazetaregionalna.com\/wp-content\/uploads\/2024\/02\/Targi-2-420x420.png 420w, https:\/\/gazetaregionalna.com\/wp-content\/uploads\/2024\/02\/Targi-2.png 1080w\" data-sizes=\"(max-width: 1024px) 100vw, 1024px\" src=\"data:image\/svg+xml;base64,PHN2ZyB3aWR0aD0iMSIgaGVpZ2h0PSIxIiB4bWxucz0iaHR0cDovL3d3dy53My5vcmcvMjAwMC9zdmciPjwvc3ZnPg==\" style=\"--smush-placeholder-width: 1024px; --smush-placeholder-aspect-ratio: 1024\/1024;\" \/><\/figure>\n","protected":false},"excerpt":{"rendered":"<p>W\u0142\u00f3kniarz Cz\u0119stochowa ko\u0144czy w niedziel\u0119 zgrupowanie w hiszpa\u0144skim Calpe i wraca do Polski. Cz\u0119stochowscy \u017cu\u017clowcy podczas pobytu nad Morzem \u015ar\u00f3dziemnym je\u017adzili g\u0142\u00f3wnie na rowerach<\/p>\n","protected":false},"author":15,"featured_media":121995,"comment_status":"closed","ping_status":"open","sticky":false,"template":"","format":"standard","meta":{"_monsterinsights_skip_tracking":false,"_monsterinsights_sitenote_active":false,"_monsterinsights_sitenote_note":"","_monsterinsights_sitenote_category":0,"_uf_show_specific_survey":0,"_uf_disable_surveys":false,"footnotes":""},"categories":[94,5,7],"tags":[],"class_list":["post-121994","post","type-post","status-publish","format-standard","has-post-thumbnail","hentry","category-polecane","category-sport","category-zuzel"],"_links":{"self":[{"href":"https:\/\/gazetaregionalna.com\/index.php?rest_route=\/wp\/v2\/posts\/121994","targetHints":{"allow":["GET"]}}],"collection":[{"href":"https:\/\/gazetaregionalna.com\/index.php?rest_route=\/wp\/v2\/posts"}],"about":[{"href":"https:\/\/gazetaregionalna.com\/index.php?rest_route=\/wp\/v2\/types\/post"}],"author":[{"embeddable":true,"href":"https:\/\/gazetaregionalna.com\/index.php?rest_route=\/wp\/v2\/users\/15"}],"replies":[{"embeddable":true,"href":"https:\/\/gazetaregionalna.com\/index.php?rest_route=%2Fwp%2Fv2%2Fcomments&post=121994"}],"version-history":[{"count":1,"href":"https:\/\/gazetaregionalna.com\/index.php?rest_route=\/wp\/v2\/posts\/121994\/revisions"}],"predecessor-version":[{"id":122000,"href":"https:\/\/gazetaregionalna.com\/index.php?rest_route=\/wp\/v2\/posts\/121994\/revisions\/122000"}],"wp:featuredmedia":[{"embeddable":true,"href":"https:\/\/gazetaregionalna.com\/index.php?rest_route=\/wp\/v2\/media\/121995"}],"wp:attachment":[{"href":"https:\/\/gazetaregionalna.com\/index.php?rest_route=%2Fwp%2Fv2%2Fmedia&parent=121994"}],"wp:term":[{"taxonomy":"category","embeddable":true,"href":"https:\/\/gazetaregionalna.com\/index.php?rest_route=%2Fwp%2Fv2%2Fcategories&post=121994"},{"taxonomy":"post_tag","embeddable":true,"href":"https:\/\/gazetaregionalna.com\/index.php?rest_route=%2Fwp%2Fv2%2Ftags&post=121994"}],"curies":[{"name":"wp","href":"https:\/\/api.w.org\/{rel}","templated":true}]}}