{"id":121960,"date":"2024-02-29T17:46:42","date_gmt":"2024-02-29T17:46:42","guid":{"rendered":"https:\/\/gazetaregionalna.com\/?p=121960"},"modified":"2024-02-29T17:46:43","modified_gmt":"2024-02-29T17:46:43","slug":"skra-podejmuje-lecha-ii","status":"publish","type":"post","link":"https:\/\/gazetaregionalna.com\/?p=121960","title":{"rendered":"Skra podejmuje Lecha II"},"content":{"rendered":"\n<p>Pi\u0142karze Skry Cz\u0119stochowa zaprezentuj\u0105 si\u0119 w sobot\u0119 w Cz\u0119stochowie. W meczu 2 ligi podejmowa\u0107 b\u0119d\u0105 Lech II Pozna\u0144.<\/p>\n\n\n\n<p>Oczy kibic\u00f3w Lecha Pozna\u0144 w weekend zwr\u00f3cone b\u0119d\u0105 na Cz\u0119stochow\u0119. W sobot\u0119 w meczu 2 ligi Lech II Pozna\u0144 zagra w Cz\u0119stochowie ze Skr\u0105, a w niedziel\u0119 Lech w meczu PKO BP Ekstraklasy zmierzy si\u0119 \u201epod Jasn\u0105 G\u00f3r\u0105\u201d z Rakowem.<\/p>\n\n\n\n<p>Pi\u0142karze Skry w 2024 roku rozegrali ju\u017c dwa wyjazdowe spotkania, z kt\u00f3rych przywie\u017ali tylko punkt. W sobot\u0119 zaprezentuj\u0105 si\u0119 u siebie. Skra zmierzy si\u0119 z rezerwami Lecha Pozna\u0144. Zapowiada si\u0119 ciekawe spotkanie, bo obydwie dru\u017cyny to s\u0105siedzi z tabeli. Na 10. miejscu jest Lech II, kt\u00f3ry ma 29 punkt\u00f3w. Skra z 28 punktami plasuje si\u0119 na 11. pozycji.<\/p>\n\n\n\n<p>Skra w rundzie jesiennej zremisowa\u0142a z Lechem II. Czy cz\u0119stochowscy pi\u0142karze w sobot\u0119 odnios\u0105 pierwsze zwyci\u0119stwo w 2024 roku?<\/p>\n\n\n\n<p>Pocz\u0105tek meczu zaplanowano o godz. 16:30. Spotkanie odb\u0119dzie si\u0119 bez udzia\u0142u publiczno\u015bci.<\/p>\n\n\n\n<p>AK, fot: AK<\/p>\n\n\n\n<p>Partnerami relacji sportowych s\u0105:<\/p>\n\n\n\n<p>DMK Invest materia\u0142y budowlane Konopiska <\/p>\n\n\n\n<p>Targi budowlane wyposa\u017cenia wn\u0119trz i nieruchomo\u015bci <\/p>\n\n\n\n<figure class=\"wp-block-image size-large\"><img decoding=\"async\" width=\"1024\" height=\"683\" data-src=\"https:\/\/gazetaregionalna.com\/wp-content\/uploads\/2023\/09\/Skra-Radunia-10-2-1024x683.jpg\" alt=\"\" class=\"wp-image-113406 lazyload\" data-srcset=\"https:\/\/gazetaregionalna.com\/wp-content\/uploads\/2023\/09\/Skra-Radunia-10-2-1024x683.jpg 1024w, https:\/\/gazetaregionalna.com\/wp-content\/uploads\/2023\/09\/Skra-Radunia-10-2-300x200.jpg 300w, https:\/\/gazetaregionalna.com\/wp-content\/uploads\/2023\/09\/Skra-Radunia-10-2-768x512.jpg 768w, https:\/\/gazetaregionalna.com\/wp-content\/uploads\/2023\/09\/Skra-Radunia-10-2-1536x1024.jpg 1536w, https:\/\/gazetaregionalna.com\/wp-content\/uploads\/2023\/09\/Skra-Radunia-10-2-696x464.jpg 696w, https:\/\/gazetaregionalna.com\/wp-content\/uploads\/2023\/09\/Skra-Radunia-10-2-1068x712.jpg 1068w, https:\/\/gazetaregionalna.com\/wp-content\/uploads\/2023\/09\/Skra-Radunia-10-2-1920x1280.jpg 1920w, https:\/\/gazetaregionalna.com\/wp-content\/uploads\/2023\/09\/Skra-Radunia-10-2-630x420.jpg 630w, https:\/\/gazetaregionalna.com\/wp-content\/uploads\/2023\/09\/Skra-Radunia-10-2-scaled.jpg 1600w\" data-sizes=\"(max-width: 1024px) 100vw, 1024px\" src=\"data:image\/svg+xml;base64,PHN2ZyB3aWR0aD0iMSIgaGVpZ2h0PSIxIiB4bWxucz0iaHR0cDovL3d3dy53My5vcmcvMjAwMC9zdmciPjwvc3ZnPg==\" style=\"--smush-placeholder-width: 1024px; --smush-placeholder-aspect-ratio: 1024\/683;\" \/><\/figure>\n\n\n\n<figure class=\"wp-block-image size-large\"><img decoding=\"async\" width=\"1024\" height=\"1024\" data-src=\"https:\/\/gazetaregionalna.com\/wp-content\/uploads\/2024\/02\/Targi-2-1024x1024.png\" alt=\"\" class=\"wp-image-120992 lazyload\" data-srcset=\"https:\/\/gazetaregionalna.com\/wp-content\/uploads\/2024\/02\/Targi-2-1024x1024.png 1024w, https:\/\/gazetaregionalna.com\/wp-content\/uploads\/2024\/02\/Targi-2-300x300.png 300w, https:\/\/gazetaregionalna.com\/wp-content\/uploads\/2024\/02\/Targi-2-150x150.png 150w, https:\/\/gazetaregionalna.com\/wp-content\/uploads\/2024\/02\/Targi-2-768x768.png 768w, https:\/\/gazetaregionalna.com\/wp-content\/uploads\/2024\/02\/Targi-2-696x696.png 696w, https:\/\/gazetaregionalna.com\/wp-content\/uploads\/2024\/02\/Targi-2-1068x1068.png 1068w, https:\/\/gazetaregionalna.com\/wp-content\/uploads\/2024\/02\/Targi-2-420x420.png 420w, https:\/\/gazetaregionalna.com\/wp-content\/uploads\/2024\/02\/Targi-2.png 1080w\" data-sizes=\"(max-width: 1024px) 100vw, 1024px\" src=\"data:image\/svg+xml;base64,PHN2ZyB3aWR0aD0iMSIgaGVpZ2h0PSIxIiB4bWxucz0iaHR0cDovL3d3dy53My5vcmcvMjAwMC9zdmciPjwvc3ZnPg==\" style=\"--smush-placeholder-width: 1024px; --smush-placeholder-aspect-ratio: 1024\/1024;\" \/><\/figure>\n\n\n\n<figure class=\"wp-block-image size-full\"><img decoding=\"async\" width=\"300\" height=\"250\" data-src=\"https:\/\/gazetaregionalna.com\/wp-content\/uploads\/2022\/10\/DMK11.jpg\" alt=\"\" class=\"wp-image-95727 lazyload\" src=\"data:image\/svg+xml;base64,PHN2ZyB3aWR0aD0iMSIgaGVpZ2h0PSIxIiB4bWxucz0iaHR0cDovL3d3dy53My5vcmcvMjAwMC9zdmciPjwvc3ZnPg==\" style=\"--smush-placeholder-width: 300px; --smush-placeholder-aspect-ratio: 300\/250;\"><\/figure>\n","protected":false},"excerpt":{"rendered":"<p>Pi\u0142karze Skry Cz\u0119stochowa zaprezentuj\u0105 si\u0119 w sobot\u0119 w Cz\u0119stochowie. W meczu 2 ligi podejmowa\u0107 b\u0119d\u0105 Lech II Pozna\u0144. Oczy kibic\u00f3w Lecha Pozna\u0144 w weekend<\/p>\n","protected":false},"author":15,"featured_media":113406,"comment_status":"closed","ping_status":"open","sticky":false,"template":"","format":"standard","meta":{"_monsterinsights_skip_tracking":false,"_monsterinsights_sitenote_active":false,"_monsterinsights_sitenote_note":"","_monsterinsights_sitenote_category":0,"_uf_show_specific_survey":0,"_uf_disable_surveys":false,"footnotes":""},"categories":[5,6],"tags":[],"class_list":["post-121960","post","type-post","status-publish","format-standard","has-post-thumbnail","hentry","category-sport","category-pilka-nozna"],"_links":{"self":[{"href":"https:\/\/gazetaregionalna.com\/index.php?rest_route=\/wp\/v2\/posts\/121960","targetHints":{"allow":["GET"]}}],"collection":[{"href":"https:\/\/gazetaregionalna.com\/index.php?rest_route=\/wp\/v2\/posts"}],"about":[{"href":"https:\/\/gazetaregionalna.com\/index.php?rest_route=\/wp\/v2\/types\/post"}],"author":[{"embeddable":true,"href":"https:\/\/gazetaregionalna.com\/index.php?rest_route=\/wp\/v2\/users\/15"}],"replies":[{"embeddable":true,"href":"https:\/\/gazetaregionalna.com\/index.php?rest_route=%2Fwp%2Fv2%2Fcomments&post=121960"}],"version-history":[{"count":1,"href":"https:\/\/gazetaregionalna.com\/index.php?rest_route=\/wp\/v2\/posts\/121960\/revisions"}],"predecessor-version":[{"id":121961,"href":"https:\/\/gazetaregionalna.com\/index.php?rest_route=\/wp\/v2\/posts\/121960\/revisions\/121961"}],"wp:featuredmedia":[{"embeddable":true,"href":"https:\/\/gazetaregionalna.com\/index.php?rest_route=\/wp\/v2\/media\/113406"}],"wp:attachment":[{"href":"https:\/\/gazetaregionalna.com\/index.php?rest_route=%2Fwp%2Fv2%2Fmedia&parent=121960"}],"wp:term":[{"taxonomy":"category","embeddable":true,"href":"https:\/\/gazetaregionalna.com\/index.php?rest_route=%2Fwp%2Fv2%2Fcategories&post=121960"},{"taxonomy":"post_tag","embeddable":true,"href":"https:\/\/gazetaregionalna.com\/index.php?rest_route=%2Fwp%2Fv2%2Ftags&post=121960"}],"curies":[{"name":"wp","href":"https:\/\/api.w.org\/{rel}","templated":true}]}}