{"id":121958,"date":"2024-02-29T17:36:28","date_gmt":"2024-02-29T17:36:28","guid":{"rendered":"https:\/\/gazetaregionalna.com\/?p=121958"},"modified":"2024-02-29T17:36:29","modified_gmt":"2024-02-29T17:36:29","slug":"siatkarki-ewdar-silesia-wygraly-zalegly-mecz-z-silesia-volley-a-w-sobote-kolejne-mecze-w-siatkarskich-2-ligach","status":"publish","type":"post","link":"https:\/\/gazetaregionalna.com\/?p=121958","title":{"rendered":"Siatkarki Ewdar Silesia wygra\u0142y zaleg\u0142y mecz z Silesi\u0105 Volley, a w sobot\u0119 kolejne mecze w siatkarskich 2-ligach&#8230;"},"content":{"rendered":"\n<p>Kolejne mecze w 2 lidze rozegraj\u0105 siatkarki Ewdar KS Silesia Cz\u0119stochowa i KS Cz\u0119stochowianka Cz\u0119stochowa oraz siatkarze Eco-Team AZS Stoelzle Cz\u0119stochowa.<\/p>\n\n\n\n<p>Siatkarki Ewdar KS Silesia w \u015brod\u0119 rozegra\u0142y w Mys\u0142owicach zaleg\u0142e spotkanie z Silesi\u0105 Volley. Spotkanie by\u0142o zaci\u0119te i zako\u0144czy\u0142o si\u0119 wygran\u0105 cz\u0119stochowskich siatkarek 3:2. Dzi\u0119ki temu lider Ewdar Silesia Cz\u0119stochowa ma ju\u017c 41 punkt\u00f3w i o 6 punkt\u00f3w wyprzedza wicelidera Komunalnik Nysa oraz o 8 punkt\u00f3w 3. w tabeli Silesi\u0119 Volley Mys\u0142owice.<\/p>\n\n\n\n<p>Siatkarki Ewdar Silesii w sobot\u0119 zagraj\u0105 w Jankowie Przygodzkim z GLKS Barycz i powalcz\u0105 o kolejn\u0105 wygran\u0105.<\/p>\n\n\n\n<p>U siebie zaprezentuj\u0105 si\u0119 zawodniczki KS Cz\u0119stochowianka Cz\u0119stochowa. O godz. 18 w hali przy ul. Rejtana zmierz\u0105 si\u0119 z Silesi\u0105 Mys\u0142owice.<\/p>\n\n\n\n<p>Siatkarze Eco-Team AZS Stoelzle Cz\u0119stochowa w sobot\u0119 o godz. 17 w hali IV LO im. H. Sienkiewicza zmierz\u0105 si\u0119 z Czarnymi Rz\u0105\u015bnia.<\/p>\n\n\n\n<p>AK, fot; AK<\/p>\n\n\n\n<figure class=\"wp-block-image size-large\"><img decoding=\"async\" width=\"1024\" height=\"617\" data-src=\"https:\/\/gazetaregionalna.com\/wp-content\/uploads\/2023\/12\/Silesia-Chelmiec-43-1024x617.jpg\" alt=\"\" class=\"wp-image-118749 lazyload\" data-srcset=\"https:\/\/gazetaregionalna.com\/wp-content\/uploads\/2023\/12\/Silesia-Chelmiec-43-1024x617.jpg 1024w, https:\/\/gazetaregionalna.com\/wp-content\/uploads\/2023\/12\/Silesia-Chelmiec-43-300x181.jpg 300w, https:\/\/gazetaregionalna.com\/wp-content\/uploads\/2023\/12\/Silesia-Chelmiec-43-768x463.jpg 768w, https:\/\/gazetaregionalna.com\/wp-content\/uploads\/2023\/12\/Silesia-Chelmiec-43-1536x925.jpg 1536w, https:\/\/gazetaregionalna.com\/wp-content\/uploads\/2023\/12\/Silesia-Chelmiec-43-2048x1234.jpg 2048w, https:\/\/gazetaregionalna.com\/wp-content\/uploads\/2023\/12\/Silesia-Chelmiec-43-696x419.jpg 696w, https:\/\/gazetaregionalna.com\/wp-content\/uploads\/2023\/12\/Silesia-Chelmiec-43-1068x644.jpg 1068w, https:\/\/gazetaregionalna.com\/wp-content\/uploads\/2023\/12\/Silesia-Chelmiec-43-1920x1157.jpg 1920w, https:\/\/gazetaregionalna.com\/wp-content\/uploads\/2023\/12\/Silesia-Chelmiec-43-697x420.jpg 697w, https:\/\/gazetaregionalna.com\/wp-content\/uploads\/2023\/12\/Silesia-Chelmiec-43-scaled.jpg 1600w\" data-sizes=\"(max-width: 1024px) 100vw, 1024px\" src=\"data:image\/svg+xml;base64,PHN2ZyB3aWR0aD0iMSIgaGVpZ2h0PSIxIiB4bWxucz0iaHR0cDovL3d3dy53My5vcmcvMjAwMC9zdmciPjwvc3ZnPg==\" style=\"--smush-placeholder-width: 1024px; --smush-placeholder-aspect-ratio: 1024\/617;\" \/><\/figure>\n\n\n\n<figure class=\"wp-block-image size-large is-resized\"><img decoding=\"async\" width=\"1024\" height=\"1024\" data-src=\"https:\/\/gazetaregionalna.com\/wp-content\/uploads\/2024\/02\/Targi-2-1024x1024.png\" alt=\"\" class=\"wp-image-120992 lazyload\" style=\"--smush-placeholder-width: 1024px; --smush-placeholder-aspect-ratio: 1024\/1024;width:840px;height:auto\" data-srcset=\"https:\/\/gazetaregionalna.com\/wp-content\/uploads\/2024\/02\/Targi-2-1024x1024.png 1024w, https:\/\/gazetaregionalna.com\/wp-content\/uploads\/2024\/02\/Targi-2-300x300.png 300w, https:\/\/gazetaregionalna.com\/wp-content\/uploads\/2024\/02\/Targi-2-150x150.png 150w, https:\/\/gazetaregionalna.com\/wp-content\/uploads\/2024\/02\/Targi-2-768x768.png 768w, https:\/\/gazetaregionalna.com\/wp-content\/uploads\/2024\/02\/Targi-2-696x696.png 696w, https:\/\/gazetaregionalna.com\/wp-content\/uploads\/2024\/02\/Targi-2-1068x1068.png 1068w, https:\/\/gazetaregionalna.com\/wp-content\/uploads\/2024\/02\/Targi-2-420x420.png 420w, https:\/\/gazetaregionalna.com\/wp-content\/uploads\/2024\/02\/Targi-2.png 1080w\" data-sizes=\"(max-width: 1024px) 100vw, 1024px\" src=\"data:image\/svg+xml;base64,PHN2ZyB3aWR0aD0iMSIgaGVpZ2h0PSIxIiB4bWxucz0iaHR0cDovL3d3dy53My5vcmcvMjAwMC9zdmciPjwvc3ZnPg==\" \/><\/figure>\n\n\n\n<figure class=\"wp-block-image size-full\"><img decoding=\"async\" width=\"300\" height=\"250\" data-src=\"https:\/\/gazetaregionalna.com\/wp-content\/uploads\/2022\/04\/DMK-5.jpg\" alt=\"\" class=\"wp-image-77213 lazyload\" src=\"data:image\/svg+xml;base64,PHN2ZyB3aWR0aD0iMSIgaGVpZ2h0PSIxIiB4bWxucz0iaHR0cDovL3d3dy53My5vcmcvMjAwMC9zdmciPjwvc3ZnPg==\" style=\"--smush-placeholder-width: 300px; --smush-placeholder-aspect-ratio: 300\/250;\"><\/figure>\n","protected":false},"excerpt":{"rendered":"<p>Kolejne mecze w 2 lidze rozegraj\u0105 siatkarki Ewdar KS Silesia Cz\u0119stochowa i KS Cz\u0119stochowianka Cz\u0119stochowa oraz siatkarze Eco-Team AZS Stoelzle Cz\u0119stochowa. Siatkarki Ewdar KS<\/p>\n","protected":false},"author":15,"featured_media":118749,"comment_status":"closed","ping_status":"open","sticky":false,"template":"","format":"standard","meta":{"_monsterinsights_skip_tracking":false,"_monsterinsights_sitenote_active":false,"_monsterinsights_sitenote_note":"","_monsterinsights_sitenote_category":0,"_uf_show_specific_survey":0,"_uf_disable_surveys":false,"footnotes":""},"categories":[5,8],"tags":[],"class_list":["post-121958","post","type-post","status-publish","format-standard","has-post-thumbnail","hentry","category-sport","category-siatkowka"],"_links":{"self":[{"href":"https:\/\/gazetaregionalna.com\/index.php?rest_route=\/wp\/v2\/posts\/121958","targetHints":{"allow":["GET"]}}],"collection":[{"href":"https:\/\/gazetaregionalna.com\/index.php?rest_route=\/wp\/v2\/posts"}],"about":[{"href":"https:\/\/gazetaregionalna.com\/index.php?rest_route=\/wp\/v2\/types\/post"}],"author":[{"embeddable":true,"href":"https:\/\/gazetaregionalna.com\/index.php?rest_route=\/wp\/v2\/users\/15"}],"replies":[{"embeddable":true,"href":"https:\/\/gazetaregionalna.com\/index.php?rest_route=%2Fwp%2Fv2%2Fcomments&post=121958"}],"version-history":[{"count":1,"href":"https:\/\/gazetaregionalna.com\/index.php?rest_route=\/wp\/v2\/posts\/121958\/revisions"}],"predecessor-version":[{"id":121959,"href":"https:\/\/gazetaregionalna.com\/index.php?rest_route=\/wp\/v2\/posts\/121958\/revisions\/121959"}],"wp:featuredmedia":[{"embeddable":true,"href":"https:\/\/gazetaregionalna.com\/index.php?rest_route=\/wp\/v2\/media\/118749"}],"wp:attachment":[{"href":"https:\/\/gazetaregionalna.com\/index.php?rest_route=%2Fwp%2Fv2%2Fmedia&parent=121958"}],"wp:term":[{"taxonomy":"category","embeddable":true,"href":"https:\/\/gazetaregionalna.com\/index.php?rest_route=%2Fwp%2Fv2%2Fcategories&post=121958"},{"taxonomy":"post_tag","embeddable":true,"href":"https:\/\/gazetaregionalna.com\/index.php?rest_route=%2Fwp%2Fv2%2Ftags&post=121958"}],"curies":[{"name":"wp","href":"https:\/\/api.w.org\/{rel}","templated":true}]}}