{"id":120923,"date":"2024-01-31T17:17:32","date_gmt":"2024-01-31T17:17:32","guid":{"rendered":"https:\/\/gazetaregionalna.com\/?p=120923"},"modified":"2024-01-31T17:17:34","modified_gmt":"2024-01-31T17:17:34","slug":"dwoch-pilkarzy-blisko-odejscia-z-rakowa-a-w-piatek-ostatni-sparing-w-turcji","status":"publish","type":"post","link":"https:\/\/gazetaregionalna.com\/?p=120923","title":{"rendered":"Dw\u00f3ch pi\u0142karzy blisko odej\u015bcia z Rakowa, a w pi\u0105tek ostatni sparing w Turcji"},"content":{"rendered":"\n<p>Do rozpocz\u0119cia rundy wiosennej coraz coraz bli\u017cej, a w kadrze Rakowa Cz\u0119stochowa zanosi si\u0119 na kolejne zmiany. Dru\u017cyn\u0119 maj\u0105 opu\u015bci\u0107 Fabian Piasecki i Sonny Kittel.<\/p>\n\n\n\n<p>11 lutego pi\u0142karze Rakowa Cz\u0119stochowa maj\u0105 rozegra\u0107 pierwszy mecz rundy wiosennej w PKO BP Ekstraklasie. Tymczasem w kadrze Rakowa mo\u017ce doj\u015b\u0107 do kolejnych zmian. Fabian Piasecki ma przenie\u015b\u0107 si\u0119 do Piasta Gliwice, a Sonny Kittel ma wyjecha\u0107 do australijskiej ekstraklasy.<\/p>\n\n\n\n<p>Kibice Rakowa czekaj\u0105 na napastnika, kt\u00f3ry wzi\u0105\u0142by na siebie ci\u0119\u017car strzelania bramek.<\/p>\n\n\n\n<p>Przypomnijmy, \u017ce w trakcie przerwy do Rakowa trafili: Muhamed Sahinovi\u0107, Matej Rodin, Jakub Myszor, Peter Barath, Erick Otieno. Kto jeszcze do\u0142\u0105czy do kadry Rakowa?<\/p>\n\n\n\n<p>Pi\u0142karze Rakowa od 20 stycznia przebywaj\u0105 na obozie przygotowawczym w Turcji. Do Polski wr\u00f3c\u0105 3 lutego. W pi\u0105tek, 2 lutego Rak\u00f3w rozegra ostatni sparing z ukrai\u0144skim SK Dnipro-1. Cz\u0119stochowianie mieli w czwartek rozegra\u0107 sparing z NK Maribor, ale mecz zosta\u0142 odwo\u0142any. Dlatego pi\u0105tkowy sparing b\u0119dzie trzeci i ostatni w wykonaniu Rakowa podczas obozu w Turcji. <\/p>\n\n\n\n<p>MR-K, fot: AK<\/p>\n\n\n\n<p>Partnerami relacji s\u0105:<\/p>\n\n\n\n<p>DMK Invest materia\u0142y budowlane Konopiska (www.dmkinvest.pl)<\/p>\n\n\n\n<p>Targi Budowlane wyposa\u017cenia wn\u0119trz i nieruchomo\u015bci, Cz\u0119stochowa, 20-21.04.2024 (tel. 574-556-310).<\/p>\n\n\n\n<figure class=\"wp-block-image size-large\"><img decoding=\"async\" data-src=\"https:\/\/gazetaregionalna.com\/wp-content\/uploads\/2024\/01\/Targi-1.png\" alt=\"\" class=\"wp-image-120922 lazyload\" src=\"data:image\/svg+xml;base64,PHN2ZyB3aWR0aD0iMSIgaGVpZ2h0PSIxIiB4bWxucz0iaHR0cDovL3d3dy53My5vcmcvMjAwMC9zdmciPjwvc3ZnPg==\"><\/figure>\n\n\n\n<figure class=\"wp-block-image size-large\"><img decoding=\"async\" width=\"1024\" height=\"463\" data-src=\"https:\/\/gazetaregionalna.com\/wp-content\/uploads\/2024\/01\/Rakow-trening-2-1024x463.jpg\" alt=\"\" class=\"wp-image-120218 lazyload\" data-srcset=\"https:\/\/gazetaregionalna.com\/wp-content\/uploads\/2024\/01\/Rakow-trening-2-1024x463.jpg 1024w, https:\/\/gazetaregionalna.com\/wp-content\/uploads\/2024\/01\/Rakow-trening-2-300x136.jpg 300w, https:\/\/gazetaregionalna.com\/wp-content\/uploads\/2024\/01\/Rakow-trening-2-768x347.jpg 768w, https:\/\/gazetaregionalna.com\/wp-content\/uploads\/2024\/01\/Rakow-trening-2-1536x694.jpg 1536w, https:\/\/gazetaregionalna.com\/wp-content\/uploads\/2024\/01\/Rakow-trening-2-696x315.jpg 696w, https:\/\/gazetaregionalna.com\/wp-content\/uploads\/2024\/01\/Rakow-trening-2-1068x483.jpg 1068w, https:\/\/gazetaregionalna.com\/wp-content\/uploads\/2024\/01\/Rakow-trening-2-1920x868.jpg 1920w, https:\/\/gazetaregionalna.com\/wp-content\/uploads\/2024\/01\/Rakow-trening-2-929x420.jpg 929w, https:\/\/gazetaregionalna.com\/wp-content\/uploads\/2024\/01\/Rakow-trening-2-scaled.jpg 1600w\" data-sizes=\"(max-width: 1024px) 100vw, 1024px\" src=\"data:image\/svg+xml;base64,PHN2ZyB3aWR0aD0iMSIgaGVpZ2h0PSIxIiB4bWxucz0iaHR0cDovL3d3dy53My5vcmcvMjAwMC9zdmciPjwvc3ZnPg==\" style=\"--smush-placeholder-width: 1024px; --smush-placeholder-aspect-ratio: 1024\/463;\" \/><\/figure>\n\n\n\n<figure class=\"wp-block-image size-large\"><img decoding=\"async\" width=\"300\" height=\"250\" data-src=\"https:\/\/gazetaregionalna.com\/wp-content\/uploads\/2022\/10\/DMK11.jpg\" alt=\"\" class=\"wp-image-95727 lazyload\" src=\"data:image\/svg+xml;base64,PHN2ZyB3aWR0aD0iMSIgaGVpZ2h0PSIxIiB4bWxucz0iaHR0cDovL3d3dy53My5vcmcvMjAwMC9zdmciPjwvc3ZnPg==\" style=\"--smush-placeholder-width: 300px; --smush-placeholder-aspect-ratio: 300\/250;\"><\/figure>\n\n\n\n<p><\/p>\n\n\n\n<p><\/p>\n","protected":false},"excerpt":{"rendered":"<p>Do rozpocz\u0119cia rundy wiosennej coraz coraz bli\u017cej, a w kadrze Rakowa Cz\u0119stochowa zanosi si\u0119 na kolejne zmiany. Dru\u017cyn\u0119 maj\u0105 opu\u015bci\u0107 Fabian Piasecki i Sonny<\/p>\n","protected":false},"author":15,"featured_media":120218,"comment_status":"closed","ping_status":"open","sticky":false,"template":"","format":"standard","meta":{"_monsterinsights_skip_tracking":false,"_monsterinsights_sitenote_active":false,"_monsterinsights_sitenote_note":"","_monsterinsights_sitenote_category":0,"_uf_show_specific_survey":0,"_uf_disable_surveys":false,"footnotes":""},"categories":[5,6],"tags":[],"class_list":["post-120923","post","type-post","status-publish","format-standard","has-post-thumbnail","hentry","category-sport","category-pilka-nozna"],"_links":{"self":[{"href":"https:\/\/gazetaregionalna.com\/index.php?rest_route=\/wp\/v2\/posts\/120923","targetHints":{"allow":["GET"]}}],"collection":[{"href":"https:\/\/gazetaregionalna.com\/index.php?rest_route=\/wp\/v2\/posts"}],"about":[{"href":"https:\/\/gazetaregionalna.com\/index.php?rest_route=\/wp\/v2\/types\/post"}],"author":[{"embeddable":true,"href":"https:\/\/gazetaregionalna.com\/index.php?rest_route=\/wp\/v2\/users\/15"}],"replies":[{"embeddable":true,"href":"https:\/\/gazetaregionalna.com\/index.php?rest_route=%2Fwp%2Fv2%2Fcomments&post=120923"}],"version-history":[{"count":1,"href":"https:\/\/gazetaregionalna.com\/index.php?rest_route=\/wp\/v2\/posts\/120923\/revisions"}],"predecessor-version":[{"id":120924,"href":"https:\/\/gazetaregionalna.com\/index.php?rest_route=\/wp\/v2\/posts\/120923\/revisions\/120924"}],"wp:featuredmedia":[{"embeddable":true,"href":"https:\/\/gazetaregionalna.com\/index.php?rest_route=\/wp\/v2\/media\/120218"}],"wp:attachment":[{"href":"https:\/\/gazetaregionalna.com\/index.php?rest_route=%2Fwp%2Fv2%2Fmedia&parent=120923"}],"wp:term":[{"taxonomy":"category","embeddable":true,"href":"https:\/\/gazetaregionalna.com\/index.php?rest_route=%2Fwp%2Fv2%2Fcategories&post=120923"},{"taxonomy":"post_tag","embeddable":true,"href":"https:\/\/gazetaregionalna.com\/index.php?rest_route=%2Fwp%2Fv2%2Ftags&post=120923"}],"curies":[{"name":"wp","href":"https:\/\/api.w.org\/{rel}","templated":true}]}}