{"id":120915,"date":"2024-01-31T12:47:56","date_gmt":"2024-01-31T12:47:56","guid":{"rendered":"https:\/\/gazetaregionalna.com\/?p=120915"},"modified":"2024-01-31T12:48:46","modified_gmt":"2024-01-31T12:48:46","slug":"poszukiwana-za-probe-oszustwa-policja-prosi-o-pomoc","status":"publish","type":"post","link":"https:\/\/gazetaregionalna.com\/?p=120915","title":{"rendered":"Poszukiwana za pr\u00f3b\u0119 oszustwa. Policja prosi o pomoc."},"content":{"rendered":"\n<p>Do zdarzenia dosz\u0142o 24&nbsp;stycznia 2024 roku przy ulicy Okulickiego w Cz\u0119stochowie. Do 77-letniego mieszka\u0144ca Cz\u0119stochowy zadzwoni\u0142 m\u0119\u017cczyzna, kt\u00f3ry przedstawi\u0142 si\u0119 jako lekarz ze Szpitala znajduj\u0105cego si\u0119 na&nbsp;ul.&nbsp;Bialskiej w Cz\u0119stochowie. W trakcie rozmowy m\u0119\u017cczyzna poinformowa\u0142 seniora, \u017ce jego syn zosta\u0142 przewieziony do szpitala z uwagi na zaka\u017cenie wirusem&nbsp;COVID&nbsp;19 i konieczne jest podanie mu bardzo kosztownego leku ratuj\u0105cego&nbsp;\u017cycie. 77-latek oznajmi\u0142, \u017ce ma w domu got\u00f3wk\u0119 w kwocie 70&nbsp;tys. z\u0142.<\/p>\n\n\n\n<figure class=\"wp-block-image size-large\"><img decoding=\"async\" data-src=\"https:\/\/gazetaregionalna.com\/wp-content\/uploads\/2024\/01\/42-797691-1024x768.jpg\" alt=\"\" class=\"wp-image-120916 lazyload\" src=\"data:image\/svg+xml;base64,PHN2ZyB3aWR0aD0iMSIgaGVpZ2h0PSIxIiB4bWxucz0iaHR0cDovL3d3dy53My5vcmcvMjAwMC9zdmciPjwvc3ZnPg==\" style=\"--smush-placeholder-width: 1024px; --smush-placeholder-aspect-ratio: 1024\/768;\"><\/figure>\n\n\n\n<p>M\u0119\u017cczyzna podaj\u0105cy si\u0119 za lekarza poinformowa\u0142, \u017ce po pieni\u0105dze zg\u0142osi si\u0119 notariusz. Po oko\u0142o godzinie w mieszkaniu m\u0119\u017cczyzny pojawi\u0142a si\u0119 kobieta, kt\u00f3ra przedstawi\u0142a si\u0119 jako notariusz i oznajmi\u0142a, \u017ce przysz\u0142a po pieni\u0105dze na lek. M\u0119\u017cczyzna przekazuj\u0105c&nbsp;kobiecie umowion\u0105 kwot\u0119 poprosi\u0142 j\u0105 o okazanie jakiegokolwiek dokumentu potwierdzaj\u0105cego to, kim jest. Kobieta zacz\u0119\u0142a si\u0119 nerwowo zachowywa\u0107 i pokierowa\u0142a si\u0119 do wyj\u015bcia. M\u0119\u017cczyzna zablokowa\u0142 jej mo\u017cliwo\u015b\u0107 opuszczenia mieszkania. Pomi\u0119dzy osobami dosz\u0142o do szarpaniny, w wyniku kt\u00f3rej upadli na pod\u0142og\u0119. W trakcie szarpaniny kobieta drapa\u0142a i uderza\u0142a m\u0119\u017cczyzn\u0119 po twarzy oraz ugryz\u0142a go w r\u0119k\u0119. M\u0119\u017cczy\u017anie uda\u0142o si\u0119 odebra\u0107 kobiecie reklam\u00f3wk\u0119 z pieni\u0119dzmi. Gdy&nbsp;w mieszkaniu pojawi\u0142o si\u0119 trzy inne osoby, kt\u00f3re&nbsp;us\u0142ysza\u0142y&nbsp;ich kl\u00f3tni\u0119, kobieta zacz\u0119\u0142a krzycze\u0107, \u017ce&nbsp;zosta\u0142a zaatakowana i opu\u015bci\u0142a mieszkanie.<\/p>\n\n\n\n<p><strong>Rysopis<\/strong>&nbsp;Kobiety: wiek oko\u0142o 40 \u2013 45 lat, wzrost oko\u0142o 170&nbsp;cm, w\u0142osy koloru blond do ramion, \u015bredniej budowy cia\u0142a, posiada\u0142a okulary korekcyjne koloru ciemnego.<br>W chwili zdarzenia osoba ubrana by\u0142a w zimow\u0105, ciemn\u0105 kurtk\u0119 d\u0142ugo\u015bci 3\/4, szalik koloru jasnego oraz br\u0105zow\u0105 torebk\u0119 przewieszon\u0105 przez rami\u0119.<\/p>\n\n\n\n<figure class=\"wp-block-image size-large\"><img decoding=\"async\" width=\"1024\" height=\"769\" data-src=\"https:\/\/gazetaregionalna.com\/wp-content\/uploads\/2024\/01\/42-797690-1024x769.jpg\" alt=\"\" class=\"wp-image-120917 lazyload\" data-srcset=\"https:\/\/gazetaregionalna.com\/wp-content\/uploads\/2024\/01\/42-797690-1024x769.jpg 1024w, https:\/\/gazetaregionalna.com\/wp-content\/uploads\/2024\/01\/42-797690-300x225.jpg 300w, https:\/\/gazetaregionalna.com\/wp-content\/uploads\/2024\/01\/42-797690-768x576.jpg 768w, https:\/\/gazetaregionalna.com\/wp-content\/uploads\/2024\/01\/42-797690-696x522.jpg 696w, https:\/\/gazetaregionalna.com\/wp-content\/uploads\/2024\/01\/42-797690-1068x802.jpg 1068w, https:\/\/gazetaregionalna.com\/wp-content\/uploads\/2024\/01\/42-797690-560x420.jpg 560w, https:\/\/gazetaregionalna.com\/wp-content\/uploads\/2024\/01\/42-797690-80x60.jpg 80w, https:\/\/gazetaregionalna.com\/wp-content\/uploads\/2024\/01\/42-797690-265x198.jpg 265w, https:\/\/gazetaregionalna.com\/wp-content\/uploads\/2024\/01\/42-797690.jpg 1199w\" data-sizes=\"(max-width: 1024px) 100vw, 1024px\" src=\"data:image\/svg+xml;base64,PHN2ZyB3aWR0aD0iMSIgaGVpZ2h0PSIxIiB4bWxucz0iaHR0cDovL3d3dy53My5vcmcvMjAwMC9zdmciPjwvc3ZnPg==\" style=\"--smush-placeholder-width: 1024px; --smush-placeholder-aspect-ratio: 1024\/769;\" \/><\/figure>\n\n\n\n<p>\u015awiadkowie zdarzenia, osoby mog\u0105ce rozpozna\u0107 kobiet\u0119 lub posiadaj\u0105ce jakiekolwiek informacje, kt\u00f3re mog\u0142yby&nbsp;przyczyni\u0107 si\u0119 do ustalenia jej&nbsp;to\u017csamo\u015bci, proszone s\u0105 o kontakt z cz\u0119stochowskimi policjantami pod numer&nbsp;telefonu 47 858 19 97, 47 858 12 55<\/p>\n\n\n\n<p>Policja gwarantuje anonimowo\u015b\u0107<\/p>\n\n\n\n<p><\/p>\n\n\n\n<figure class=\"wp-block-video\"><video controls src=\"https:\/\/gazetaregionalna.com\/wp-content\/uploads\/2024\/01\/42-797687.mp4\"><\/video><\/figure>\n","protected":false},"excerpt":{"rendered":"<p>Do zdarzenia dosz\u0142o 24&nbsp;stycznia 2024 roku przy ulicy Okulickiego w Cz\u0119stochowie. Do 77-letniego mieszka\u0144ca Cz\u0119stochowy zadzwoni\u0142 m\u0119\u017cczyzna, kt\u00f3ry przedstawi\u0142 si\u0119 jako lekarz ze Szpitala<\/p>\n","protected":false},"author":2,"featured_media":120917,"comment_status":"closed","ping_status":"open","sticky":false,"template":"","format":"standard","meta":{"_monsterinsights_skip_tracking":false,"_monsterinsights_sitenote_active":false,"_monsterinsights_sitenote_note":"","_monsterinsights_sitenote_category":0,"_uf_show_specific_survey":0,"_uf_disable_surveys":false,"footnotes":""},"categories":[3,2],"tags":[],"class_list":["post-120915","post","type-post","status-publish","format-standard","has-post-thumbnail","hentry","category-czestochowa-informacje","category-wiadomosci"],"_links":{"self":[{"href":"https:\/\/gazetaregionalna.com\/index.php?rest_route=\/wp\/v2\/posts\/120915","targetHints":{"allow":["GET"]}}],"collection":[{"href":"https:\/\/gazetaregionalna.com\/index.php?rest_route=\/wp\/v2\/posts"}],"about":[{"href":"https:\/\/gazetaregionalna.com\/index.php?rest_route=\/wp\/v2\/types\/post"}],"author":[{"embeddable":true,"href":"https:\/\/gazetaregionalna.com\/index.php?rest_route=\/wp\/v2\/users\/2"}],"replies":[{"embeddable":true,"href":"https:\/\/gazetaregionalna.com\/index.php?rest_route=%2Fwp%2Fv2%2Fcomments&post=120915"}],"version-history":[{"count":2,"href":"https:\/\/gazetaregionalna.com\/index.php?rest_route=\/wp\/v2\/posts\/120915\/revisions"}],"predecessor-version":[{"id":120920,"href":"https:\/\/gazetaregionalna.com\/index.php?rest_route=\/wp\/v2\/posts\/120915\/revisions\/120920"}],"wp:featuredmedia":[{"embeddable":true,"href":"https:\/\/gazetaregionalna.com\/index.php?rest_route=\/wp\/v2\/media\/120917"}],"wp:attachment":[{"href":"https:\/\/gazetaregionalna.com\/index.php?rest_route=%2Fwp%2Fv2%2Fmedia&parent=120915"}],"wp:term":[{"taxonomy":"category","embeddable":true,"href":"https:\/\/gazetaregionalna.com\/index.php?rest_route=%2Fwp%2Fv2%2Fcategories&post=120915"},{"taxonomy":"post_tag","embeddable":true,"href":"https:\/\/gazetaregionalna.com\/index.php?rest_route=%2Fwp%2Fv2%2Ftags&post=120915"}],"curies":[{"name":"wp","href":"https:\/\/api.w.org\/{rel}","templated":true}]}}