{"id":120654,"date":"2024-01-23T11:20:58","date_gmt":"2024-01-23T11:20:58","guid":{"rendered":"https:\/\/gazetaregionalna.com\/?p=120654"},"modified":"2024-01-23T11:20:59","modified_gmt":"2024-01-23T11:20:59","slug":"wozki-widlowe","status":"publish","type":"post","link":"https:\/\/gazetaregionalna.com\/?p=120654","title":{"rendered":"W\u00f3zki wid\u0142owe u\u017cywane &#8211; na co zwr\u00f3ci\u0107 uwag\u0119 przy zakupie?"},"content":{"rendered":"\n<p>Zakup w\u00f3zk\u00f3w wid\u0142owych u\u017cywanych mo\u017ce okaza\u0107 si\u0119 <strong>niezwykle op\u0142acaln\u0105 inwestycj\u0105<\/strong>. Szczeg\u00f3lnie w przypadku, gdy prawid\u0142owo dobierze si\u0119 parametry urz\u0105dzenia i trafi na szczeg\u00f3lnie atrakcyjn\u0105 finansowo ofert\u0119. O ile nie mo\u017cemy zagwarantowa\u0107 Wam niskich cen, o tyle ch\u0119tnie podzielimy si\u0119 sposobami na to, jak w\u015br\u00f3d wielu ofert u\u017cywanych w\u00f3zk\u00f3w wid\u0142owych wybra\u0107 t\u0119 najlepsz\u0105.<\/p>\n\n\n\n<h2 class=\"wp-block-heading\"><strong>Najpopularniejsze w\u00f3zki wid\u0142owe w Polsce<\/strong><\/h2>\n\n\n\n<p>W\u00f3zki jezdniowe podno\u015bnikowe oraz unosz\u0105ce (czyli inaczej w\u00f3zki wid\u0142owe) to niezwykle cz\u0119sto wykorzystywane <strong>sprz\u0119ty zar\u00f3wno do transportu, jaki sk\u0142adowania \u0142adunk\u00f3w<\/strong>. Du\u017cy wyb\u00f3r sprz\u0119t\u00f3w i zr\u00f3\u017cnicowanie pod wzgl\u0119dem parametr\u00f3w sprawia, \u017ce w\u00f3zki wid\u0142owe bywaj\u0105 wykorzystywane ch\u0119tnie w wielu bran\u017cach, nie tylko magazynowej. Specyficznie dobrane specjalistyczne urz\u0105dzenia wraz z dopasowanym osprz\u0119tem pozwalaj\u0105 na niezwykle szeroki zakres dzia\u0142a\u0144 tak\u017ce<strong> w budownictwie, rolnictwie, przetw\u00f3rstwie czy jako wspomaganie firm z bran\u017cy porz\u0105dkowej, g\u00f3rnictwa oraz transportu<\/strong>.<\/p>\n\n\n\n<p>Obecnie, od kilku lat polscy przedsi\u0119biorcy stawiaj\u0105 przede wszystkim na <strong>ekologiczne (i ekonomiczne) rozwi\u0105zania<\/strong> &#8211; decyduj\u0105c si\u0119 <a href=\"https:\/\/manitou.pl\/53-elektryczne-wozki-widlowe\" target=\"_blank\" rel=\"noopener\">w\u00f3zki wid\u0142owe elektryczne<\/a>. Elektryczny nap\u0119d to wygodne rozwi\u0105zanie, kt\u00f3re gwarantuje:<\/p>\n\n\n\n<ul class=\"wp-block-list\"><li><strong>zbilansowane koszty<\/strong> eksploatacji,<\/li><li>cich\u0105 prac\u0119,<\/li><li>wygod\u0119 obs\u0142ugi oraz \u0142adowania akumulator\u00f3w,<\/li><li><strong>wydajno\u015b\u0107<\/strong> przez wiele godzin,<\/li><li>mo\u017cliwo\u015b\u0107 pracy wewn\u0105trz budynk\u00f3w, jak i poruszania si\u0119 na zewn\u0105trz.<\/li><\/ul>\n\n\n\n<p>A dodatkowo, w\u00f3zki wid\u0142owe elektryczne wyposa\u017cone w nowoczesne baterie charakteryzuje bardzo <strong>kr\u00f3tki czas \u0142adowania<\/strong> &#8211; w przypadku niekt\u00f3rych 1-2 godzin, dzi\u0119ki czemu s\u0105 one w pe\u0142ni gotowe do pracy przez wi\u0119kszo\u015b\u0107 czasu.<\/p>\n\n\n\n<p><strong>W\u00f3zki wid\u0142owe elektryczne &#8211; rodzaje<\/strong><\/p>\n\n\n\n<figure class=\"wp-block-image size-large\"><img decoding=\"async\" width=\"1024\" height=\"614\" data-src=\"https:\/\/gazetaregionalna.com\/wp-content\/uploads\/2024\/01\/obraz_4-1024x614.jpg\" alt=\"\" class=\"wp-image-120657 lazyload\" data-srcset=\"https:\/\/gazetaregionalna.com\/wp-content\/uploads\/2024\/01\/obraz_4-1024x614.jpg 1024w, https:\/\/gazetaregionalna.com\/wp-content\/uploads\/2024\/01\/obraz_4-300x180.jpg 300w, https:\/\/gazetaregionalna.com\/wp-content\/uploads\/2024\/01\/obraz_4-768x461.jpg 768w, https:\/\/gazetaregionalna.com\/wp-content\/uploads\/2024\/01\/obraz_4-1536x922.jpg 1536w, https:\/\/gazetaregionalna.com\/wp-content\/uploads\/2024\/01\/obraz_4-696x418.jpg 696w, https:\/\/gazetaregionalna.com\/wp-content\/uploads\/2024\/01\/obraz_4-1068x641.jpg 1068w, https:\/\/gazetaregionalna.com\/wp-content\/uploads\/2024\/01\/obraz_4-1920x1152.jpg 1920w, https:\/\/gazetaregionalna.com\/wp-content\/uploads\/2024\/01\/obraz_4-700x420.jpg 700w, https:\/\/gazetaregionalna.com\/wp-content\/uploads\/2024\/01\/obraz_4-scaled.jpg 1600w\" data-sizes=\"(max-width: 1024px) 100vw, 1024px\" src=\"data:image\/svg+xml;base64,PHN2ZyB3aWR0aD0iMSIgaGVpZ2h0PSIxIiB4bWxucz0iaHR0cDovL3d3dy53My5vcmcvMjAwMC9zdmciPjwvc3ZnPg==\" style=\"--smush-placeholder-width: 1024px; --smush-placeholder-aspect-ratio: 1024\/614;\" \/><figcaption>U\u017cywane w\u00f3zki wid\u0142owe, \u017a<small>r\u00f3d\u0142o:Lemarpol<\/small><\/figcaption><\/figure>\n\n\n\n<p>Jakie w\u00f3zki z nap\u0119dem elektrycznym s\u0105 najbardziej popularne? W tej kategorii na pierwszym miejscu znajduj\u0105 si\u0119 <strong>w\u00f3zki wid\u0142owe czo\u0142owe<\/strong> &#8211; czyli popularne widlaki z fotelem operatora. W magazynach zdecydowanie kr\u00f3luj\u0105 <a href=\"https:\/\/toyota-widlowe.pl\/32-wozki-widlowe-wysokiego-skladowania\" target=\"_blank\" rel=\"noopener\">w\u00f3zki wid\u0142owe wysokiego sk\u0142adowania<\/a>, cz\u0119sto wspomagane przez w\u00f3zki przegubowe.<\/p>\n\n\n\n<p>Do prac na zewn\u0105trz najcz\u0119\u015bciej spo\u015br\u00f3d w\u00f3zk\u00f3w z nap\u0119dem elektrycznym wykorzystuje si\u0119 platformy no\u017cycowe lub koszowe.<\/p>\n\n\n\n<h2 class=\"wp-block-heading\"><strong>Kt\u00f3ry u\u017cywany w\u00f3zek wid\u0142owy wybra\u0107?<\/strong><\/h2>\n\n\n\n<p>Pierwszym krokiem, jaki musi podj\u0105\u0107 ka\u017cdy przysz\u0142y w\u0142a\u015bciciel u\u017cywanego w\u00f3zka wid\u0142owego jest wyb\u00f3r na jakiego typu sprz\u0119t chce si\u0119 zdecydowa\u0107. Wa\u017cne, aby decyzja by\u0142a jak najlepiej dopasowana pod wzgl\u0119dem tego, czym zajmowa\u0107 ma si\u0119 widlak w firmie. Koniecznie nale\u017cy zwr\u00f3ci\u0107 uwag\u0119 na: <strong>nap\u0119d, parametry i model <\/strong>urz\u0105dzenia.<\/p>\n\n\n\n<p>Dla przyk\u0142adu:<\/p>\n\n\n\n<ul class=\"wp-block-list\"><li>u\u017cywane w\u00f3zki wid\u0142owe spalinowe doskonale sprawdz\u0105 si\u0119 w obs\u0142udze \u0142adunk\u00f3w <strong>na otwartym terenie<\/strong> czy na placach przyzak\u0142adowych, jednak z uwagi na ich nap\u0119d &#8211; nie mog\u0105 wje\u017cd\u017ca\u0107 do budynk\u00f3w i tam obs\u0142ugiwa\u0107 \u0142adunki;<\/li><li><strong>do obs\u0142ugi wysokich rega\u0142\u00f3w magazynowych<\/strong> najlepiej wybra\u0107 u\u017cywane w\u00f3zki wid\u0142owe wysokiego sk\u0142adowania; pojazdy o mniejszych parametrach (nawet je\u015bli b\u0119d\u0105 posiada\u0142y r\u00f3wnie\u017c nap\u0119d elektryczny) mog\u0105 nie poradzi\u0107 sobie ze sk\u0142adowaniem \u0142adunk\u00f3w na du\u017cej wysoko\u015bci;<\/li><li>z kolei w przypadku, gdy konieczny jest sprz\u0119t, kt\u00f3ry bez trudu poradzi sobie <strong>z transportem na du\u017cych odleg\u0142o\u015bciach<\/strong>, tak\u017ce na nier\u00f3wnej nawierzchni zamiast w\u00f3zk\u00f3w magazynowych zdecydowanie lepsz\u0105 decyzj\u0105 b\u0119dzie zakup <a href=\"https:\/\/lemarpol.eu\/oferta\/wozki-widlowe-i-platformy-robocze\/wozki-widlowe\/wozki-widlowe-terenowe\/\" target=\"_blank\" rel=\"noopener\">w\u00f3zk\u00f3w w\u00f3zk\u00f3w wid\u0142owych terenowych<\/a>.<\/li><\/ul>\n\n\n\n<p>Jednak w przypadku u\u017cywanych pojazd\u00f3w liczy si\u0119 znacznie wi\u0119cej ni\u017c tylko wybranie w\u0142a\u015bciwego modelu o parametrach, kt\u00f3re b\u0119d\u0105 dopasowane do oczekiwa\u0144. Nale\u017cy zwr\u00f3ci\u0107 uwag\u0119 na znacznie wi\u0119cej czynnik\u00f3w.<\/p>\n\n\n\n<h2 class=\"wp-block-heading\"><strong>Na co zwr\u00f3ci\u0107 uwag\u0119 wybieraj\u0105c w\u00f3zek wid\u0142owy u\u017cywany?<\/strong><\/h2>\n\n\n\n<figure class=\"wp-block-image size-large is-resized\"><img decoding=\"async\" data-src=\"https:\/\/gazetaregionalna.com\/wp-content\/uploads\/2024\/01\/obraz_3.jpg\" alt=\"\" class=\"wp-image-120658 lazyload\" width=\"696\" height=\"467\" data-srcset=\"https:\/\/gazetaregionalna.com\/wp-content\/uploads\/2024\/01\/obraz_3.jpg 900w, https:\/\/gazetaregionalna.com\/wp-content\/uploads\/2024\/01\/obraz_3-300x202.jpg 300w, https:\/\/gazetaregionalna.com\/wp-content\/uploads\/2024\/01\/obraz_3-768x516.jpg 768w, https:\/\/gazetaregionalna.com\/wp-content\/uploads\/2024\/01\/obraz_3-696x468.jpg 696w, https:\/\/gazetaregionalna.com\/wp-content\/uploads\/2024\/01\/obraz_3-625x420.jpg 625w\" data-sizes=\"(max-width: 696px) 100vw, 696px\" src=\"data:image\/svg+xml;base64,PHN2ZyB3aWR0aD0iMSIgaGVpZ2h0PSIxIiB4bWxucz0iaHR0cDovL3d3dy53My5vcmcvMjAwMC9zdmciPjwvc3ZnPg==\" style=\"--smush-placeholder-width: 696px; --smush-placeholder-aspect-ratio: 696\/467;\" \/><figcaption>Sprawdzanie stanu technicznego u\u017cywanego widlaka, <small>\u017ar\u00f3d\u0142o:<\/small> <small>Manitou<\/small><\/figcaption><\/figure>\n\n\n\n<p><strong>Nap\u0119d, wysoko\u015b\u0107 podnoszenia, ud\u017awig<\/strong> &#8211; ale to jeszcze nie wszystko. W przypadku w\u00f3zk\u00f3w wid\u0142owych u\u017cywanych koniecznie nale\u017cy przyjrze\u0107 si\u0119 bli\u017cej kilku aspektom, kt\u00f3re b\u0119d\u0105 istotne w p\u00f3\u017aniejszej eksploatacji w\u00f3zka wid\u0142owego. S\u0105 to na przyk\u0142ad:<\/p>\n\n\n\n<ul class=\"wp-block-list\"><li><strong>ilo\u015b\u0107 przepracowanych motogodzin<\/strong>,<\/li><li>rok produkcji,<\/li><li><strong>stan techniczny<\/strong> &#8211; w tym wymienione cz\u0119\u015bci, og\u00f3lny stan cz\u0119\u015bci, wide\u0142, uk\u0142adu podnoszenia, stan opon itd.,<\/li><li>dotychczasowe <strong>warunki pracy<\/strong> (jednak nie zawsze jest si\u0119 w stanie je pozna\u0107),<\/li><li>ewentualnie<strong> dodatkowy osprz\u0119t<\/strong>, kt\u00f3ry mo\u017cna uzyska\u0107 w cenie w\u00f3zka lub za niewielk\u0105 dop\u0142at\u0105.<\/li><\/ul>\n\n\n\n<p>A dla u\u0142atwienia zebrania wi\u0119kszo\u015bci tych kwestii przysz\u0142y nabywca powinien zapyta\u0107 o <strong>resurs w\u00f3zka wid\u0142owego<\/strong>, kt\u00f3ry to jest prognozowanym czasem zdolno\u015bci w\u00f3zka wid\u0142owego do w pe\u0142ni bezpiecznego u\u017cytku. Wyliczany na podstawie wielu czynnik\u00f3w, w tym stanu technicznego, pomaga oceni\u0107 czy dany u\u017cywany w\u00f3zek wid\u0142owy wart jest uwagi oraz zakupu a tak\u017ce ile trzeba b\u0119dzie w niego zainwestowa\u0107 w najbli\u017cszej przysz\u0142o\u015bci.<\/p>\n\n\n\n<h2 class=\"wp-block-heading\"><strong>Czy zakup u\u017cywanego w\u00f3zka jest op\u0142acalny?<\/strong><\/h2>\n\n\n\n<p>Zdecydowanie tak. W zale\u017cno\u015bci od oferty, cena zakupu u\u017cywanego w\u00f3zka wid\u0142owego wynosi zazwyczaj <strong>od oko\u0142o 30% do 50% mniej ni\u017c oryginalna cena rynkowa<\/strong>. Oczywi\u015bcie wp\u0142yw na to ma wiele czynnik\u00f3w &#8211; w tym te wymienione i wskazane powy\u017cej &#8211; takie jak stan, ilo\u015b\u0107 przepracowanych godzin itd. Jednak to w\u0142a\u015bnie <strong>op\u0142acalno\u015b\u0107<\/strong> jest g\u0142\u00f3wnym powodem, dla kt\u00f3rego przedsi\u0119biorcy decyduj\u0105 si\u0119 na wyb\u00f3r do swoich firm u\u017cywanych w\u00f3zk\u00f3w wid\u0142owych.<\/p>\n\n\n\n<h2 class=\"wp-block-heading\"><strong>U\u017cywane w\u00f3zki wid\u0142owe = niskie ceny<\/strong><\/h2>\n\n\n\n<figure class=\"wp-block-image size-large is-resized\"><img decoding=\"async\" data-src=\"https:\/\/gazetaregionalna.com\/wp-content\/uploads\/2024\/01\/obraz_1.jpg\" alt=\"\" class=\"wp-image-120659 lazyload\" width=\"696\" height=\"464\" data-srcset=\"https:\/\/gazetaregionalna.com\/wp-content\/uploads\/2024\/01\/obraz_1.jpg 900w, https:\/\/gazetaregionalna.com\/wp-content\/uploads\/2024\/01\/obraz_1-300x200.jpg 300w, https:\/\/gazetaregionalna.com\/wp-content\/uploads\/2024\/01\/obraz_1-768x512.jpg 768w, https:\/\/gazetaregionalna.com\/wp-content\/uploads\/2024\/01\/obraz_1-696x464.jpg 696w, https:\/\/gazetaregionalna.com\/wp-content\/uploads\/2024\/01\/obraz_1-630x420.jpg 630w\" data-sizes=\"(max-width: 696px) 100vw, 696px\" src=\"data:image\/svg+xml;base64,PHN2ZyB3aWR0aD0iMSIgaGVpZ2h0PSIxIiB4bWxucz0iaHR0cDovL3d3dy53My5vcmcvMjAwMC9zdmciPjwvc3ZnPg==\" style=\"--smush-placeholder-width: 696px; --smush-placeholder-aspect-ratio: 696\/464;\" \/><figcaption>U\u017cywane w\u00f3zki wid\u0142owe, <small>\u017ar\u00f3d\u0142o:<\/small> <small>Lemarpol<\/small><\/figcaption><\/figure>\n\n\n\n<p>Zdecydowanie prawd\u0105 jest, i\u017c to w\u0142a\u015bnie <strong>niska cena <\/strong>przemawia za zakupem w\u00f3zk\u00f3w wid\u0142owych u\u017cywanych. Ni\u017cszy koszt to mniejsze wydatki oraz dodatkowy bud\u017cet na dalszy rozw\u00f3j firmy. To zdecydowany atut dla wielu przedsi\u0119biorstw, kt\u00f3re dopiero stawiaj\u0105 pierwsze kroki i potrzebuj\u0105 niezawodnego sprz\u0119tu w niskiej cenie, ale te\u017c dla du\u017cych firm, kt\u00f3re niskim kosztem chc\u0105 pozyska\u0107 wiele urz\u0105dze\u0144, kt\u00f3re b\u0119d\u0105 wykorzystywane do intensywnej (cz\u0119sto kilkuzmianowej) pracy.<\/p>\n\n\n\n<h2 class=\"wp-block-heading\"><strong>W\u00f3zek wid\u0142owy u\u017cywany &#8211; wynajem<\/strong><\/h2>\n\n\n\n<p>Alternatywn\u0105 opcj\u0105 do zakupu w\u00f3zk\u00f3w wid\u0142owych u\u017cywanych jest ich <strong>wynajem<\/strong>. Dla wielu przedsi\u0119biorstw wynajem w\u00f3zk\u00f3w wid\u0142owych mo\u017ce by\u0107 atrakcyjnym rozwi\u0105zaniem, jednak co oczywiste jest to do\u015b\u0107 dora\u017ane dzia\u0142anie, w wyniku kt\u00f3rego w\u00f3zek wid\u0142owy nie przechodzi na w\u0142asno\u015b\u0107.<\/p>\n\n\n\n<p>Podno\u015bniki oferowane na wynajem to r\u00f3wnie\u017c u\u017cywane maszyny. Wypo\u017cyczalnie dbaj\u0105 jednak o to, aby ka\u017cdy sprz\u0119t by\u0142 w stanie technicznym mog\u0105cym zapewni\u0107 natychmiastowe przyst\u0105pienie do dzia\u0142ania urz\u0105dzenia. Jednak, co oczywiste, po sko\u0144czonym okresie najmu w\u00f3zek wid\u0142owy nale\u017cy zwr\u00f3ci\u0107 do wypo\u017cyczalni w stanie nienaruszonym (dopuszczalne s\u0105 niewielkie naturalne \u015blady u\u017cytkowania powstaj\u0105ce w wyniku pracy).<\/p>\n\n\n\n<h2 class=\"wp-block-heading\"><strong>Sprawd\u017a ofert\u0119 u\u017cywanych w\u00f3zk\u00f3w wid\u0142owych na sprzeda\u017c<\/strong><\/h2>\n\n\n\n<figure class=\"wp-block-image size-large is-resized\"><img decoding=\"async\" data-src=\"https:\/\/gazetaregionalna.com\/wp-content\/uploads\/2024\/01\/obraz_2.jpg\" alt=\"\" class=\"wp-image-120660 lazyload\" width=\"696\" height=\"464\" data-srcset=\"https:\/\/gazetaregionalna.com\/wp-content\/uploads\/2024\/01\/obraz_2.jpg 900w, https:\/\/gazetaregionalna.com\/wp-content\/uploads\/2024\/01\/obraz_2-300x200.jpg 300w, https:\/\/gazetaregionalna.com\/wp-content\/uploads\/2024\/01\/obraz_2-768x512.jpg 768w, https:\/\/gazetaregionalna.com\/wp-content\/uploads\/2024\/01\/obraz_2-696x464.jpg 696w, https:\/\/gazetaregionalna.com\/wp-content\/uploads\/2024\/01\/obraz_2-630x420.jpg 630w\" data-sizes=\"(max-width: 696px) 100vw, 696px\" src=\"data:image\/svg+xml;base64,PHN2ZyB3aWR0aD0iMSIgaGVpZ2h0PSIxIiB4bWxucz0iaHR0cDovL3d3dy53My5vcmcvMjAwMC9zdmciPjwvc3ZnPg==\" style=\"--smush-placeholder-width: 696px; --smush-placeholder-aspect-ratio: 696\/464;\" \/><figcaption>Zakup u\u017cywanego w\u00f3zka wid\u0142owego, <small>\u017ar\u00f3d\u0142o:<\/small> <small>Manitou<\/small><\/figcaption><\/figure>\n\n\n\n<p>Je\u015bli interesuj\u0105 Ci\u0119 markowe <a href=\"https:\/\/lemarpol.com.pl\/wozki\/uzywane-wozki-widlowe\/\" target=\"_blank\" rel=\"noopener\">w\u00f3zki wid\u0142owe u\u017cywane<\/a> na sprzeda\u017c, nie czekaj tylko sprawd\u017a ofert\u0119 od <strong>Lemarpol W\u00f3zki Wid\u0142owe<\/strong>. Du\u017ca r\u00f3\u017cnorodno\u015b\u0107 sprz\u0119t\u00f3w: <strong>w\u00f3zki marki Manitou, Toyota, Linde, Still i wiele wi\u0119cej<\/strong> a tak\u017ce lata do\u015bwiadczenia w bran\u017cy sprawiaj\u0105, \u017ce ten sk\u0142ad w\u00f3zk\u00f3w wid\u0142owych nowych i u\u017cywanych dostarcza urz\u0105dzenia na sprzeda\u017c do przedsi\u0119biorstw na terenie ca\u0142ej Polski.<\/p>\n\n\n\n<p><strong>Nie czekaj i ju\u017c teraz sprawd\u017a<\/strong> czy znajdziesz w ofercie Lemarpol w\u00f3zek, kt\u00f3ry odpowie na potrzeby Twojej firmy i jej transportu.<\/p>\n","protected":false},"excerpt":{"rendered":"<p>Zakup w\u00f3zk\u00f3w wid\u0142owych u\u017cywanych mo\u017ce okaza\u0107 si\u0119 niezwykle op\u0142acaln\u0105 inwestycj\u0105. Szczeg\u00f3lnie w przypadku, gdy prawid\u0142owo dobierze si\u0119 parametry urz\u0105dzenia i trafi na szczeg\u00f3lnie atrakcyjn\u0105<\/p>\n","protected":false},"author":5,"featured_media":120656,"comment_status":"closed","ping_status":"open","sticky":false,"template":"","format":"standard","meta":{"_monsterinsights_skip_tracking":false,"_monsterinsights_sitenote_active":false,"_monsterinsights_sitenote_note":"","_monsterinsights_sitenote_category":0,"_uf_show_specific_survey":0,"_uf_disable_surveys":false,"footnotes":""},"categories":[43,94],"tags":[8790],"class_list":["post-120654","post","type-post","status-publish","format-standard","has-post-thumbnail","hentry","category-biznes","category-polecane","tag-lemarpol-wozki-widlowe"],"_links":{"self":[{"href":"https:\/\/gazetaregionalna.com\/index.php?rest_route=\/wp\/v2\/posts\/120654","targetHints":{"allow":["GET"]}}],"collection":[{"href":"https:\/\/gazetaregionalna.com\/index.php?rest_route=\/wp\/v2\/posts"}],"about":[{"href":"https:\/\/gazetaregionalna.com\/index.php?rest_route=\/wp\/v2\/types\/post"}],"author":[{"embeddable":true,"href":"https:\/\/gazetaregionalna.com\/index.php?rest_route=\/wp\/v2\/users\/5"}],"replies":[{"embeddable":true,"href":"https:\/\/gazetaregionalna.com\/index.php?rest_route=%2Fwp%2Fv2%2Fcomments&post=120654"}],"version-history":[{"count":2,"href":"https:\/\/gazetaregionalna.com\/index.php?rest_route=\/wp\/v2\/posts\/120654\/revisions"}],"predecessor-version":[{"id":120661,"href":"https:\/\/gazetaregionalna.com\/index.php?rest_route=\/wp\/v2\/posts\/120654\/revisions\/120661"}],"wp:featuredmedia":[{"embeddable":true,"href":"https:\/\/gazetaregionalna.com\/index.php?rest_route=\/wp\/v2\/media\/120656"}],"wp:attachment":[{"href":"https:\/\/gazetaregionalna.com\/index.php?rest_route=%2Fwp%2Fv2%2Fmedia&parent=120654"}],"wp:term":[{"taxonomy":"category","embeddable":true,"href":"https:\/\/gazetaregionalna.com\/index.php?rest_route=%2Fwp%2Fv2%2Fcategories&post=120654"},{"taxonomy":"post_tag","embeddable":true,"href":"https:\/\/gazetaregionalna.com\/index.php?rest_route=%2Fwp%2Fv2%2Ftags&post=120654"}],"curies":[{"name":"wp","href":"https:\/\/api.w.org\/{rel}","templated":true}]}}