{"id":120538,"date":"2024-01-19T15:53:58","date_gmt":"2024-01-19T15:53:58","guid":{"rendered":"https:\/\/gazetaregionalna.com\/?p=120538"},"modified":"2024-01-19T15:54:00","modified_gmt":"2024-01-19T15:54:00","slug":"do-czestochowy-przyjedzie-wicelider-pl-aluron-warta-zawiercie-z-trenerem-michalem-winiarskim-i-mateuszem-bienkiem-w-skladzie","status":"publish","type":"post","link":"https:\/\/gazetaregionalna.com\/?p=120538","title":{"rendered":"Do Cz\u0119stochowy przyjedzie wicelider PL Aluron Warta Zawiercie z trenerem Micha\u0142em Winiarskim i Mateuszem Bie\u0144kiem w sk\u0142adzie"},"content":{"rendered":"\n<p>Dwa mecze w ci\u0105gu trzech dni rozegraj\u0105 w najbli\u017cszym czasie w Plus Lidze siatkarze Exact Systems Hemarpol. W niedziel\u0119 podejmowa\u0107 b\u0119d\u0105 w HSC Alurton Wart\u0119 Zawiercie, a ju\u017c we wtorek zagraj\u0105 w Jastrz\u0119biu z mistrzem Polski i liderem PL Jastrz\u0119bskim W\u0119glem.<\/p>\n\n\n\n<p>Siatkarze Exact Systems Hemarpol od pora\u017cki w Suwa\u0142kach rozpocz\u0119li rund\u0119 rewan\u017cow\u0105 w Plus Lidze. Kibice liczyli na rewan\u017c ze \u015alepskiem, a tymczasem cz\u0119stochowianie po kilku dobrych meczach przegrali 0:3. Teraz dru\u017cyn\u0119 trenera Leszka Hudziaka czekaj\u0105 dwa mecze ze \u201e\u015bl\u0105skimi\u201d dru\u017cynami, kt\u00f3re aktualnie zajmuj\u0105 dwa czo\u0142owe miejsce w tabeli Plus Ligi.<\/p>\n\n\n\n<p>Ju\u017c w niedziel\u0119 o godz. 17:30 Exact Systems Hemarpol podejmowa\u0107 b\u0119dzie Aluron Wart\u0119 Zawiercie, kt\u00f3ry jest wiceliderem Plus Ligi. Dru\u017cyna trenera Micha\u0142a Winiarskiego, kt\u00f3ry jest bardzo dobrze znany w Cz\u0119stochowie, po 16 kolejkach ma 38 punkt\u00f3w i zajmuje 2. miejsce w tabeli. Bilans siatkarzy z Zawiercia to 13 wygranych i 3 pora\u017cki. Aluron traci do prowadz\u0105cego Jastrz\u0119bskiego W\u0119gla 4 punkty, a nad 12. Exact Systems Hemarpol ma 21 punkt\u00f3w przewagi.<\/p>\n\n\n\n<p>W niedziel\u0119 do Cz\u0119stochowy wybiera si\u0119 spora zorganizowana grupa kibic\u00f3w z Zawiercia. Dlatego mo\u017cna spodziewa\u0107 si\u0119 g\u0142o\u015bnego dopingu na trybunach.<\/p>\n\n\n\n<p>W dru\u017cynie Aluron Warta graj\u0105 m.in. Mateusz Bieniek, Bartosz Kwolek, Karol Butryn, Mi\u0142osz Zniszczo\u0142 czy te\u017c Miguel Tavares, Trevor Clevenot, Luke Perry.<\/p>\n\n\n\n<p>Siatkarze Exact Systems Hemarpol przygotowywali si\u0119 do meczu z wiceliderem graj\u0105c m.in. ze swoimi kibicami w kr\u0119gle. Wszystko w ramach pomocy dla Wielkiej Orkiestry \u015awi\u0105tecznej Pomocy.<\/p>\n\n\n\n<p>&#8211; Ciesz\u0119 si\u0119, \u017ce po raz pierwszy w historii naszego klubu b\u0119dziemy mieli okazj\u0119 stan\u0105\u0107 w roli gospodarza meczu ligowego, w kt\u00f3rym naszym przeciwnikiem b\u0119dzie zesp\u00f3\u0142 z Zawiercia. Cz\u0119stochowa i Zawiercie s\u0105 po\u0142o\u017cone w niedalekiej odleg\u0142o\u015bci, dlatego g\u0142\u0119boko wierz\u0119, \u017ce frekwencja kibic\u00f3w obu dru\u017cyn b\u0119dzie bardzo wysoka. Zapraszam do Hali Sportowej Cz\u0119stochowa ju\u017c w najbli\u017csz\u0105 niedziel\u0119 i \u017cycz\u0119 Pa\u0144stwu wspania\u0142ego sportowego widowiska \u2013 m\u00f3wi Les\u0142aw Walaszczyk, prezes Sp\u00f3\u0142ki Klub Sportowy Norwid Cz\u0119stochowa.<\/p>\n\n\n\n<p>Niedziela 21 stycznia to nie tylko siatkarskie \u015bwi\u0119to w Cz\u0119stochowie, ale i Dzie\u0144 Babci. Z tej okazji Klub Sportowy Norwid Cz\u0119stochowa przy wsp\u00f3\u0142pracy z Cz\u0119stochowskim Stowarzyszeniem Amazonek przygotowa\u0142 niespodziank\u0119 dla cz\u0119stochowskich senior\u00f3w. W godzinach 15.30-17.00 na parkingu Hali Sportowej Cz\u0119stochowa pojawi si\u0119 cytobus, w kt\u00f3rym b\u0119dzie mo\u017cna wykona\u0107 bezp\u0142atne badanie cytologiczne, natomiast w czasie trwania meczu w holu hali seniorzy znajd\u0105 dedykowane dla nich stoisko Stowarzyszenia Cz\u0119stochowskich Amazonek.<\/p>\n\n\n\n<p>&#8211; Siatk\u00f3wka to sport rodzinny, bardzo cenimy sobie to, \u017ce na nasze mecze przychodz\u0105 kibice w ka\u017cdym wieku. Od ubieg\u0142ego sezonu mamy w hali stref\u0119 dzieci\u0119c\u0105, a teraz, korzystaj\u0105c z okazji, \u017ce rozgrywamy spotkanie w Dzie\u0144 Babci szczeg\u00f3lnie zapraszamy do wsp\u00f3lnego \u015bwi\u0119towania i skorzystania ze specjalnie przygotowanych atrakcji tak\u017ce senior\u00f3w \u2013dodaje Les\u0142aw Walaszczyk, prezes Sp\u00f3\u0142ki Klub Sportowy Norwid Cz\u0119stochowa.<\/p>\n\n\n\n<p>Niedzielny mecz zaplanowany jest w HSC przy ul. \u017bu\u017clowej o godz. 17:30.<\/p>\n\n\n\n<p>MR-K, fot: MR-K<\/p>\n\n\n\n<p>Partnerami relacji sportowych s\u0105:<\/p>\n\n\n\n<p>Nowa Deweloper (www.nowadeweloper.pl)<\/p>\n\n\n\n<p>DMK Invest materia\u0142y budowlane Konopiska (www.dmkinvest.pl)<\/p>\n\n\n\n<figure class=\"wp-block-image size-large\"><img decoding=\"async\" width=\"1024\" height=\"670\" data-src=\"https:\/\/gazetaregionalna.com\/wp-content\/uploads\/2023\/11\/ExactSystems-Resovia-6-2-1024x670.jpg\" alt=\"\" class=\"wp-image-117886 lazyload\" data-srcset=\"https:\/\/gazetaregionalna.com\/wp-content\/uploads\/2023\/11\/ExactSystems-Resovia-6-2-1024x670.jpg 1024w, https:\/\/gazetaregionalna.com\/wp-content\/uploads\/2023\/11\/ExactSystems-Resovia-6-2-300x196.jpg 300w, https:\/\/gazetaregionalna.com\/wp-content\/uploads\/2023\/11\/ExactSystems-Resovia-6-2-768x503.jpg 768w, https:\/\/gazetaregionalna.com\/wp-content\/uploads\/2023\/11\/ExactSystems-Resovia-6-2-1536x1005.jpg 1536w, https:\/\/gazetaregionalna.com\/wp-content\/uploads\/2023\/11\/ExactSystems-Resovia-6-2-696x455.jpg 696w, https:\/\/gazetaregionalna.com\/wp-content\/uploads\/2023\/11\/ExactSystems-Resovia-6-2-1068x699.jpg 1068w, https:\/\/gazetaregionalna.com\/wp-content\/uploads\/2023\/11\/ExactSystems-Resovia-6-2-1920x1256.jpg 1920w, https:\/\/gazetaregionalna.com\/wp-content\/uploads\/2023\/11\/ExactSystems-Resovia-6-2-642x420.jpg 642w, https:\/\/gazetaregionalna.com\/wp-content\/uploads\/2023\/11\/ExactSystems-Resovia-6-2-741x486.jpg 741w, https:\/\/gazetaregionalna.com\/wp-content\/uploads\/2023\/11\/ExactSystems-Resovia-6-2-scaled.jpg 1600w\" data-sizes=\"(max-width: 1024px) 100vw, 1024px\" src=\"data:image\/svg+xml;base64,PHN2ZyB3aWR0aD0iMSIgaGVpZ2h0PSIxIiB4bWxucz0iaHR0cDovL3d3dy53My5vcmcvMjAwMC9zdmciPjwvc3ZnPg==\" style=\"--smush-placeholder-width: 1024px; --smush-placeholder-aspect-ratio: 1024\/670;\" \/><\/figure>\n\n\n\n<figure class=\"wp-block-image size-large\"><img decoding=\"async\" width=\"1024\" height=\"1024\" data-src=\"https:\/\/gazetaregionalna.com\/wp-content\/uploads\/2023\/11\/NowaDeweloper-Rakow-1024x1024.jpg\" alt=\"\" class=\"wp-image-117809 lazyload\" data-srcset=\"https:\/\/gazetaregionalna.com\/wp-content\/uploads\/2023\/11\/NowaDeweloper-Rakow-1024x1024.jpg 1024w, https:\/\/gazetaregionalna.com\/wp-content\/uploads\/2023\/11\/NowaDeweloper-Rakow-300x300.jpg 300w, https:\/\/gazetaregionalna.com\/wp-content\/uploads\/2023\/11\/NowaDeweloper-Rakow-150x150.jpg 150w, https:\/\/gazetaregionalna.com\/wp-content\/uploads\/2023\/11\/NowaDeweloper-Rakow-768x768.jpg 768w, https:\/\/gazetaregionalna.com\/wp-content\/uploads\/2023\/11\/NowaDeweloper-Rakow-696x696.jpg 696w, https:\/\/gazetaregionalna.com\/wp-content\/uploads\/2023\/11\/NowaDeweloper-Rakow-1068x1068.jpg 1068w, https:\/\/gazetaregionalna.com\/wp-content\/uploads\/2023\/11\/NowaDeweloper-Rakow-420x420.jpg 420w, https:\/\/gazetaregionalna.com\/wp-content\/uploads\/2023\/11\/NowaDeweloper-Rakow.jpg 1080w\" data-sizes=\"(max-width: 1024px) 100vw, 1024px\" src=\"data:image\/svg+xml;base64,PHN2ZyB3aWR0aD0iMSIgaGVpZ2h0PSIxIiB4bWxucz0iaHR0cDovL3d3dy53My5vcmcvMjAwMC9zdmciPjwvc3ZnPg==\" style=\"--smush-placeholder-width: 1024px; --smush-placeholder-aspect-ratio: 1024\/1024;\" \/><\/figure>\n\n\n\n<figure class=\"wp-block-image size-large\"><img decoding=\"async\" width=\"300\" height=\"250\" data-src=\"https:\/\/gazetaregionalna.com\/wp-content\/uploads\/2022\/04\/DMK-10.jpg\" alt=\"\" class=\"wp-image-77218 lazyload\" src=\"data:image\/svg+xml;base64,PHN2ZyB3aWR0aD0iMSIgaGVpZ2h0PSIxIiB4bWxucz0iaHR0cDovL3d3dy53My5vcmcvMjAwMC9zdmciPjwvc3ZnPg==\" style=\"--smush-placeholder-width: 300px; --smush-placeholder-aspect-ratio: 300\/250;\"><\/figure>\n","protected":false},"excerpt":{"rendered":"<p>Dwa mecze w ci\u0105gu trzech dni rozegraj\u0105 w najbli\u017cszym czasie w Plus Lidze siatkarze Exact Systems Hemarpol. W niedziel\u0119 podejmowa\u0107 b\u0119d\u0105 w HSC Alurton<\/p>\n","protected":false},"author":15,"featured_media":117886,"comment_status":"closed","ping_status":"open","sticky":false,"template":"","format":"standard","meta":{"_monsterinsights_skip_tracking":false,"_monsterinsights_sitenote_active":false,"_monsterinsights_sitenote_note":"","_monsterinsights_sitenote_category":0,"_uf_show_specific_survey":0,"_uf_disable_surveys":false,"footnotes":""},"categories":[5,8],"tags":[],"class_list":["post-120538","post","type-post","status-publish","format-standard","has-post-thumbnail","hentry","category-sport","category-siatkowka"],"_links":{"self":[{"href":"https:\/\/gazetaregionalna.com\/index.php?rest_route=\/wp\/v2\/posts\/120538","targetHints":{"allow":["GET"]}}],"collection":[{"href":"https:\/\/gazetaregionalna.com\/index.php?rest_route=\/wp\/v2\/posts"}],"about":[{"href":"https:\/\/gazetaregionalna.com\/index.php?rest_route=\/wp\/v2\/types\/post"}],"author":[{"embeddable":true,"href":"https:\/\/gazetaregionalna.com\/index.php?rest_route=\/wp\/v2\/users\/15"}],"replies":[{"embeddable":true,"href":"https:\/\/gazetaregionalna.com\/index.php?rest_route=%2Fwp%2Fv2%2Fcomments&post=120538"}],"version-history":[{"count":1,"href":"https:\/\/gazetaregionalna.com\/index.php?rest_route=\/wp\/v2\/posts\/120538\/revisions"}],"predecessor-version":[{"id":120539,"href":"https:\/\/gazetaregionalna.com\/index.php?rest_route=\/wp\/v2\/posts\/120538\/revisions\/120539"}],"wp:featuredmedia":[{"embeddable":true,"href":"https:\/\/gazetaregionalna.com\/index.php?rest_route=\/wp\/v2\/media\/117886"}],"wp:attachment":[{"href":"https:\/\/gazetaregionalna.com\/index.php?rest_route=%2Fwp%2Fv2%2Fmedia&parent=120538"}],"wp:term":[{"taxonomy":"category","embeddable":true,"href":"https:\/\/gazetaregionalna.com\/index.php?rest_route=%2Fwp%2Fv2%2Fcategories&post=120538"},{"taxonomy":"post_tag","embeddable":true,"href":"https:\/\/gazetaregionalna.com\/index.php?rest_route=%2Fwp%2Fv2%2Ftags&post=120538"}],"curies":[{"name":"wp","href":"https:\/\/api.w.org\/{rel}","templated":true}]}}