{"id":120354,"date":"2024-01-16T15:46:48","date_gmt":"2024-01-16T15:46:48","guid":{"rendered":"https:\/\/gazetaregionalna.com\/?p=120354"},"modified":"2024-01-16T15:51:48","modified_gmt":"2024-01-16T15:51:48","slug":"mlodziez-wlokniarz-czestochowa-trenuje-przed-sezonem-przygotowania-motoryczne-i-kondycyjne-pod-okiem-sebastaina-ulamka-i-bartosza-swiacika","status":"publish","type":"post","link":"https:\/\/gazetaregionalna.com\/?p=120354","title":{"rendered":"M\u0142odzie\u017c W\u0142\u00f3kniarz Cz\u0119stochowa trenuje przed sezonem. Przygotowania motoryczne i kondycyjne pod okiem Sebastiana U\u0142amka i Bartosza \u015awi\u0105cika"},"content":{"rendered":"\n<p>Pocz\u0105tek nowego roku to czas, kiedy dru\u017cyny \u017cu\u017clowe rozpoczynaj\u0105 intensywne przygotowania kondycyjne i og\u00f3lnorozwojowe. Tak te\u017c jest w przypadku m\u0142odzie\u017cowc\u00f3w W\u0142\u00f3kniarza Cz\u0119stochowa, kt\u00f3rzy trenuj\u0105 pod okiem trener\u00f3w: Sebastiana U\u0142amka i Bartosza \u015awi\u0105cika.<\/p>\n\n\n\n<p>&#8222;W zdrowym ciele zdrowy duch&#8221; to znane wszystkim przys\u0142owie, kt\u00f3rym karmieni jeste\u015bmy od najm\u0142odszych lat. Nie ma w tym jednak nic dziwnego, bowiem wraz z up\u0142ywaj\u0105cym czasem ka\u017cdy cz\u0142owiek na w\u0142asnej sk\u00f3rze przekonuje si\u0119, \u017ce dobre samopoczucie to wypadkowa wielu czynnik\u00f3w, na kt\u00f3r\u0105 sk\u0142ada si\u0119 mi\u0119dzy innymi kondycja fizyczna. Im wi\u0119kszy ma ona wp\u0142yw na nasze codzienne \u017cycie, tym wi\u0119cej czasu, si\u0142 oraz energii nale\u017cy jej po\u015bwi\u0119ci\u0107. Profesjonalni \u017cu\u017clowcy, kt\u00f3rzy mog\u0105 pochwali\u0107 si\u0119 licznymi sukcesami, zdaj\u0105 sobie doskonale spraw\u0119 z tego, \u017ce dobry silnik zakupiony przed sezonem jest r\u00f3wnie wa\u017cny co w\u0142a\u015bciwe przygotowanie fizyczne.<\/p>\n\n\n\n<p>Maj\u0105c to na uwadze zarz\u0105d W\u0142\u00f3kniarza Cz\u0119stochowa \u2014 opieraj\u0105c si\u0119 na opinii i pomy\u015ble trenera junior\u00f3w oraz kadry U24 Sebastiana U\u0142amka oraz trenera mini\u017cu\u017clowc\u00f3w Bartosza \u015awi\u0105cika, wzorem lat ubieg\u0142ych, zorganizowa\u0142 w tegorocznej przerwie zimowej liczne zaj\u0119cia sportowe. Jedn\u0105 z przygotowanych aktywno\u015bci s\u0105 treningi na sali gimnastycznej.<\/p>\n\n\n\n<p>Zawodnicy spotykaj\u0105 si\u0119 na sesjach grupowych, korzystaj\u0105c mi\u0119dzy innymi z sali sportowej udost\u0119pnionej przez naszego partnera Gabinetu Rehabilitacji KINESIS w Cz\u0119stochowie, mieszcz\u0105cej si\u0119 przy ulicy Alei Naj\u015bwi\u0119tszej Maryi Panny 12c. Nad planem treningowym oraz jego poprawnym wykonaniem czuwa dw\u00f3jka do\u015bwiadczonych trener\u00f3w: Piotr Lichota oraz Piotr Ruszel. G\u0142\u00f3wnym celem aktywno\u015bci na sali gimnastycznej jest poprawa motoryki oraz techniki wykonywanych \u0107wicze\u0144. Zestawy treningowe s\u0105 przygotowane w taki spos\u00f3b, aby nasi adepci, juniorzy oraz zawodnicy kadry U24 mogli je r\u00f3wnie\u017c wykorzysta\u0107 jako element rozgrzewki przed zawodami.<\/p>\n\n\n\n<p>MR-K, materia\u0142y prasowe klubu, fot: Grzegorz Misiak (W\u0142\u00f3kniarz Cz\u0119stochowa)<\/p>\n\n\n\n<p>Partnerami relacji sportowych s\u0105:<\/p>\n\n\n\n<p>Nowa Deweloper (www.nowadeweloper.pl)<\/p>\n\n\n\n<p>DMK Invest materia\u0142y budowlane Konopiska (www.dmkinvest.pl)<\/p>\n\n\n\n<figure class=\"wp-block-image size-large\"><img decoding=\"async\" width=\"1024\" height=\"745\" data-src=\"https:\/\/gazetaregionalna.com\/wp-content\/uploads\/2024\/01\/Wlokniarz-foto-grzegorz-misiak-2-1024x745.jpeg\" alt=\"\" class=\"wp-image-120353 lazyload\" data-srcset=\"https:\/\/gazetaregionalna.com\/wp-content\/uploads\/2024\/01\/Wlokniarz-foto-grzegorz-misiak-2-1024x745.jpeg 1024w, https:\/\/gazetaregionalna.com\/wp-content\/uploads\/2024\/01\/Wlokniarz-foto-grzegorz-misiak-2-300x218.jpeg 300w, https:\/\/gazetaregionalna.com\/wp-content\/uploads\/2024\/01\/Wlokniarz-foto-grzegorz-misiak-2-768x559.jpeg 768w, https:\/\/gazetaregionalna.com\/wp-content\/uploads\/2024\/01\/Wlokniarz-foto-grzegorz-misiak-2-1536x1117.jpeg 1536w, https:\/\/gazetaregionalna.com\/wp-content\/uploads\/2024\/01\/Wlokniarz-foto-grzegorz-misiak-2-2048x1490.jpeg 2048w, https:\/\/gazetaregionalna.com\/wp-content\/uploads\/2024\/01\/Wlokniarz-foto-grzegorz-misiak-2-696x506.jpeg 696w, https:\/\/gazetaregionalna.com\/wp-content\/uploads\/2024\/01\/Wlokniarz-foto-grzegorz-misiak-2-1068x777.jpeg 1068w, https:\/\/gazetaregionalna.com\/wp-content\/uploads\/2024\/01\/Wlokniarz-foto-grzegorz-misiak-2-1920x1397.jpeg 1920w, https:\/\/gazetaregionalna.com\/wp-content\/uploads\/2024\/01\/Wlokniarz-foto-grzegorz-misiak-2-577x420.jpeg 577w, https:\/\/gazetaregionalna.com\/wp-content\/uploads\/2024\/01\/Wlokniarz-foto-grzegorz-misiak-2-324x235.jpeg 324w, https:\/\/gazetaregionalna.com\/wp-content\/uploads\/2024\/01\/Wlokniarz-foto-grzegorz-misiak-2-scaled.jpeg 1600w\" data-sizes=\"(max-width: 1024px) 100vw, 1024px\" src=\"data:image\/svg+xml;base64,PHN2ZyB3aWR0aD0iMSIgaGVpZ2h0PSIxIiB4bWxucz0iaHR0cDovL3d3dy53My5vcmcvMjAwMC9zdmciPjwvc3ZnPg==\" style=\"--smush-placeholder-width: 1024px; --smush-placeholder-aspect-ratio: 1024\/745;\" \/><\/figure>\n\n\n\n<figure class=\"wp-block-image size-large\"><img decoding=\"async\" width=\"1024\" height=\"1024\" data-src=\"https:\/\/gazetaregionalna.com\/wp-content\/uploads\/2023\/11\/NowaDeweloper-Rakow-1024x1024.jpg\" alt=\"\" class=\"wp-image-117809 lazyload\" data-srcset=\"https:\/\/gazetaregionalna.com\/wp-content\/uploads\/2023\/11\/NowaDeweloper-Rakow-1024x1024.jpg 1024w, https:\/\/gazetaregionalna.com\/wp-content\/uploads\/2023\/11\/NowaDeweloper-Rakow-300x300.jpg 300w, https:\/\/gazetaregionalna.com\/wp-content\/uploads\/2023\/11\/NowaDeweloper-Rakow-150x150.jpg 150w, https:\/\/gazetaregionalna.com\/wp-content\/uploads\/2023\/11\/NowaDeweloper-Rakow-768x768.jpg 768w, https:\/\/gazetaregionalna.com\/wp-content\/uploads\/2023\/11\/NowaDeweloper-Rakow-696x696.jpg 696w, https:\/\/gazetaregionalna.com\/wp-content\/uploads\/2023\/11\/NowaDeweloper-Rakow-1068x1068.jpg 1068w, https:\/\/gazetaregionalna.com\/wp-content\/uploads\/2023\/11\/NowaDeweloper-Rakow-420x420.jpg 420w, https:\/\/gazetaregionalna.com\/wp-content\/uploads\/2023\/11\/NowaDeweloper-Rakow.jpg 1080w\" data-sizes=\"(max-width: 1024px) 100vw, 1024px\" src=\"data:image\/svg+xml;base64,PHN2ZyB3aWR0aD0iMSIgaGVpZ2h0PSIxIiB4bWxucz0iaHR0cDovL3d3dy53My5vcmcvMjAwMC9zdmciPjwvc3ZnPg==\" style=\"--smush-placeholder-width: 1024px; --smush-placeholder-aspect-ratio: 1024\/1024;\" \/><\/figure>\n\n\n\n<figure class=\"wp-block-image size-large\"><img decoding=\"async\" width=\"1024\" height=\"695\" data-src=\"https:\/\/gazetaregionalna.com\/wp-content\/uploads\/2024\/01\/Wlokniarz-foto-grzegorz-misiak-1-1024x695.jpeg\" alt=\"\" class=\"wp-image-120352 lazyload\" data-srcset=\"https:\/\/gazetaregionalna.com\/wp-content\/uploads\/2024\/01\/Wlokniarz-foto-grzegorz-misiak-1-1024x695.jpeg 1024w, https:\/\/gazetaregionalna.com\/wp-content\/uploads\/2024\/01\/Wlokniarz-foto-grzegorz-misiak-1-300x204.jpeg 300w, https:\/\/gazetaregionalna.com\/wp-content\/uploads\/2024\/01\/Wlokniarz-foto-grzegorz-misiak-1-768x521.jpeg 768w, https:\/\/gazetaregionalna.com\/wp-content\/uploads\/2024\/01\/Wlokniarz-foto-grzegorz-misiak-1-1536x1043.jpeg 1536w, https:\/\/gazetaregionalna.com\/wp-content\/uploads\/2024\/01\/Wlokniarz-foto-grzegorz-misiak-1-2048x1390.jpeg 2048w, https:\/\/gazetaregionalna.com\/wp-content\/uploads\/2024\/01\/Wlokniarz-foto-grzegorz-misiak-1-696x472.jpeg 696w, https:\/\/gazetaregionalna.com\/wp-content\/uploads\/2024\/01\/Wlokniarz-foto-grzegorz-misiak-1-1068x725.jpeg 1068w, https:\/\/gazetaregionalna.com\/wp-content\/uploads\/2024\/01\/Wlokniarz-foto-grzegorz-misiak-1-1920x1303.jpeg 1920w, https:\/\/gazetaregionalna.com\/wp-content\/uploads\/2024\/01\/Wlokniarz-foto-grzegorz-misiak-1-619x420.jpeg 619w, https:\/\/gazetaregionalna.com\/wp-content\/uploads\/2024\/01\/Wlokniarz-foto-grzegorz-misiak-1-scaled.jpeg 1600w\" data-sizes=\"(max-width: 1024px) 100vw, 1024px\" src=\"data:image\/svg+xml;base64,PHN2ZyB3aWR0aD0iMSIgaGVpZ2h0PSIxIiB4bWxucz0iaHR0cDovL3d3dy53My5vcmcvMjAwMC9zdmciPjwvc3ZnPg==\" style=\"--smush-placeholder-width: 1024px; --smush-placeholder-aspect-ratio: 1024\/695;\" \/><\/figure>\n\n\n\n<figure class=\"wp-block-image size-large\"><img decoding=\"async\" width=\"300\" height=\"250\" data-src=\"https:\/\/gazetaregionalna.com\/wp-content\/uploads\/2022\/04\/DMK-7.jpg\" alt=\"\" class=\"wp-image-77214 lazyload\" src=\"data:image\/svg+xml;base64,PHN2ZyB3aWR0aD0iMSIgaGVpZ2h0PSIxIiB4bWxucz0iaHR0cDovL3d3dy53My5vcmcvMjAwMC9zdmciPjwvc3ZnPg==\" style=\"--smush-placeholder-width: 300px; --smush-placeholder-aspect-ratio: 300\/250;\"><\/figure>\n","protected":false},"excerpt":{"rendered":"<p>Pocz\u0105tek nowego roku to czas, kiedy dru\u017cyny \u017cu\u017clowe rozpoczynaj\u0105 intensywne przygotowania kondycyjne i og\u00f3lnorozwojowe. Tak te\u017c jest w przypadku m\u0142odzie\u017cowc\u00f3w W\u0142\u00f3kniarza Cz\u0119stochowa, kt\u00f3rzy trenuj\u0105<\/p>\n","protected":false},"author":15,"featured_media":120353,"comment_status":"closed","ping_status":"open","sticky":false,"template":"","format":"standard","meta":{"_monsterinsights_skip_tracking":false,"_monsterinsights_sitenote_active":false,"_monsterinsights_sitenote_note":"","_monsterinsights_sitenote_category":0,"_uf_show_specific_survey":0,"_uf_disable_surveys":false,"footnotes":""},"categories":[5,7],"tags":[],"class_list":["post-120354","post","type-post","status-publish","format-standard","has-post-thumbnail","hentry","category-sport","category-zuzel"],"_links":{"self":[{"href":"https:\/\/gazetaregionalna.com\/index.php?rest_route=\/wp\/v2\/posts\/120354","targetHints":{"allow":["GET"]}}],"collection":[{"href":"https:\/\/gazetaregionalna.com\/index.php?rest_route=\/wp\/v2\/posts"}],"about":[{"href":"https:\/\/gazetaregionalna.com\/index.php?rest_route=\/wp\/v2\/types\/post"}],"author":[{"embeddable":true,"href":"https:\/\/gazetaregionalna.com\/index.php?rest_route=\/wp\/v2\/users\/15"}],"replies":[{"embeddable":true,"href":"https:\/\/gazetaregionalna.com\/index.php?rest_route=%2Fwp%2Fv2%2Fcomments&post=120354"}],"version-history":[{"count":2,"href":"https:\/\/gazetaregionalna.com\/index.php?rest_route=\/wp\/v2\/posts\/120354\/revisions"}],"predecessor-version":[{"id":120356,"href":"https:\/\/gazetaregionalna.com\/index.php?rest_route=\/wp\/v2\/posts\/120354\/revisions\/120356"}],"wp:featuredmedia":[{"embeddable":true,"href":"https:\/\/gazetaregionalna.com\/index.php?rest_route=\/wp\/v2\/media\/120353"}],"wp:attachment":[{"href":"https:\/\/gazetaregionalna.com\/index.php?rest_route=%2Fwp%2Fv2%2Fmedia&parent=120354"}],"wp:term":[{"taxonomy":"category","embeddable":true,"href":"https:\/\/gazetaregionalna.com\/index.php?rest_route=%2Fwp%2Fv2%2Fcategories&post=120354"},{"taxonomy":"post_tag","embeddable":true,"href":"https:\/\/gazetaregionalna.com\/index.php?rest_route=%2Fwp%2Fv2%2Ftags&post=120354"}],"curies":[{"name":"wp","href":"https:\/\/api.w.org\/{rel}","templated":true}]}}