{"id":120150,"date":"2024-01-11T15:18:32","date_gmt":"2024-01-11T15:18:32","guid":{"rendered":"https:\/\/gazetaregionalna.com\/?p=120150"},"modified":"2024-01-11T15:18:34","modified_gmt":"2024-01-11T15:18:34","slug":"stop-smog-nie-spalaj-smieci-w-domowym-piecu","status":"publish","type":"post","link":"https:\/\/gazetaregionalna.com\/?p=120150","title":{"rendered":"Stop SMOG! Nie spalaj \u015bmieci w domowym piecu&#8230;"},"content":{"rendered":"\n<p>Stra\u017c Miejska w Cz\u0119stochowie przypomina, \u017ce w domowych piecach nie wolno spala\u0107 \u015bmieci, bo to przyczynia si\u0119 do powstania smogu. Wsp\u00f3lnie zadbajmy o czyste powietrze i swoje zdrowie.<\/p>\n\n\n\n<p>Trwa sezon grzewczy. Mieszka\u0144cy Cz\u0119stochowy ogrzewaj\u0105 swoje domy. Nie wszyscy robi\u0105 to jednak zgodnie z prawem. Mimo licznych komunikat\u00f3w w poprzednich latach oraz akcji spo\u0142ecznych i edukacyjnych zdarzaj\u0105 si\u0119 osoby, kt\u00f3re nadal spalaj\u0105 \u015bmieci oraz inne odpady w domowych piecach. Spalane \u015bmieci m.in.: plastiki, stare ubrania, lakierowane drewno itp. przyczyniaj\u0105 si\u0119 do zanieczyszczenia powietrza i tym samym powstania smogu, kt\u00f3ry jest gro\u017any dla zdrowia ludzi.<\/p>\n\n\n\n<p>W poprzednim roku stra\u017cnicy miejscy przeprowadzili na terenie Cz\u0119stochowy ponad 2000 kontroli z czego ok. 1500 na wniosek mieszkanek i mieszka\u0144c\u00f3w miasta. Ok. 300 przypadk\u00f3w zako\u0144czy\u0142o si\u0119 ujawnieniem spalania \u015bmieci.<\/p>\n\n\n\n<p>Od pocz\u0105tku 2024 roku do 11 stycznia stra\u017cnicy miejscy przeprowadzili 48 kontroli podczas kt\u00f3rych ujawnili 28 nieprawid\u0142owo\u015bci. 10 stycznia bie\u017c\u0105cego roku cz\u0119stochowscy stra\u017cnicy miejscy otrzymali od Urz\u0119du Miasta eko drona, kt\u00f3ry r\u00f3wnie\u017c b\u0119dzie u\u017cywany podczas kontroli. Dron b\u0119dzie wskazywa\u0142 posesje, z kt\u00f3rych wydobywa si\u0119 zanieczyszczony dym.<\/p>\n\n\n\n<p>\u0179r\u00f3d\u0142o: www.sm.czestochowa.pl<\/p>\n","protected":false},"excerpt":{"rendered":"<p>Stra\u017c Miejska w Cz\u0119stochowie przypomina, \u017ce w domowych piecach nie wolno spala\u0107 \u015bmieci, bo to przyczynia si\u0119 do powstania smogu. Wsp\u00f3lnie zadbajmy o czyste<\/p>\n","protected":false},"author":25,"featured_media":62922,"comment_status":"closed","ping_status":"open","sticky":false,"template":"","format":"standard","meta":{"_monsterinsights_skip_tracking":false,"_monsterinsights_sitenote_active":false,"_monsterinsights_sitenote_note":"","_monsterinsights_sitenote_category":0,"_uf_show_specific_survey":0,"_uf_disable_surveys":false,"footnotes":""},"categories":[2,3],"tags":[],"class_list":["post-120150","post","type-post","status-publish","format-standard","has-post-thumbnail","hentry","category-wiadomosci","category-czestochowa-informacje"],"_links":{"self":[{"href":"https:\/\/gazetaregionalna.com\/index.php?rest_route=\/wp\/v2\/posts\/120150","targetHints":{"allow":["GET"]}}],"collection":[{"href":"https:\/\/gazetaregionalna.com\/index.php?rest_route=\/wp\/v2\/posts"}],"about":[{"href":"https:\/\/gazetaregionalna.com\/index.php?rest_route=\/wp\/v2\/types\/post"}],"author":[{"embeddable":true,"href":"https:\/\/gazetaregionalna.com\/index.php?rest_route=\/wp\/v2\/users\/25"}],"replies":[{"embeddable":true,"href":"https:\/\/gazetaregionalna.com\/index.php?rest_route=%2Fwp%2Fv2%2Fcomments&post=120150"}],"version-history":[{"count":1,"href":"https:\/\/gazetaregionalna.com\/index.php?rest_route=\/wp\/v2\/posts\/120150\/revisions"}],"predecessor-version":[{"id":120151,"href":"https:\/\/gazetaregionalna.com\/index.php?rest_route=\/wp\/v2\/posts\/120150\/revisions\/120151"}],"wp:featuredmedia":[{"embeddable":true,"href":"https:\/\/gazetaregionalna.com\/index.php?rest_route=\/wp\/v2\/media\/62922"}],"wp:attachment":[{"href":"https:\/\/gazetaregionalna.com\/index.php?rest_route=%2Fwp%2Fv2%2Fmedia&parent=120150"}],"wp:term":[{"taxonomy":"category","embeddable":true,"href":"https:\/\/gazetaregionalna.com\/index.php?rest_route=%2Fwp%2Fv2%2Fcategories&post=120150"},{"taxonomy":"post_tag","embeddable":true,"href":"https:\/\/gazetaregionalna.com\/index.php?rest_route=%2Fwp%2Fv2%2Ftags&post=120150"}],"curies":[{"name":"wp","href":"https:\/\/api.w.org\/{rel}","templated":true}]}}