{"id":119968,"date":"2024-01-08T07:31:03","date_gmt":"2024-01-08T07:31:03","guid":{"rendered":"https:\/\/gazetaregionalna.com\/?p=119968"},"modified":"2024-01-08T07:31:05","modified_gmt":"2024-01-08T07:31:05","slug":"miasto-ponownie-zadbalo-o-osoby-bezdomne-straznicy-miejscy-rozwiezli-45-cieplych-zup-herbate-i-koldry","status":"publish","type":"post","link":"https:\/\/gazetaregionalna.com\/?p=119968","title":{"rendered":"Miasto ponownie zadba\u0142o o osoby bezdomne. Stra\u017cnicy miejscy rozwie\u017ali 45 ciep\u0142ych zup, herbat\u0119 i ko\u0142dry&#8230;"},"content":{"rendered":"\n<p>Okres zimowy to trudny czas dla os\u00f3b bezdomnych, szczeg\u00f3lnie teraz, kiedy za oknami le\u017cy \u015bnieg i jest du\u017cy mr\u00f3z. Cz\u0119stochowscy stra\u017cnicy miejscy kontrolowali z niedzieli na poniedzia\u0142ek pustostany i wsp\u00f3lnie ze streetworkerami rozdawali osobom bezdomnym ciep\u0142e po\u017cywienie, gor\u0105c\u0105 herbat\u0119 i ko\u0142dry.<\/p>\n\n\n\n<p>Z niedzieli na poniedzia\u0142ek stra\u017cnicy miejscy wsp\u00f3lnie ze streetworkerami kontrolowali pustostany i inne miejsca, gdzie gromadz\u0105 si\u0119 osoby bezdomne i rozdawali ciep\u0142e po\u017cywienie, gor\u0105c\u0105 herbat\u0119, a tak\u017ce ko\u0142dry je\u015bli kto\u015b potrzebowa\u0142. Bezdomni informowani byli te\u017c, \u017ce mog\u0105 skorzysta\u0107 z ogrzewalni i noclegowni, a w trakcie dnia z miejsc, gdzie wydawana jest \u017cywno\u015b\u0107.<\/p>\n\n\n\n<p>W trakcie dzia\u0142a\u0144, kt\u00f3re by\u0142y prowadzone w godz. 18-2 dokonano kontroli 36 miejsc, gdzie najcz\u0119\u015bciej przebywaj\u0105 osoby bezdomne. Stra\u017cnicy miejscy i streetworkerzy zastali 45 os\u00f3b, kt\u00f3rym wydano 45 porcji gor\u0105cych posi\u0142k\u00f3w. 6 os\u00f3b otrzyma\u0142o te\u017c ko\u0142dry.<\/p>\n\n\n\n<p>Akcja \u201eZima\u201d &#8211; kt\u00f3ra obejmuje w\u0142a\u015bnie takie dzia\u0142ania &#8211; jest organizowana przez Partnerstwo Lokalne na rzecz przeciwdzia\u0142ania bezdomno\u015bci na terenie Gminy Miasta Cz\u0119stochowy, a koordynowana przez Miejski O\u015brodek Pomocy Spo\u0142ecznej. Gor\u0105cy posi\u0142ek przygotowuje Adullam. W sk\u0142ad patroli opr\u00f3cz funkcjonariuszy Stra\u017cy Miejskiej wchodz\u0105 te\u017c streetworkerzy z Caritas Archidiecezji Cz\u0119stochowskiej oraz Stowarzyszenia Wzajemnej Pomocy ,,AGAPE\u201d. Przebieg akcji oraz jej czas s\u0105 na bie\u017c\u0105co uzgadniane ze s\u0142u\u017cbami \u2013 Stra\u017c\u0105 Miejsk\u0105, streetworkerami oraz organizacjami pozarz\u0105dowymi \u2013 tak by by\u0142a jak najbardziej skuteczna.<\/p>\n\n\n\n<p>Najbli\u017csze prognozy nie s\u0105 optymistyczne. Dzia\u0142ania b\u0119d\u0105 prowadzone przez stra\u017cnik\u00f3w miejskich przez najbli\u017csze dni.<\/p>\n\n\n\n<p>Wszyscy winni\u015bmy wykaza\u0107 si\u0119 wzmo\u017con\u0105 czujno\u015bci\u0105 i zwraca\u0107 uwag\u0119 na sytuacj\u0119 os\u00f3b w kryzysie bezdomno\u015bci oraz wszystkich innych, kt\u00f3rzy przebywaj\u0105 na zewn\u0105trz, a mog\u0105 wymaga\u0107 wsparcia i pomocy. Czasem jedynie szybka interwencja mo\u017ce uchroni\u0107 osob\u0119 przed powa\u017cnym wych\u0142odzeniem, a nawet ocali\u0107 jej \u017cycie. Zg\u0142aszajmy takie sytuacje w\u0142a\u015bciwym s\u0142u\u017cbom. Oto wa\u017cne numery:<\/p>\n\n\n\n<p>\u2013 Stra\u017c Miejska \u2013 986<\/p>\n\n\n\n<p>\u2013 Sekcja ds. Przeciwdzia\u0142ania Bezdomno\u015bci MOPS w Cz\u0119stochowie \u2013 tel. 34 324 38 22<\/p>\n\n\n\n<p>\u2013 bezp\u0142atna, ca\u0142odobowa wojew\u00f3dzka infolinia dla ludzi do\u015bwiadczaj\u0105cych bezdomno\u015bci, szukaj\u0105cych bezpiecznego noclegu czy posi\u0142ku \u2013 987<\/p>\n\n\n\n<p>\u2013 og\u00f3lnopolski numer alarmowy \u2013 112<\/p>\n\n\n\n<p>Stra\u017c Miejska apeluje do mieszkanek i mieszka\u0144c\u00f3w Cz\u0119stochowy o zg\u0142aszanie pobytu os\u00f3b bezdomnych i samotnych, kt\u00f3re mog\u0105 by\u0107 nara\u017cone na wych\u0142odzenie organizmu. Telefon alarmowy do Stra\u017cy Miejskiej to 986. Tylko szybka interwencja mo\u017ce uchroni\u0107 osob\u0119 bezdomn\u0105 przed powa\u017cnym wych\u0142odzeniem.<\/p>\n\n\n\n<p>\u0179r\u00f3d\u0142o: www.sm.czestochowa.pl<\/p>\n","protected":false},"excerpt":{"rendered":"<p>Okres zimowy to trudny czas dla os\u00f3b bezdomnych, szczeg\u00f3lnie teraz, kiedy za oknami le\u017cy \u015bnieg i jest du\u017cy mr\u00f3z. Cz\u0119stochowscy stra\u017cnicy miejscy kontrolowali z<\/p>\n","protected":false},"author":25,"featured_media":119970,"comment_status":"closed","ping_status":"open","sticky":false,"template":"","format":"standard","meta":{"_monsterinsights_skip_tracking":false,"_monsterinsights_sitenote_active":false,"_monsterinsights_sitenote_note":"","_monsterinsights_sitenote_category":0,"_uf_show_specific_survey":0,"_uf_disable_surveys":false,"footnotes":""},"categories":[94,3,2],"tags":[],"class_list":["post-119968","post","type-post","status-publish","format-standard","has-post-thumbnail","hentry","category-polecane","category-czestochowa-informacje","category-wiadomosci"],"_links":{"self":[{"href":"https:\/\/gazetaregionalna.com\/index.php?rest_route=\/wp\/v2\/posts\/119968","targetHints":{"allow":["GET"]}}],"collection":[{"href":"https:\/\/gazetaregionalna.com\/index.php?rest_route=\/wp\/v2\/posts"}],"about":[{"href":"https:\/\/gazetaregionalna.com\/index.php?rest_route=\/wp\/v2\/types\/post"}],"author":[{"embeddable":true,"href":"https:\/\/gazetaregionalna.com\/index.php?rest_route=\/wp\/v2\/users\/25"}],"replies":[{"embeddable":true,"href":"https:\/\/gazetaregionalna.com\/index.php?rest_route=%2Fwp%2Fv2%2Fcomments&post=119968"}],"version-history":[{"count":1,"href":"https:\/\/gazetaregionalna.com\/index.php?rest_route=\/wp\/v2\/posts\/119968\/revisions"}],"predecessor-version":[{"id":119971,"href":"https:\/\/gazetaregionalna.com\/index.php?rest_route=\/wp\/v2\/posts\/119968\/revisions\/119971"}],"wp:featuredmedia":[{"embeddable":true,"href":"https:\/\/gazetaregionalna.com\/index.php?rest_route=\/wp\/v2\/media\/119970"}],"wp:attachment":[{"href":"https:\/\/gazetaregionalna.com\/index.php?rest_route=%2Fwp%2Fv2%2Fmedia&parent=119968"}],"wp:term":[{"taxonomy":"category","embeddable":true,"href":"https:\/\/gazetaregionalna.com\/index.php?rest_route=%2Fwp%2Fv2%2Fcategories&post=119968"},{"taxonomy":"post_tag","embeddable":true,"href":"https:\/\/gazetaregionalna.com\/index.php?rest_route=%2Fwp%2Fv2%2Ftags&post=119968"}],"curies":[{"name":"wp","href":"https:\/\/api.w.org\/{rel}","templated":true}]}}